{"id":80345,"date":"2025-11-24T10:32:12","date_gmt":"2025-11-24T13:32:12","guid":{"rendered":"http:\/\/sol.fm.br\/radio\/?p=80345"},"modified":"2025-11-24T10:32:14","modified_gmt":"2025-11-24T13:32:14","slug":"secretario-da-agricultura-confirma-zonas-de-exclusao-do-24-d-no-rio-grande-do-sul","status":"publish","type":"post","link":"http:\/\/sol.fm.br\/radio\/secretario-da-agricultura-confirma-zonas-de-exclusao-do-24-d-no-rio-grande-do-sul\/","title":{"rendered":"Secret\u00e1rio da Agricultura confirma zonas de exclus\u00e3o do 2,4-D no Rio Grande do Sul"},"content":{"rendered":"<div id=\"dslc-theme-content\"><div id=\"dslc-theme-content-inner\"><p style=\"text-align: center;\"><em>Representantes do Ibraoliva receberam detalhamento das \u00e1reas e apresentaram propostas para ampliar prote\u00e7\u00e3o<\/em><\/p>\n<p>O secret\u00e1rio estadual da Agricultura do Rio Grande do Sul, Edivilson Brum, confirmou em reuni\u00e3o com dirigentes do Instituto Brasileiro de Olivicultura (Ibraoliva) que o Estado adotar\u00e1 decreto estabelecendo zonas de exclus\u00e3o para o uso do herbicida 2,4-D. As \u00e1reas previstas inicialmente abrangem regi\u00f5es da Fronteira Oeste, do Pampa e o entorno de Jaguari.<\/p>\n<p>O encontro ocorreu com o presidente Fl\u00e1vio Obino Filho, o diretor jur\u00eddico Jorge Buchabqui e o diretor especial para assuntos de herbicidas hormonais, Marcelo Lobo. Lobo avaliou positivamente o an\u00fancio e informou que existem produtores impactados fora do per\u00edmetro contemplado no decreto. O diretor explicou que <em>\"o Ibraoliva est\u00e1 realizando um mapeamento nacional dos pomares e apresentar\u00e1 posteriormente \u00e0 Secretaria uma proposta de amplia\u00e7\u00e3o das zonas de exclus\u00e3o pr\u00f3ximas a \u00e1reas sens\u00edveis que n\u00e3o estar\u00e3o cobertas na fase inicial da regulamenta\u00e7\u00e3o\".<\/em><\/p>\n<p>Outros temas tamb\u00e9m foram tratados na reuni\u00e3o. Entre eles, o semin\u00e1rio binacional do Bioma Pampa e o 6\u00ba Encontro Estadual de Olivicultura, que ocorrer\u00e3o nos dias 4 e 5 de dezembro, em Bag\u00e9 (RS). A possibilidade de transferir a Festa de Abertura da Colheita para abril, com formata\u00e7\u00e3o de feira de neg\u00f3cios da cadeia, tamb\u00e9m esteve na pauta.<\/p>\n<p>Foram debatidas ainda a normatiza\u00e7\u00e3o sobre a periodicidade das informa\u00e7\u00f5es de volume de azeite produzido pelos lagares do Estado e diretrizes para a certifica\u00e7\u00e3o de mudas de oliveira provenientes de outros estados e do exterior para o Rio Grande do Sul.<\/p>\n<hr \/>\n<h6><strong>AgroEffective | Assessoria de Comunica\u00e7\u00e3o do Instituto Brasileiro de Olivicultura (Ibraoliva) | <span style=\"font-size: revert; color: initial;\">Foto: Ibraoliva\/Divulga\u00e7\u00e3o | <\/span><span style=\"font-size: revert; color: initial;\">Texto: Nestor Tipa J\u00fanior\/AgroEffective<\/span><\/strong><\/h6>\n\n\n<center><iframe loading=\"lazy\" class=\"jmvplayer\" src=\"https:\/\/player.jmvstream.com\/lvw\/YYGWo5wfZuZ8fEW7Qoq1ISwhLSEDhU\" allowfullscreen allow=\"autoplay; fullscreen\" frameborder=\"0\" width=\"640\" height=\"360\" ><\/iframe><\/center>\n<\/div><\/div>","protected":false},"excerpt":{"rendered":"<p>Representantes do Ibraoliva receberam detalhamento das \u00e1reas e apresentaram propostas para ampliar prote\u00e7\u00e3o O secret\u00e1rio estadual da Agricultura do Rio Grande do Sul, Edivilson Brum, confirmou em reuni\u00e3o com dirigentes do Instituto Brasileiro de Olivicultura (Ibraoliva) que o Estado adotar\u00e1 decreto estabelecendo zonas de exclus\u00e3o para o uso do herbicida 2,4-D. As \u00e1reas previstas inicialmente [&hellip;]<\/p>\n","protected":false},"author":4,"featured_media":80346,"comment_status":"open","ping_status":"open","sticky":false,"template":"","format":"standard","meta":{"footnotes":""},"categories":[1],"tags":[],"class_list":["post-80345","post","type-post","status-publish","format-standard","has-post-thumbnail","hentry","category-sem-categoria"],"_links":{"self":[{"href":"http:\/\/sol.fm.br\/radio\/wp-json\/wp\/v2\/posts\/80345","targetHints":{"allow":["GET"]}}],"collection":[{"href":"http:\/\/sol.fm.br\/radio\/wp-json\/wp\/v2\/posts"}],"about":[{"href":"http:\/\/sol.fm.br\/radio\/wp-json\/wp\/v2\/types\/post"}],"author":[{"embeddable":true,"href":"http:\/\/sol.fm.br\/radio\/wp-json\/wp\/v2\/users\/4"}],"replies":[{"embeddable":true,"href":"http:\/\/sol.fm.br\/radio\/wp-json\/wp\/v2\/comments?post=80345"}],"version-history":[{"count":1,"href":"http:\/\/sol.fm.br\/radio\/wp-json\/wp\/v2\/posts\/80345\/revisions"}],"predecessor-version":[{"id":80347,"href":"http:\/\/sol.fm.br\/radio\/wp-json\/wp\/v2\/posts\/80345\/revisions\/80347"}],"wp:featuredmedia":[{"embeddable":true,"href":"http:\/\/sol.fm.br\/radio\/wp-json\/wp\/v2\/media\/80346"}],"wp:attachment":[{"href":"http:\/\/sol.fm.br\/radio\/wp-json\/wp\/v2\/media?parent=80345"}],"wp:term":[{"taxonomy":"category","embeddable":true,"href":"http:\/\/sol.fm.br\/radio\/wp-json\/wp\/v2\/categories?post=80345"},{"taxonomy":"post_tag","embeddable":true,"href":"http:\/\/sol.fm.br\/radio\/wp-json\/wp\/v2\/tags?post=80345"}],"curies":[{"name":"wp","href":"https:\/\/api.w.org\/{rel}","templated":true}]}}