{"id":80348,"date":"2025-11-24T10:40:13","date_gmt":"2025-11-24T13:40:13","guid":{"rendered":"http:\/\/sol.fm.br\/radio\/?p=80348"},"modified":"2025-11-24T10:40:15","modified_gmt":"2025-11-24T13:40:15","slug":"da-formacao-em-fisica-ao-empreendedorismo-a-trajetoria-que-encontrou-proposito-na-tz-viagens","status":"publish","type":"post","link":"http:\/\/sol.fm.br\/radio\/da-formacao-em-fisica-ao-empreendedorismo-a-trajetoria-que-encontrou-proposito-na-tz-viagens\/","title":{"rendered":"Da forma\u00e7\u00e3o em F\u00edsica ao empreendedorismo: a trajet\u00f3ria que encontrou prop\u00f3sito na TZ Viagens"},"content":{"rendered":"<div id=\"dslc-theme-content\"><div id=\"dslc-theme-content-inner\"><p><span data-olk-copy-source=\"MessageBody\">A hist\u00f3ria de Cristiane Kato, franqueada h\u00e1 um ano da\u00a0<a title=\"https:\/\/tzviagens.com.br\" href=\"https:\/\/tzviagens.com.br\/\" target=\"_blank\" rel=\"noreferrer noopener\" shape=\"rect\" data-auth=\"NotApplicable\" data-linkindex=\"0\">TZ Viagens<\/a>\u00a0no modelo home based em S\u00e3o Paulo, revela uma transi\u00e7\u00e3o cada vez mais comum entre profissionais altamente qualificados que buscam autonomia, flexibilidade e um novo sentido para a carreira. Formada em F\u00edsica pela USP, Cristiane iniciou sua trajet\u00f3ria no setor banc\u00e1rio, onde viveu anos de intenso rigor anal\u00edtico. Depois, seguiu para o segmento de mobilidade e viagens corporativas, assumindo posi\u00e7\u00f5es de lideran\u00e7a que aprofundaram sua familiaridade com o mercado de trabalho e ampliaram sua vis\u00e3o sobre o comportamento do consumidor de viagens no pa\u00eds.<\/span><\/p>\n<p><img loading=\"lazy\" decoding=\"async\" class=\"size-medium wp-image-80350 alignleft\" src=\"http:\/\/sol.fm.br\/radio\/wp-content\/uploads\/2025\/11\/61-3-300x400.jpg\" alt=\"\" width=\"300\" height=\"400\" srcset=\"http:\/\/sol.fm.br\/radio\/wp-content\/uploads\/2025\/11\/61-3-300x400.jpg 300w, http:\/\/sol.fm.br\/radio\/wp-content\/uploads\/2025\/11\/61-3-768x1025.jpg 768w, http:\/\/sol.fm.br\/radio\/wp-content\/uploads\/2025\/11\/61-3.jpg 959w\" sizes=\"auto, (max-width: 300px) 100vw, 300px\" \/><\/p>\n<p>Mesmo com uma carreira consolidada, Cristiane come\u00e7ou a sentir que a rotina corporativa j\u00e1 n\u00e3o dialogava com o futuro que desejava para si. A falta de flexibilidade e a dist\u00e2ncia crescente entre prop\u00f3sito e pr\u00e1tica tornaram a mudan\u00e7a inevit\u00e1vel. \u201c<em>Chegou um momento em que eu precisava conciliar vida e trabalho de um jeito mais leve. Eu queria poder decidir meus hor\u00e1rios, trabalhar de qualquer lugar e me dedicar a algo que realmente fizesse sentido para mim<\/em>\u201d, conta. A paix\u00e3o por viajar, presente tanto na vida pessoal quanto no hist\u00f3rico profissional, acabou iluminando o caminho do empreendedorismo.<\/p>\n<p>A transi\u00e7\u00e3o ganhou for\u00e7a quando ela conheceu a\u00a0<a title=\"https:\/\/tzviagens.com.br\" href=\"https:\/\/tzviagens.com.br\/\" target=\"_blank\" rel=\"noreferrer noopener\" shape=\"rect\" data-auth=\"NotApplicable\" data-linkindex=\"1\">TZ Viagens<\/a>, a maior rede multimarcas de ag\u00eancias de viagem do franchising, que hoje soma 309 unidades no pa\u00eds. Cristiane relata que a identifica\u00e7\u00e3o foi imediata: <em>\u201cO que mais me chamou aten\u00e7\u00e3o foi a combina\u00e7\u00e3o de estrutura s\u00f3lida com total liberdade de opera\u00e7\u00e3o. Era exatamente o que eu buscava. Apoio sem engessamento, profissionalismo sem perder a autonomia.<\/em>\u201d A visita ao estande da marca na ABF Franchising Expo apenas refor\u00e7ou a decis\u00e3o: <em>\u201cNa feira eu tive certeza de que era isso. A equipe foi acolhedora, clara e transparente. Eu senti que n\u00e3o estaria sozinha.\u201d<\/em><\/p>\n<p>O processo de implanta\u00e7\u00e3o, segundo Cristiane, foi leve e seguro, com suporte integral desde o primeiro contato at\u00e9 o in\u00edcio das opera\u00e7\u00f5es. A fase de adapta\u00e7\u00e3o ao empreendedorismo exigiu ajustes de rotina, const\u00e2ncia na prospec\u00e7\u00e3o e participa\u00e7\u00e3o ativa nos treinamentos, movimentos que ela considera essenciais. \u201c<em>Empreender exige disciplina, mas tamb\u00e9m d\u00e1 uma liberdade que n\u00e3o tem pre\u00e7o. Hoje eu sinto que estou no lugar certo<\/em>\u201d, afirma.<\/p>\n<p>Para o CEO e fundador da\u00a0<a title=\"https:\/\/tzviagens.com.br\" href=\"https:\/\/tzviagens.com.br\/\" target=\"_blank\" rel=\"noreferrer noopener\" shape=\"rect\" data-auth=\"NotApplicable\" data-linkindex=\"2\">TZ Viagens<\/a>, Paulo Manuel, hist\u00f3rias como a de Cristiane refletem um movimento crescente no mercado de turismo. <em>\u201cCada vez mais profissionais experientes est\u00e3o buscando novos caminhos de carreira, e o modelo home based permite exatamente isso: empreender com estrutura, seguran\u00e7a e flexibilidade. O setor est\u00e1 em expans\u00e3o e recebe muito bem esse perfil de franqueado, que traz bagagem, vis\u00e3o e capacidade de gest\u00e3o<\/em>\u201d, destaca.<\/p>\n<p>Um ano ap\u00f3s a virada de chave, Cristiane avalia que a decis\u00e3o mudou sua rela\u00e7\u00e3o com o trabalho e ampliou suas perspectivas de futuro. \u201c<em>Hoje eu tenho qualidade de vida e realizo um trabalho que me deixa feliz. A\u00a0<a title=\"https:\/\/tzviagens.com.br\" href=\"https:\/\/tzviagens.com.br\/\" target=\"_blank\" rel=\"noreferrer noopener\" shape=\"rect\" data-auth=\"NotApplicable\" data-linkindex=\"3\">TZ Viagens<\/a>\u00a0me permitiu construir uma rotina que conversa com quem eu sou<\/em>\u201d, diz. Para ela, o equil\u00edbrio entre autonomia e suporte foi determinante para uma transi\u00e7\u00e3o bem-sucedida: <em>\u201cEu n\u00e3o queria abrir m\u00e3o da liberdade, mas tamb\u00e9m n\u00e3o queria come\u00e7ar do zero sozinha. A franquia me deu exatamente o meio-termo que eu buscava.\u201d<\/em><\/p>\n<p>O movimento de executivos que deixam o mundo corporativo para empreender em franquias de turismo segue ganhando for\u00e7a. E trajet\u00f3rias como a de Cristiane ajudam a explicar por qu\u00ea. Com modelos enxutos, opera\u00e7\u00e3o remota e demanda crescente por viagens, o setor tem se mostrado um dos mais atraentes para quem busca uma reconex\u00e3o entre carreira, prop\u00f3sito e estilo de vida.<\/p>\n<hr \/>\n<h6><strong>Accrux Comunica\u00e7\u00e3o e Marketing | Fotos: Divulga\u00e7\u00e3o e Arquivo Pessoal<\/strong><\/h6>\n\n\n<center><iframe loading=\"lazy\" class=\"jmvplayer\" src=\"https:\/\/player.jmvstream.com\/lvw\/YYGWo5wfZuZ8fEW7Qoq1ISwhLSEDhU\" allowfullscreen allow=\"autoplay; fullscreen\" frameborder=\"0\" width=\"640\" height=\"360\" ><\/iframe><\/center>\n<\/div><\/div>","protected":false},"excerpt":{"rendered":"<p>A hist\u00f3ria de Cristiane Kato, franqueada h\u00e1 um ano da\u00a0TZ Viagens\u00a0no modelo home based em S\u00e3o Paulo, revela uma transi\u00e7\u00e3o cada vez mais comum entre profissionais altamente qualificados que buscam autonomia, flexibilidade e um novo sentido para a carreira. Formada em F\u00edsica pela USP, Cristiane iniciou sua trajet\u00f3ria no setor banc\u00e1rio, onde viveu anos de [&hellip;]<\/p>\n","protected":false},"author":4,"featured_media":80349,"comment_status":"open","ping_status":"open","sticky":false,"template":"","format":"standard","meta":{"footnotes":""},"categories":[1],"tags":[],"class_list":["post-80348","post","type-post","status-publish","format-standard","has-post-thumbnail","hentry","category-sem-categoria"],"_links":{"self":[{"href":"http:\/\/sol.fm.br\/radio\/wp-json\/wp\/v2\/posts\/80348","targetHints":{"allow":["GET"]}}],"collection":[{"href":"http:\/\/sol.fm.br\/radio\/wp-json\/wp\/v2\/posts"}],"about":[{"href":"http:\/\/sol.fm.br\/radio\/wp-json\/wp\/v2\/types\/post"}],"author":[{"embeddable":true,"href":"http:\/\/sol.fm.br\/radio\/wp-json\/wp\/v2\/users\/4"}],"replies":[{"embeddable":true,"href":"http:\/\/sol.fm.br\/radio\/wp-json\/wp\/v2\/comments?post=80348"}],"version-history":[{"count":1,"href":"http:\/\/sol.fm.br\/radio\/wp-json\/wp\/v2\/posts\/80348\/revisions"}],"predecessor-version":[{"id":80351,"href":"http:\/\/sol.fm.br\/radio\/wp-json\/wp\/v2\/posts\/80348\/revisions\/80351"}],"wp:featuredmedia":[{"embeddable":true,"href":"http:\/\/sol.fm.br\/radio\/wp-json\/wp\/v2\/media\/80349"}],"wp:attachment":[{"href":"http:\/\/sol.fm.br\/radio\/wp-json\/wp\/v2\/media?parent=80348"}],"wp:term":[{"taxonomy":"category","embeddable":true,"href":"http:\/\/sol.fm.br\/radio\/wp-json\/wp\/v2\/categories?post=80348"},{"taxonomy":"post_tag","embeddable":true,"href":"http:\/\/sol.fm.br\/radio\/wp-json\/wp\/v2\/tags?post=80348"}],"curies":[{"name":"wp","href":"https:\/\/api.w.org\/{rel}","templated":true}]}}