{"id":80352,"date":"2025-11-24T10:46:32","date_gmt":"2025-11-24T13:46:32","guid":{"rendered":"http:\/\/sol.fm.br\/radio\/?p=80352"},"modified":"2025-11-24T10:46:34","modified_gmt":"2025-11-24T13:46:34","slug":"prova-amb-amrigs-2025-registra-recorde-historico-de-participantes-e-demonstra-relevancia-nacional-do-exame","status":"publish","type":"post","link":"http:\/\/sol.fm.br\/radio\/prova-amb-amrigs-2025-registra-recorde-historico-de-participantes-e-demonstra-relevancia-nacional-do-exame\/","title":{"rendered":"Prova AMB\/AMRIGS 2025 registra recorde hist\u00f3rico de participantes e demonstra relev\u00e2ncia nacional do exame"},"content":{"rendered":"<div id=\"dslc-theme-content\"><div id=\"dslc-theme-content-inner\"><p style=\"text-align: center;\"><i data-olk-copy-source=\"MessageBody\">Avalia\u00e7\u00e3o alcan\u00e7ou mais de 9.700 candidatos homologados, o maior n\u00famero da hist\u00f3ria<\/i><\/p>\n<div>\n<div>A Prova AMB\/AMRIGS 2025, aplicada neste domingo, dia 23 de novembro, registrou um marco in\u00e9dito ao reunir 9.730 candidatos homologados, consolidando-se como uma das principais etapas de sele\u00e7\u00e3o para acesso \u00e0s resid\u00eancias m\u00e9dicas no pa\u00eds. O volume recorde evidencia a confian\u00e7a da comunidade m\u00e9dica no exame e refor\u00e7a o crescente interesse por qualifica\u00e7\u00e3o e desenvolvimento profissional.\u00a0Para o presidente da Associa\u00e7\u00e3o M\u00e9dica do Rio Grande do Sul (AMRIGS), Dr. Gerson Junqueira Jr., o resultado simboliza o papel estrat\u00e9gico da entidade na forma\u00e7\u00e3o m\u00e9dica.\n<div aria-hidden=\"true\">\u00a0<\/div>\n<div><em>\u201cEstamos diante do principal patrim\u00f4nio pedag\u00f3gico da Associa\u00e7\u00e3o M\u00e9dica do Rio Grande do Sul. Estamos realizando, em 2025, a 54\u00aa edi\u00e7\u00e3o do exame, aplicado ininterruptamente desde 1971. Ao longo de mais de cinco d\u00e9cadas, a AMRIGS se dedica integralmente \u00e0 elabora\u00e7\u00e3o, aplica\u00e7\u00e3o, corre\u00e7\u00e3o e divulga\u00e7\u00e3o dos resultados, sempre com rigor t\u00e9cnico e compromisso institucional\u201d<\/em>, afirmou.<\/div>\n<div aria-hidden=\"true\">\u00a0<\/div>\n<div>O processo tem impacto direto na trajet\u00f3ria dos futuros m\u00e9dicos.\u00a0<\/div>\n<div aria-hidden=\"true\">\u00a0<\/div>\n<div>\u201cC<em>onsideramos a resid\u00eancia m\u00e9dica o padr\u00e3o ouro da especializa\u00e7\u00e3o para um jovem formado em Medicina. Por isso, nosso foco \u00e9 construir uma avalia\u00e7\u00e3o capaz de medir o conhecimento acumulado nas cinco grandes \u00e1reas e nas demais especialidades que exigem dom\u00ednio t\u00e9cnico. A partir desse resultado, o candidato pode ingressar em uma resid\u00eancia, se especializar e se qualificar como m\u00e9dico especialista, garantindo uma pr\u00e1tica de qualidade e resolutividade para a sociedade<\/em>\u201d, acrescentou.\u00a0<\/div>\n<\/div>\n<div aria-hidden=\"true\">\u00a0<\/div>\n<div>Coordenador do exame, o cirurgi\u00e3o Dr. Ant\u00f4nio Carlos Weston ressaltou o avan\u00e7o t\u00e9cnico e estrutural alcan\u00e7ado em 2025.<\/div>\n<div aria-hidden=\"true\">\u00a0<\/div>\n<div>\u201c<em>A avalia\u00e7\u00e3o da Prova AMB\/AMRIGS 2025 \u00e9 extremamente positiva. O exame reafirma sua trajet\u00f3ria de crescimento dos \u00faltimos anos, alcan\u00e7ando 9.730 participantes homologados, um recorde em mais de meio s\u00e9culo de exist\u00eancia. Esse marco confirma a expans\u00e3o cont\u00ednua da avalia\u00e7\u00e3o e projeta perspectivas ainda maiores para o pr\u00f3ximo ano<\/em>\u201d, declarou.<\/div>\n<div aria-hidden=\"true\">\u00a0<\/div>\n<div>O procedimento de elabora\u00e7\u00e3o das quest\u00f5es, constru\u00e7\u00e3o dos editais e aplica\u00e7\u00e3o \u00e9 complexo e a cada ano evolui para assegurar a qualidade t\u00e9cnica em todas as etapas do processo.\u00a0<\/div>\n<div aria-hidden=\"true\">\u00a0<\/div>\n<div><em>\u201cH\u00e1 um trabalho altamente profissional por tr\u00e1s de tudo, com uma banca que elabora e discute cada quest\u00e3o sob rigor t\u00e9cnico, did\u00e1tico e pedag\u00f3gico. Essa dedica\u00e7\u00e3o permanente d\u00e1 ainda mais credibilidade ao exame e garante que o resultado reflita, de fato, a prepara\u00e7\u00e3o dos candidatos. \u00c9 o trabalho de um ano inteiro que se concretiza no dia da aplica\u00e7\u00e3o da prova<\/em>\u201d, completou Dr. Weston.<\/div>\n<div aria-hidden=\"true\">\u00a0<\/div>\n<div>Entre os inscritos, Rodrigo Scherer, que realizou o exame em Porto Alegre, relatou sua prepara\u00e7\u00e3o dedicada e o desejo de seguir para a Neurocirurgia. <em>\u201cEstou bem confiante. Estudei bastante e quero seguir para a \u00e1rea de Neurocirurgia. A prova, no geral, \u00e9 boa, mas sempre tem aquelas quest\u00f5es mais dif\u00edceis, que cobram conte\u00fados fora do que estamos mais acostumados<\/em>\u201d, afirmou.<\/div>\n<div aria-hidden=\"true\">\u00a0<\/div>\n<div>Para ele, o dia simboliza um passo decisivo para quem projeta uma trajet\u00f3ria s\u00f3lida na Medicina. <em>\u201cEntrar na resid\u00eancia \u00e9 muito importante, especialmente em um cen\u00e1rio em que tantos m\u00e9dicos se formam todos os anos. A resid\u00eancia acaba sendo um grande diferencial para quem deseja avan\u00e7ar na profiss\u00e3o\u201d,<\/em> destacou.<\/div>\n<div aria-hidden=\"true\">\u00a0<\/div>\n<div>A aplica\u00e7\u00e3o ocorreu em institui\u00e7\u00f5es de ensino superior distribu\u00eddas por todas as regi\u00f5es do pa\u00eds. No Norte, receberam participantes o IES \u2013 Instituto Educacional Soma (Cacoal) e o centro da UNIMAX Servi\u00e7os Educacionais \u2013 Unopar (Porto Velho). No Centro-Oeste, o Multioso 1 da UFMS concentrou os inscritos em Campo Grande.<\/div>\n<div aria-hidden=\"true\">\u00a0<\/div>\n<div>O Sul reuniu o maior conjunto de locais, com estruturas no Instituto Estadual de Educa\u00e7\u00e3o de Santa Catarina (Florian\u00f3polis), UNISOCIESC (Joinville), Faculdade de Medicina \u2013 Campus II (Passo Fundo), PUCRS \u2013 Pr\u00e9dios 50 e 32 (Porto Alegre), UNISC (Santa Cruz do Sul), UFSM (Santa Maria), Caminho Rede de Ensino (Caxias do Sul), UFFS (Chapec\u00f3), UNESC (Crici\u00fama), UNIPLAC (Lages), UFPel (Pelotas), al\u00e9m de unidades em S\u00e3o Paulo (Col\u00e9gio M\u00f3dulo), Minas Gerais (SUPREMA \u2013 Faculdade de Ci\u00eancias M\u00e9dicas, em Tr\u00eas Rios) e Rio de Janeiro (UGB \u2013 Centro Universit\u00e1rio Geraldo Di Biase, em Volta Redonda).<\/div>\n<div aria-hidden=\"true\">\u00a0<\/div>\n<div>No estado do Rio de Janeiro, tamb\u00e9m houve aplica\u00e7\u00e3o no CCMN da UFRJ, no Bloco F2, localizado na Cidade Universit\u00e1ria da Ilha do Fund\u00e3o.<\/div>\n<div>\u00a0<\/div>\n<div><img loading=\"lazy\" decoding=\"async\" class=\"alignnone size-medium wp-image-80354 aligncenter\" src=\"http:\/\/sol.fm.br\/radio\/wp-content\/uploads\/2025\/11\/71-1-400x300.jpg\" alt=\"\" width=\"400\" height=\"300\" srcset=\"http:\/\/sol.fm.br\/radio\/wp-content\/uploads\/2025\/11\/71-1-400x300.jpg 400w, http:\/\/sol.fm.br\/radio\/wp-content\/uploads\/2025\/11\/71-1-768x576.jpg 768w, http:\/\/sol.fm.br\/radio\/wp-content\/uploads\/2025\/11\/71-1-1536x1152.jpg 1536w, http:\/\/sol.fm.br\/radio\/wp-content\/uploads\/2025\/11\/71-1-2048x1536.jpg 2048w\" sizes=\"auto, (max-width: 400px) 100vw, 400px\" \/><\/div>\n<div aria-hidden=\"true\">\u00a0<\/div>\n<div>A aplica\u00e7\u00e3o deste domingo contou com o acompanhamento presencial de representantes da organiza\u00e7\u00e3o do exame. Estiveram presentes na PUCRS o presidente da AMRIGS, Dr. Gerson Junqueira Jr.; o diretor de Finan\u00e7as da AMRIGS, Dr. Breno Jos\u00e9 Acauan Filho; o coordenador da Prova AMB\/AMRIGS 2025, Dr. Ant\u00f4nio Carlos Weston; e o gerente-geral da AMRIGS, Ronald Greco.<\/div>\n<div aria-hidden=\"true\">\u00a0<\/div>\n<div>\u00a0<\/div>\n<\/div>\n<div><strong>Sobre a AMRIGS<\/strong><br \/>\n<div class=\"x_yiv7922573366elementor-element x_yiv7922573366elementor-element-83e6b3c x_yiv7922573366elementor-widget x_yiv7922573366elementor-widget-text-editor\">\n<div class=\"x_yiv7922573366elementor-widget-container\">\n<p>A Associa\u00e7\u00e3o M\u00e9dica do Rio Grande do Sul \u00e9 uma organiza\u00e7\u00e3o sem fins lucrativos voltada para a atualiza\u00e7\u00e3o do conhecimento t\u00e9cnico-cient\u00edfico e para a realiza\u00e7\u00e3o de debates cient\u00edfico-culturais relacionados \u00e0 sa\u00fade, \u00e0 Medicina e \u00e0 vida profissional. Desde o momento de sua funda\u00e7\u00e3o em 1951, a AMRIGS integra a vida do m\u00e9dico em todas as etapas da profiss\u00e3o, tendo como objetivos:<\/p>\n<\/div>\n<\/div>\n<div class=\"x_yiv7922573366elementor-element x_yiv7922573366elementor-element-f227bbf x_yiv7922573366elementor-align-left x_yiv7922573366elementor-icon-list--layout-traditional x_yiv7922573366elementor-list-item-link-full_width x_yiv7922573366elementor-widget x_yiv7922573366elementor-widget-icon-list\">\n<div class=\"x_yiv7922573366elementor-widget-container\">\n<ul class=\"x_yiv7922573366elementor-icon-list-items\">\n<li class=\"x_yiv7922573366elementor-icon-list-item\"><span class=\"x_yiv7922573366elementor-icon-list-text\">Fomentar a ci\u00eancia e a cultura m\u00e9dica;<\/span><\/li>\n<li class=\"x_yiv7922573366elementor-icon-list-item\"><span class=\"x_yiv7922573366elementor-icon-list-text\">Promover a defesa profissional;<\/span><\/li>\n<li class=\"x_yiv7922573366elementor-icon-list-item\"><span class=\"x_yiv7922573366elementor-icon-list-text\">Fortalecer o associativismo e a representatividade m\u00e9dica;<\/span><\/li>\n<li class=\"x_yiv7922573366elementor-icon-list-item\"><span class=\"x_yiv7922573366elementor-icon-list-text\">Ser influenciadora como entidade protagonista de a\u00e7\u00f5es em prol da sa\u00fade.<\/span><\/li>\n<\/ul>\n<hr \/>\n<h6><strong>PlayPress | AMRIGS - Associa\u00e7\u00e3o M\u00e9dica do Rio Grande do Sul | Reda\u00e7\u00e3o e fotos: Marcelo Matusiak<\/strong><\/h6>\n<\/div>\n<\/div>\n<\/div>\n\n\n<center><iframe loading=\"lazy\" class=\"jmvplayer\" src=\"https:\/\/player.jmvstream.com\/lvw\/YYGWo5wfZuZ8fEW7Qoq1ISwhLSEDhU\" allowfullscreen allow=\"autoplay; fullscreen\" frameborder=\"0\" width=\"640\" height=\"360\" ><\/iframe><\/center>\n<\/div><\/div>","protected":false},"excerpt":{"rendered":"<p>Avalia\u00e7\u00e3o alcan\u00e7ou mais de 9.700 candidatos homologados, o maior n\u00famero da hist\u00f3ria A Prova AMB\/AMRIGS 2025, aplicada neste domingo, dia 23 de novembro, registrou um marco in\u00e9dito ao reunir 9.730 candidatos homologados, consolidando-se como uma das principais etapas de sele\u00e7\u00e3o para acesso \u00e0s resid\u00eancias m\u00e9dicas no pa\u00eds. O volume recorde evidencia a confian\u00e7a da comunidade [&hellip;]<\/p>\n","protected":false},"author":4,"featured_media":80353,"comment_status":"open","ping_status":"open","sticky":false,"template":"","format":"standard","meta":{"footnotes":""},"categories":[1],"tags":[],"class_list":["post-80352","post","type-post","status-publish","format-standard","has-post-thumbnail","hentry","category-sem-categoria"],"_links":{"self":[{"href":"http:\/\/sol.fm.br\/radio\/wp-json\/wp\/v2\/posts\/80352","targetHints":{"allow":["GET"]}}],"collection":[{"href":"http:\/\/sol.fm.br\/radio\/wp-json\/wp\/v2\/posts"}],"about":[{"href":"http:\/\/sol.fm.br\/radio\/wp-json\/wp\/v2\/types\/post"}],"author":[{"embeddable":true,"href":"http:\/\/sol.fm.br\/radio\/wp-json\/wp\/v2\/users\/4"}],"replies":[{"embeddable":true,"href":"http:\/\/sol.fm.br\/radio\/wp-json\/wp\/v2\/comments?post=80352"}],"version-history":[{"count":1,"href":"http:\/\/sol.fm.br\/radio\/wp-json\/wp\/v2\/posts\/80352\/revisions"}],"predecessor-version":[{"id":80355,"href":"http:\/\/sol.fm.br\/radio\/wp-json\/wp\/v2\/posts\/80352\/revisions\/80355"}],"wp:featuredmedia":[{"embeddable":true,"href":"http:\/\/sol.fm.br\/radio\/wp-json\/wp\/v2\/media\/80353"}],"wp:attachment":[{"href":"http:\/\/sol.fm.br\/radio\/wp-json\/wp\/v2\/media?parent=80352"}],"wp:term":[{"taxonomy":"category","embeddable":true,"href":"http:\/\/sol.fm.br\/radio\/wp-json\/wp\/v2\/categories?post=80352"},{"taxonomy":"post_tag","embeddable":true,"href":"http:\/\/sol.fm.br\/radio\/wp-json\/wp\/v2\/tags?post=80352"}],"curies":[{"name":"wp","href":"https:\/\/api.w.org\/{rel}","templated":true}]}}