{"id":80356,"date":"2025-11-24T10:51:32","date_gmt":"2025-11-24T13:51:32","guid":{"rendered":"http:\/\/sol.fm.br\/radio\/?p=80356"},"modified":"2025-11-24T10:51:34","modified_gmt":"2025-11-24T13:51:34","slug":"dia-nacional-de-combate-ao-cancer-destaca-avancos-no-tratamento-pediatrico-e-reforca-importancia-do-diagnostico-precoce","status":"publish","type":"post","link":"http:\/\/sol.fm.br\/radio\/dia-nacional-de-combate-ao-cancer-destaca-avancos-no-tratamento-pediatrico-e-reforca-importancia-do-diagnostico-precoce\/","title":{"rendered":"Dia Nacional de Combate ao C\u00e2ncer destaca avan\u00e7os no tratamento pedi\u00e1trico e refor\u00e7a import\u00e2ncia do diagn\u00f3stico precoce"},"content":{"rendered":"<div id=\"dslc-theme-content\"><div id=\"dslc-theme-content-inner\"><p style=\"text-align: center;\"><i data-olk-copy-source=\"MessageBody\">No Rio Grande do Sul, SPRS chama aten\u00e7\u00e3o para os tipos mais frequentes de c\u00e2ncer infantil e para os progressos que elevam as taxas de cura e a qualidade de vida das crian\u00e7as<\/i><\/p>\n<div>\n<div>O Dia Nacional de Combate ao C\u00e2ncer, celebrado em 27 de novembro, refor\u00e7a um alerta essencial para fam\u00edlias e profissionais de sa\u00fade: o c\u00e2ncer tamb\u00e9m acomete crian\u00e7as e adolescentes e exige diagn\u00f3stico precoce, aten\u00e7\u00e3o especializada e cuidado cont\u00ednuo. No Rio Grande do Sul, a Sociedade de Pediatria do Rio Grande do Sul (SPRS) destaca o papel dos avan\u00e7os cient\u00edficos e das equipes multidisciplinares na transforma\u00e7\u00e3o do cen\u00e1rio da oncologia pedi\u00e1trica. Conforme a m\u00e9dica hematologista pedi\u00e1trica, associada e diretora da entidade, Virginia N\u00f3brega, compreender os sinais, os tipos mais comuns e as novas possibilidades terap\u00eauticas \u00e9 fundamental para ampliar as chances de cura e reduzir impactos f\u00edsicos e emocionais.<\/div>\n<div aria-hidden=\"true\">\u00a0<\/div>\n<div>Entre os tipos de c\u00e2ncer mais frequentes na inf\u00e2ncia est\u00e3o as leucemias, respons\u00e1veis por aproximadamente um quarto dos casos.\u00a0<\/div>\n<div aria-hidden=\"true\">\u00a0<\/div>\n<div><em>\u201cElas afetam a medula \u00f3ssea, comprometendo a produ\u00e7\u00e3o das c\u00e9lulas do sangue e levando a sintomas como anemia, infec\u00e7\u00f5es e sangramentos\u201d,<\/em> explica.<\/div>\n<div aria-hidden=\"true\">\u00a0<\/div>\n<div>Em seguida aparecem os tumores cerebrais e os linfomas, al\u00e9m de tumores musculares e \u00f3sseos \u2014 como rabdomiossarcoma, osteossarcoma e sarcoma de Ewing \u2014 que s\u00e3o muito mais comuns em crian\u00e7as e adolescentes do que em adultos.<\/div>\n<div aria-hidden=\"true\">\u00a0<\/div>\n<div>Segundo a especialista, os avan\u00e7os no tratamento t\u00eam mudado a perspectiva de milhares de pacientes.\u00a0<\/div>\n<div aria-hidden=\"true\">\u00a0<\/div>\n<div><em>\u201cHoje, gra\u00e7as a terapias mais seguras, protocolos bem estabelecidos e um cuidado multidisciplinar que inclui suporte cl\u00ednico, assist\u00eancia psicol\u00f3gica e acompanhamento familiar, as taxas de cura chegam a cerca de 80%\u201d<\/em>, afirma. Ela destaca que, embora a quimioterapia ainda represente um desafio devido \u00e0s toxicidades e ao risco aumentado de infec\u00e7\u00f5es, novas tecnologias t\u00eam ampliado as possibilidades terap\u00eauticas. <em>\u201cAs terapias alvo e as imunoterapias reconhecem e atacam apenas as c\u00e9lulas tumorais. Isso significa mais precis\u00e3o, menos efeitos colaterais e uma experi\u00eancia mais humanizada para as crian\u00e7as em tratamento.<\/em>\u201d<\/div>\n<div aria-hidden=\"true\">\u00a0<\/div>\n<div>O cen\u00e1rio para o futuro \u00e9 promissor, com tratamentos cada vez mais individualizados e focados na redu\u00e7\u00e3o da dor, na diminui\u00e7\u00e3o das interna\u00e7\u00f5es e na promo\u00e7\u00e3o da qualidade de vida. A SPRS refor\u00e7a que a aten\u00e7\u00e3o ao c\u00e2ncer infantil deve ser cont\u00ednua, e que qualquer sinal persistente \u2014 como febre prolongada, palidez, manchas roxas sem causa aparente, dor \u00f3ssea, v\u00f4mitos matinais ou perda de peso \u2014 deve motivar avalia\u00e7\u00e3o m\u00e9dica imediata.<\/div>\n<div>\u00a0<\/div>\n<div aria-hidden=\"true\">\u00a0<\/div>\n<\/div>\n<div><strong>Sobre a Sociedade de Pediatria do RS<\/strong><br \/><br \/>A Sociedade de Pediatria do Rio Grande do Sul foi fundada em 25 de junho de 1936 com o nome de Sociedade de Pediatria e Puericultura do Rio Grande do Sul pelo Prof. Raul Moreira e um grupo de m\u00e9dicos precursores da forma\u00e7\u00e3o pedi\u00e1trica no Estado. A entidade cresceu e se desenvolveu com o esp\u00edrito de seus idealizadores, que, preocupados com os avan\u00e7os da \u00e1rea m\u00e9dica e da pr\u00f3pria especialidade, uniram esfor\u00e7os na constru\u00e7\u00e3o de uma entidade que congregasse os colegas que a cada ano se multiplicavam no atendimento espec\u00edfico da popula\u00e7\u00e3o infantil. Atualmente conta com cerca de 1.750 s\u00f3cios, e se constitui em orgulho para a classe m\u00e9dica brasileira e, em especial, para a fam\u00edlia pedi\u00e1trica.<\/div>\n<hr \/>\n<h6><strong>PlayPress | SPRS - Sociedade de Pediatria do Rio Grande do Sul | Reda\u00e7\u00e3o: Marcelo Matusiak<\/strong><\/h6>\n\n\n<center><iframe loading=\"lazy\" class=\"jmvplayer\" src=\"https:\/\/player.jmvstream.com\/lvw\/YYGWo5wfZuZ8fEW7Qoq1ISwhLSEDhU\" allowfullscreen allow=\"autoplay; fullscreen\" frameborder=\"0\" width=\"640\" height=\"360\" ><\/iframe><\/center>\n<\/div><\/div>","protected":false},"excerpt":{"rendered":"<p>No Rio Grande do Sul, SPRS chama aten\u00e7\u00e3o para os tipos mais frequentes de c\u00e2ncer infantil e para os progressos que elevam as taxas de cura e a qualidade de vida das crian\u00e7as O Dia Nacional de Combate ao C\u00e2ncer, celebrado em 27 de novembro, refor\u00e7a um alerta essencial para fam\u00edlias e profissionais de sa\u00fade: [&hellip;]<\/p>\n","protected":false},"author":4,"featured_media":80357,"comment_status":"open","ping_status":"open","sticky":false,"template":"","format":"standard","meta":{"footnotes":""},"categories":[1],"tags":[],"class_list":["post-80356","post","type-post","status-publish","format-standard","has-post-thumbnail","hentry","category-sem-categoria"],"_links":{"self":[{"href":"http:\/\/sol.fm.br\/radio\/wp-json\/wp\/v2\/posts\/80356","targetHints":{"allow":["GET"]}}],"collection":[{"href":"http:\/\/sol.fm.br\/radio\/wp-json\/wp\/v2\/posts"}],"about":[{"href":"http:\/\/sol.fm.br\/radio\/wp-json\/wp\/v2\/types\/post"}],"author":[{"embeddable":true,"href":"http:\/\/sol.fm.br\/radio\/wp-json\/wp\/v2\/users\/4"}],"replies":[{"embeddable":true,"href":"http:\/\/sol.fm.br\/radio\/wp-json\/wp\/v2\/comments?post=80356"}],"version-history":[{"count":1,"href":"http:\/\/sol.fm.br\/radio\/wp-json\/wp\/v2\/posts\/80356\/revisions"}],"predecessor-version":[{"id":80358,"href":"http:\/\/sol.fm.br\/radio\/wp-json\/wp\/v2\/posts\/80356\/revisions\/80358"}],"wp:featuredmedia":[{"embeddable":true,"href":"http:\/\/sol.fm.br\/radio\/wp-json\/wp\/v2\/media\/80357"}],"wp:attachment":[{"href":"http:\/\/sol.fm.br\/radio\/wp-json\/wp\/v2\/media?parent=80356"}],"wp:term":[{"taxonomy":"category","embeddable":true,"href":"http:\/\/sol.fm.br\/radio\/wp-json\/wp\/v2\/categories?post=80356"},{"taxonomy":"post_tag","embeddable":true,"href":"http:\/\/sol.fm.br\/radio\/wp-json\/wp\/v2\/tags?post=80356"}],"curies":[{"name":"wp","href":"https:\/\/api.w.org\/{rel}","templated":true}]}}