{"id":80369,"date":"2025-11-25T09:34:53","date_gmt":"2025-11-25T12:34:53","guid":{"rendered":"http:\/\/sol.fm.br\/radio\/?p=80369"},"modified":"2025-11-25T09:34:56","modified_gmt":"2025-11-25T12:34:56","slug":"governo-do-estado-investe-r-4-milhoes-em-acoes-sustentaveis-para-comunidades-indigenas-no-rs","status":"publish","type":"post","link":"http:\/\/sol.fm.br\/radio\/governo-do-estado-investe-r-4-milhoes-em-acoes-sustentaveis-para-comunidades-indigenas-no-rs\/","title":{"rendered":"Governo do Estado investe R$ 4 milh\u00f5es em a\u00e7\u00f5es sustent\u00e1veis para comunidades ind\u00edgenas no RS"},"content":{"rendered":"<div id=\"dslc-theme-content\"><div id=\"dslc-theme-content-inner\"><p class=\"artigo__subtitulo\" style=\"text-align: center;\"><em>Projetos incluem agroflorestas, meliponicultura e preserva\u00e7\u00e3o ambiental em territ\u00f3rios Guarani e Kaingang<\/em><\/p>\n<p dir=\"ltr\">O governo do Estado, por meio da Secretaria do Meio Ambiente e Infraestrutura (Sema) e do Departamento de Biodiversidade, promove uma s\u00e9rie de a\u00e7\u00f5es voltadas \u00e0s comunidades ind\u00edgenas do Rio Grande do Sul, com foco especial no povo Guarani. O objetivo \u00e9 fortalecer a conserva\u00e7\u00e3o da diversidade biol\u00f3gica e incentivar pr\u00e1ticas sustent\u00e1veis nos territ\u00f3rios ind\u00edgenas.<\/p>\n<p dir=\"ltr\">J\u00e1 foram destinados, desde o in\u00edcio da gest\u00e3o do governador Eduardo Leite, mais de R$9,7 milh\u00f5es em projetos que beneficiam comunidades ind\u00edgenas. Somente em 2025, o investimento atingiu o valor hist\u00f3rico de R$ 4 milh\u00f5es de reais, por meio de Reposi\u00e7\u00e3o Florestal Obrigat\u00f3ria (RFO).<\/p>\n<ul>\n<li dir=\"ltr\"><strong><a href=\"https:\/\/www.estado.rs.gov.br\/estado-abre-inscricoes-para-apoio-a-projetos-produtivos-de-comunidades-indigenas-no-ambito-do-programa-desenvolve-rs-rural\" target=\"_blank\" rel=\"noopener\">Estado abre inscri\u00e7\u00f5es para apoio a projetos produtivos de Comunidades Ind\u00edgenas no \u00e2mbito do Programa Desenvolve RS Rural<\/a><\/strong><\/li>\n<\/ul>\n<p dir=\"ltr\">Entre as iniciativas realizadas, destacam-se projetos de restaura\u00e7\u00e3o ecol\u00f3gica com agroflorestas em Cachoeira do Sul e Camaqu\u00e3; reflorestamento e viveirismo comunit\u00e1rio no Litoral Norte; implanta\u00e7\u00e3o de sistemas agroflorestais e meliponicultura em Cara\u00e1, Barra do Ouro, Riozinho, Cangu\u00e7u, Ca\u00e7apava do Sul e Acegu\u00e1; e a\u00e7\u00f5es que integram biodiversidade e o modo de vida Guarani na Regi\u00e3o Metropolitana.<\/p>\n<p dir=\"ltr\">\u201c<em>Entendemos que fortalecer os territ\u00f3rios ind\u00edgenas e suas comunidades traz benef\u00edcios diretos para a conserva\u00e7\u00e3o e prote\u00e7\u00e3o ambiental. Ainda que a execu\u00e7\u00e3o dessas a\u00e7\u00f5es n\u00e3o seja uma obriga\u00e7\u00e3o direta da Sema, reconhecemos que elas s\u00e3o fundamentais para manter a integridade dos ecossistemas, promover a restaura\u00e7\u00e3o da vegeta\u00e7\u00e3o nativa e garantir a perman\u00eancia de modos de vida que h\u00e1 s\u00e9culos convivem de forma equilibrada com a natureza\u201d,<\/em> destaca a diretora de Biodiversidade da Sema, C\u00e1tia Viviane Gon\u00e7alves.<\/p>\n<ul>\n<li dir=\"ltr\"><strong><a href=\"https:\/\/www.estado.rs.gov.br\/estado-cria-forca-tarefa-para-agilizar-regularizacao-fundiaria-e-necessidades-habitacionais-da-populacao-indigena-e-quilombola\" target=\"_blank\" rel=\"noopener\">Estado cria for\u00e7a-tarefa para agilizar regulariza\u00e7\u00e3o fundi\u00e1ria e necessidades habitacionais da popula\u00e7\u00e3o ind\u00edgena e quilombola<\/a><\/strong><\/li>\n<\/ul>\n<p dir=\"ltr\"><strong>Fortalecimento da biodiversidade e juventude ind\u00edgena<\/strong><\/p>\n<p dir=\"ltr\">Atualmente, est\u00e3o em fase de execu\u00e7\u00e3o o fortalecimento da diversidade biol\u00f3gica e do desenvolvimento comunit\u00e1rio no bioma Pampa em aldeias de Cachoeira do Sul e Ca\u00e7apava do Sul; o projeto Florestas do Amanh\u00e3, que envolve a juventude Guarani na gest\u00e3o ambiental e recupera\u00e7\u00e3o de matas nativas em aldeias de Torres, Os\u00f3rio, Campo Molhado, Varzinha, Riozinho, Cangu\u00e7u, Terra de Areia, Maquin\u00e9 e Gua\u00edba; e atividades de reposi\u00e7\u00e3o florestal em aldeias Mby\u00e1 Guarani no Centro-Sul, como Tekoa Y\u2019ygua Por\u00e3 (Fonte Sagrada) e Tekoa Tenond\u00e9 (Esperan\u00e7a).<\/p>\n<p dir=\"ltr\"><img loading=\"lazy\" decoding=\"async\" class=\"alignnone size-medium wp-image-80371 aligncenter\" src=\"http:\/\/sol.fm.br\/radio\/wp-content\/uploads\/2025\/11\/1.1-2-400x301.jpeg\" alt=\"\" width=\"400\" height=\"301\" srcset=\"http:\/\/sol.fm.br\/radio\/wp-content\/uploads\/2025\/11\/1.1-2-400x301.jpeg 400w, http:\/\/sol.fm.br\/radio\/wp-content\/uploads\/2025\/11\/1.1-2-768x578.jpeg 768w, http:\/\/sol.fm.br\/radio\/wp-content\/uploads\/2025\/11\/1.1-2.jpeg 945w\" sizes=\"auto, (max-width: 400px) 100vw, 400px\" \/><\/p>\n<p dir=\"ltr\">\u201cEssa iniciativa tem se consolidado como a principal fonte de recursos para a recupera\u00e7\u00e3o de \u00e1reas degradadas, promo\u00e7\u00e3o da biodiversidade e fortalecimento de pr\u00e1ticas agroflorestais coletivas em territ\u00f3rios ind\u00edgenas no Estado. Ela tamb\u00e9m est\u00e1 em sintonia com a Pol\u00edtica Nacional de Gest\u00e3o Territorial e Ambiental em Terras Ind\u00edgenas (PNGATI) e se articula com os Planos Nacionais e Territoriais de Conserva\u00e7\u00e3o de Esp\u00e9cies Amea\u00e7adas, como o Plano de A\u00e7\u00e3o Nacional para Conserva\u00e7\u00e3o das Lagoas do Sul e o Plano de A\u00e7\u00e3o Territorial no Rio Grande do Sul\u201d, comentou a bi\u00f3loga e representante da Sema no Conselho Estadual dos Povos Ind\u00edgenas, Joana Bassi.<\/p>\n<ul>\n<li dir=\"ltr\"><strong><a href=\"https:\/\/www.estado.rs.gov.br\/boletim-de-saude-indigena-traca-perfil-e-destaca-iniciativas-de-cuidado-disponibilizadas-para-essa-populacao-no-rs\" target=\"_blank\" rel=\"noopener\">Boletim de Sa\u00fade Ind\u00edgena tra\u00e7a perfil e destaca iniciativas de cuidado disponibilizadas para essa popula\u00e7\u00e3o no RS<\/a><\/strong><\/li>\n<\/ul>\n<p dir=\"ltr\">As agroflorestas s\u00e3o sistemas produtivos que combinam o cultivo de \u00e1rvores com plantas agr\u00edcolas e, muitas vezes, com cria\u00e7\u00e3o de animais. Essa integra\u00e7\u00e3o \u00e9 similar ao funcionamento dos ecossistemas naturais, favorecendo maior diversidade biol\u00f3gica, recupera\u00e7\u00e3o de \u00e1reas degradadas e produ\u00e7\u00e3o de alimentos, al\u00e9m de renda de forma sustent\u00e1vel. Para as comunidades ind\u00edgenas, as agroflorestas tamb\u00e9m representam uma forma de manter viva a rela\u00e7\u00e3o ancestral com a terra, respeitando os ciclos naturais e os saberes tradicionais.<\/p>\n<p dir=\"ltr\">Outras atividades ajudam a preservar e movimentar a economia de comunidades ind\u00edgenas pelo Estado - como o viveirismo comunit\u00e1rio, em que ocorre a produ\u00e7\u00e3o de mudas de \u00e1rvores nativas e plantas de interesse cultural e ecol\u00f3gico, que s\u00e3o utilizadas em projetos de reflorestamento e recupera\u00e7\u00e3o ambiental - e o apoio \u00e0s ro\u00e7as tradicionais, como o cultivo de milho, mandioca, feij\u00e3o e outras esp\u00e9cies plantadas de forma coletiva e rotativa. Essas ro\u00e7as mant\u00eam viva a cultura alimentar ind\u00edgena e refor\u00e7am a autonomia das comunidades.<\/p>\n<ul>\n<li dir=\"ltr\"><strong><a href=\"https:\/\/www.estado.rs.gov.br\/estado-firma-convenio-de-r-330-mil-para-apoio-a-comunidade-indigena-guarani-de-sao-miguel-das-missoes-687505e25f1cd\" target=\"_blank\" rel=\"noopener\">Estado firma conv\u00eanio de R$ 330 mil para apoio a comunidade ind\u00edgena Guarani de S\u00e3o Miguel das Miss\u00f5es<\/a><\/strong><\/li>\n<\/ul>\n<p dir=\"ltr\">At\u00e9 o momento, as a\u00e7\u00f5es lideradas pela Sema j\u00e1 beneficiaram 20 aldeias e cerca de 1,3 mil pessoas, abrangendo 108,8 hectares em processo de recupera\u00e7\u00e3o. Para 2026, al\u00e9m das a\u00e7\u00f5es em andamento, mais tr\u00eas projetos ser\u00e3o implementados, com valor de R$ 6 milh\u00f5es.\u00a0<\/p>\n<p dir=\"ltr\"><strong>Compensa\u00e7\u00e3o ambiental\u00a0<\/strong><\/p>\n<p dir=\"ltr\">A RFO \u00e9 uma medida legal para compensa\u00e7\u00e3o ambiental pela supress\u00e3o ou manejo de vegeta\u00e7\u00e3o nativa. A cada \u00e1rvore suprimida, o empreendedor precisa compensar as perdas com valores equivalentes a outras 15 mudas.<\/p>\n<p dir=\"ltr\">Conforme a Instru\u00e7\u00e3o Normativa Sema\u00a0<a href=\"https:\/\/www.sema.rs.gov.br\/upload\/arquivos\/201812\/14171747-instrucao-normativa-sema-n-01-2018.pdf\" target=\"_blank\" rel=\"noopener\"><strong>001\/2018<\/strong><\/a>, essa compensa\u00e7\u00e3o pode ser convertida em projetos ambientais e os empreendedores \u2013 que exer\u00e7am atividades que caracterizem utilidade p\u00fablica - podem selecionar qual iniciativa ir\u00e1 receber os recursos.<\/p>\n<p dir=\"ltr\">Compete \u00e0 Sema, por meio do Departamento de Biodiversidade, receber as propostas, proceder \u00e0 an\u00e1lise t\u00e9cnica e divulgar informa\u00e7\u00f5es sobre os projetos aprovados e dispon\u00edveis para receber apoio com recursos de RFO.\u00a0<\/p>\n<ul>\n<li dir=\"ltr\"><a href=\"https:\/\/www.sema.rs.gov.br\/reposicao-florestal-obrigatoria\" target=\"_blank\" rel=\"noopener\"><strong>Mais informa\u00e7\u00f5es sobre a Reposi\u00e7\u00e3o Florestal Obrigat\u00f3ria<\/strong><\/a><\/li>\n<\/ul>\n<hr \/>\n<h6><strong>GOV RS | Texto: Alisson Santos\/Ascom Sema | Edi\u00e7\u00e3o: Secom | Fotos: Divulga\u00e7\u00e3o\/ONG Aepim<\/strong><\/h6>\n\n\n<center><iframe loading=\"lazy\" class=\"jmvplayer\" src=\"https:\/\/player.jmvstream.com\/lvw\/YYGWo5wfZuZ8fEW7Qoq1ISwhLSEDhU\" allowfullscreen allow=\"autoplay; fullscreen\" frameborder=\"0\" width=\"640\" height=\"360\" ><\/iframe><\/center>\n\n\n\n<p><\/p>\n<\/div><\/div>","protected":false},"excerpt":{"rendered":"<p>Projetos incluem agroflorestas, meliponicultura e preserva\u00e7\u00e3o ambiental em territ\u00f3rios Guarani e Kaingang O governo do Estado, por meio da Secretaria do Meio Ambiente e Infraestrutura (Sema) e do Departamento de Biodiversidade, promove uma s\u00e9rie de a\u00e7\u00f5es voltadas \u00e0s comunidades ind\u00edgenas do Rio Grande do Sul, com foco especial no povo Guarani. O objetivo \u00e9 fortalecer [&hellip;]<\/p>\n","protected":false},"author":4,"featured_media":80370,"comment_status":"open","ping_status":"open","sticky":false,"template":"","format":"standard","meta":{"footnotes":""},"categories":[1],"tags":[],"class_list":["post-80369","post","type-post","status-publish","format-standard","has-post-thumbnail","hentry","category-sem-categoria"],"_links":{"self":[{"href":"http:\/\/sol.fm.br\/radio\/wp-json\/wp\/v2\/posts\/80369","targetHints":{"allow":["GET"]}}],"collection":[{"href":"http:\/\/sol.fm.br\/radio\/wp-json\/wp\/v2\/posts"}],"about":[{"href":"http:\/\/sol.fm.br\/radio\/wp-json\/wp\/v2\/types\/post"}],"author":[{"embeddable":true,"href":"http:\/\/sol.fm.br\/radio\/wp-json\/wp\/v2\/users\/4"}],"replies":[{"embeddable":true,"href":"http:\/\/sol.fm.br\/radio\/wp-json\/wp\/v2\/comments?post=80369"}],"version-history":[{"count":1,"href":"http:\/\/sol.fm.br\/radio\/wp-json\/wp\/v2\/posts\/80369\/revisions"}],"predecessor-version":[{"id":80372,"href":"http:\/\/sol.fm.br\/radio\/wp-json\/wp\/v2\/posts\/80369\/revisions\/80372"}],"wp:featuredmedia":[{"embeddable":true,"href":"http:\/\/sol.fm.br\/radio\/wp-json\/wp\/v2\/media\/80370"}],"wp:attachment":[{"href":"http:\/\/sol.fm.br\/radio\/wp-json\/wp\/v2\/media?parent=80369"}],"wp:term":[{"taxonomy":"category","embeddable":true,"href":"http:\/\/sol.fm.br\/radio\/wp-json\/wp\/v2\/categories?post=80369"},{"taxonomy":"post_tag","embeddable":true,"href":"http:\/\/sol.fm.br\/radio\/wp-json\/wp\/v2\/tags?post=80369"}],"curies":[{"name":"wp","href":"https:\/\/api.w.org\/{rel}","templated":true}]}}