{"id":80379,"date":"2025-11-25T10:42:56","date_gmt":"2025-11-25T13:42:56","guid":{"rendered":"http:\/\/sol.fm.br\/radio\/?p=80379"},"modified":"2025-11-25T10:42:58","modified_gmt":"2025-11-25T13:42:58","slug":"leite-acompanha-trabalhos-de-restabelecimento-em-erechim-apos-danos-causados-por-granizo","status":"publish","type":"post","link":"http:\/\/sol.fm.br\/radio\/leite-acompanha-trabalhos-de-restabelecimento-em-erechim-apos-danos-causados-por-granizo\/","title":{"rendered":"Leite acompanha trabalhos de restabelecimento em Erechim ap\u00f3s danos causados por granizo"},"content":{"rendered":"<div id=\"dslc-theme-content\"><div id=\"dslc-theme-content-inner\"><p class=\"artigo__subtitulo\" style=\"text-align: center;\"><em>Governador vistoriou locais atingidos e assegurou apoio do Estado para a recupera\u00e7\u00e3o do munic\u00edpio<\/em><\/p>\n<p>O governador Eduardo Leite esteve em Erechim, nesta segunda-feira (24\/11), para acompanhar os trabalhos de restabelecimento da cidade ap\u00f3s a passagem de uma forte tempestade de granizo, ocorrida no domingo (23\/11). At\u00e9 o momento, foram mapeadas cerca de 7 mil fam\u00edlias atingidas, somando quase 30 mil pessoas impactadas pelos efeitos do evento clim\u00e1tico, com mais de 130 feridos.<\/p>\n<p>Leite vistoriou locais atingidos ao lado do prefeito de Erechim, Paulo Alfredo Polis, e do coordenador estadual da Defesa Civil estadual, coronel Luciano Boeira. O governador tamb\u00e9m visitou a sede do Grupo de Resposta em Atendimento de Urg\u00eancias de Erechim, onde as esquipas da Defesa Civil do Estado e do munic\u00edpio est\u00e3o reunidas e trabalhando ao lado de volunt\u00e1rios no atendimento \u00e0 popula\u00e7\u00e3o, incluindo o corte e distribui\u00e7\u00e3o de lonas para reparos emergenciais. No local, Leite foi atualizado sobre a situa\u00e7\u00e3o do munic\u00edpio e tamb\u00e9m levou uma mensagem de gratid\u00e3o e apoio aos servidores e volunt\u00e1rios.<\/p>\n<ul>\n<li><strong><a href=\"https:\/\/www.estado.rs.gov.br\/governador-eduardo-leite-autoriza-ajuda-emergencial-de-r-1-5-milhao-para-erechim-apos-forte-queda-de-granizo\" target=\"_blank\" rel=\"noopener\">Governador Eduardo Leite autoriza ajuda emergencial de R$ 1,5 milh\u00e3o para Erechim ap\u00f3s forte queda de granizo<\/a><\/strong><\/li>\n<\/ul>\n<p>O governador apontou que o cen\u00e1rio \u00e9 impactante, mas destacou que o Estado est\u00e1 dando todo o suporte ao munic\u00edpio desde as primeiras horas do epis\u00f3dio. <em>\u201cDesde ontem, estamos oferecendo todo o suporte com as equipes do Estado, al\u00e9m do envio de mantimentos e materiais para amparar emergencialmente os atingidos, especialmente os mais vulner\u00e1veis neste primeiro momento. Tamb\u00e9m repassamos R$ 1,5 milh\u00e3o do Estado para o fundo da Defesa Civil de Erechim, para a compra dos materiais mais necess\u00e1rios, como telhas para recuperar as resid\u00eancias. \u00c9 o primeiro repasse de outros que vir\u00e3o\u201d,<\/em> enfatizou.<\/p>\n<div id=\"attachment_80381\" style=\"width: 410px\" class=\"wp-caption aligncenter\"><img loading=\"lazy\" decoding=\"async\" aria-describedby=\"caption-attachment-80381\" class=\"wp-image-80381 size-medium\" src=\"http:\/\/sol.fm.br\/radio\/wp-content\/uploads\/2025\/11\/41-400x266.jpeg\" alt=\"\" width=\"400\" height=\"266\" srcset=\"http:\/\/sol.fm.br\/radio\/wp-content\/uploads\/2025\/11\/41-400x266.jpeg 400w, http:\/\/sol.fm.br\/radio\/wp-content\/uploads\/2025\/11\/41-768x511.jpeg 768w, http:\/\/sol.fm.br\/radio\/wp-content\/uploads\/2025\/11\/41-600x400.jpeg 600w, http:\/\/sol.fm.br\/radio\/wp-content\/uploads\/2025\/11\/41.jpeg 945w\" sizes=\"auto, (max-width: 400px) 100vw, 400px\" \/><p id=\"caption-attachment-80381\" class=\"wp-caption-text\">Foto: Mauro Nascimento\/Secom<\/p><\/div>\n<p><strong>Visita a hospital<\/strong><\/p>\n<p>Leite tamb\u00e9m visitou o Hospital Santa Terezinha, que foi avariado pelo granizo. O governador acompanhou os primeiros trabalhos de limpeza e recupera\u00e7\u00e3o, e disse que as equipes da Secretaria Estadual de Sa\u00fade j\u00e1 est\u00e3o mapeando junto ao munic\u00edpio as principais necessidades do Santa Terezinha e de outros equipamentos de sa\u00fade da cidade, os quais sofreram danos, para encaminhar recursos e solu\u00e7\u00f5es para o pleno restabelecimento dos servi\u00e7os.<\/p>\n<p style=\"text-align: center;\"><img loading=\"lazy\" decoding=\"async\" class=\"alignnone size-medium wp-image-80382\" src=\"http:\/\/sol.fm.br\/radio\/wp-content\/uploads\/2025\/11\/42-3-400x267.jpg\" alt=\"\" width=\"400\" height=\"267\" srcset=\"http:\/\/sol.fm.br\/radio\/wp-content\/uploads\/2025\/11\/42-3-400x267.jpg 400w, http:\/\/sol.fm.br\/radio\/wp-content\/uploads\/2025\/11\/42-3-768x512.jpg 768w, http:\/\/sol.fm.br\/radio\/wp-content\/uploads\/2025\/11\/42-3-600x400.jpg 600w, http:\/\/sol.fm.br\/radio\/wp-content\/uploads\/2025\/11\/42-3.jpg 945w\" sizes=\"auto, (max-width: 400px) 100vw, 400px\" \/><\/p>\n<p>As escolas atingidas tamb\u00e9m est\u00e3o sendo vistoriadas para o in\u00edcio dos trabalho de recupera\u00e7\u00e3o dos danos. At\u00e9 o momento, foram identificadas 21 escolas estaduais impactadas. \u201c<em>O primeiro momento \u00e9 para prestar todo o apoio aos atingidos. Paralelamente, estamos trabalhando para restabelecer a normalidade nos servi\u00e7os e na vida da cidade. Vamos disponibilizar os recursos n\u00e3o apenas para recupera\u00e7\u00e3o e melhorias das estruturas como hospitais e escolas afetados, mas tamb\u00e9m para tornar as estruturas mais resilientes<\/em>\u201d, garantiu.<\/p>\n<ul>\n<li><strong><a href=\"https:\/\/www.estado.rs.gov.br\/governo-do-estado-realiza-reparos-nas-21-escolas-estaduais-atingidas-por-granizo-em-erechim\" target=\"_blank\" rel=\"noopener\">Governo do Estado realiza reparos nas 21 escolas estaduais atingidas por granizo em Erechim<\/a><\/strong><\/li>\n<\/ul>\n<p><strong>Decreto de emerg\u00eancia<\/strong><\/p>\n<p>As equipes da Defesa Civil estadual permanecem na cidade prestando todo o suporte necess\u00e1rio. Nos pr\u00f3ximos dias, ser\u00e1 homologado o decreto de situa\u00e7\u00e3o de emerg\u00eancia do munic\u00edpio de Erechim, como afirmou o coronel Boeira.<\/p>\n<p>\u201c<em>Trouxemos, al\u00e9m da equipe regional de prote\u00e7\u00e3o e defesa civil, a equipe do departamento de gest\u00e3o de desastres e o departamento de log\u00edstica. Foram praticamente 24 horas ininterruptas de trabalho para que ningu\u00e9m ficasse com sua casa desprotegida para essa noite, mesmo que com a solu\u00e7\u00e3o emergencial das lonas, Permaneceremos aqui o tempo que for necess\u00e1rio e entre hoje e amanh\u00e3 vamos encaminhar a homologa\u00e7\u00e3o do decreto municipal da situa\u00e7\u00e3o de emerg\u00eancia de Erechim<\/em>\u201d, pontuou.<\/p>\n<ul>\n<li><strong><a href=\"https:\/\/www.estado.rs.gov.br\/governo-publica-edital-para-distribuicao-de-alimentos-a-pontos-populares-de-soberania-e-seguranca-alimentar-e-nutricional\" target=\"_blank\" rel=\"noopener\">Governo publica edital para distribui\u00e7\u00e3o de alimentos a Pontos Populares de Soberania e Seguran\u00e7a Alimentar e Nutricional<\/a><\/strong><\/li>\n<\/ul>\n<p>Tamb\u00e9m acompanharam o governador, durante as vistoriais, o secret\u00e1rio adjunto da Casa Civil, Gustavo Paim, o secret\u00e1rio do Trabalho e Desenvolvimento Profissional, Gilmar Sossella, e a deputada estadual Nadine Anflor.<\/p>\n<hr \/>\n<h6><strong>GOV RS | Texto: Tham\u00edris Mondin\/Secom | Edi\u00e7\u00e3o: Secom | Fotos: Vitor Rosa\/Secom<\/strong><\/h6>\n\n\n<center><iframe loading=\"lazy\" class=\"jmvplayer\" src=\"https:\/\/player.jmvstream.com\/lvw\/YYGWo5wfZuZ8fEW7Qoq1ISwhLSEDhU\" allowfullscreen allow=\"autoplay; fullscreen\" frameborder=\"0\" width=\"640\" height=\"360\" ><\/iframe><\/center>\n<\/div><\/div>","protected":false},"excerpt":{"rendered":"<p>Governador vistoriou locais atingidos e assegurou apoio do Estado para a recupera\u00e7\u00e3o do munic\u00edpio O governador Eduardo Leite esteve em Erechim, nesta segunda-feira (24\/11), para acompanhar os trabalhos de restabelecimento da cidade ap\u00f3s a passagem de uma forte tempestade de granizo, ocorrida no domingo (23\/11). At\u00e9 o momento, foram mapeadas cerca de 7 mil fam\u00edlias [&hellip;]<\/p>\n","protected":false},"author":4,"featured_media":80380,"comment_status":"open","ping_status":"open","sticky":false,"template":"","format":"standard","meta":{"footnotes":""},"categories":[1],"tags":[],"class_list":["post-80379","post","type-post","status-publish","format-standard","has-post-thumbnail","hentry","category-sem-categoria"],"_links":{"self":[{"href":"http:\/\/sol.fm.br\/radio\/wp-json\/wp\/v2\/posts\/80379","targetHints":{"allow":["GET"]}}],"collection":[{"href":"http:\/\/sol.fm.br\/radio\/wp-json\/wp\/v2\/posts"}],"about":[{"href":"http:\/\/sol.fm.br\/radio\/wp-json\/wp\/v2\/types\/post"}],"author":[{"embeddable":true,"href":"http:\/\/sol.fm.br\/radio\/wp-json\/wp\/v2\/users\/4"}],"replies":[{"embeddable":true,"href":"http:\/\/sol.fm.br\/radio\/wp-json\/wp\/v2\/comments?post=80379"}],"version-history":[{"count":1,"href":"http:\/\/sol.fm.br\/radio\/wp-json\/wp\/v2\/posts\/80379\/revisions"}],"predecessor-version":[{"id":80383,"href":"http:\/\/sol.fm.br\/radio\/wp-json\/wp\/v2\/posts\/80379\/revisions\/80383"}],"wp:featuredmedia":[{"embeddable":true,"href":"http:\/\/sol.fm.br\/radio\/wp-json\/wp\/v2\/media\/80380"}],"wp:attachment":[{"href":"http:\/\/sol.fm.br\/radio\/wp-json\/wp\/v2\/media?parent=80379"}],"wp:term":[{"taxonomy":"category","embeddable":true,"href":"http:\/\/sol.fm.br\/radio\/wp-json\/wp\/v2\/categories?post=80379"},{"taxonomy":"post_tag","embeddable":true,"href":"http:\/\/sol.fm.br\/radio\/wp-json\/wp\/v2\/tags?post=80379"}],"curies":[{"name":"wp","href":"https:\/\/api.w.org\/{rel}","templated":true}]}}