{"id":80395,"date":"2025-11-25T14:09:57","date_gmt":"2025-11-25T17:09:57","guid":{"rendered":"http:\/\/sol.fm.br\/radio\/?p=80395"},"modified":"2025-11-25T14:09:59","modified_gmt":"2025-11-25T17:09:59","slug":"plantio-do-milho-avanca-mas-pressao-de-doencas-acende-alerta-para-a-safra-verao","status":"publish","type":"post","link":"http:\/\/sol.fm.br\/radio\/plantio-do-milho-avanca-mas-pressao-de-doencas-acende-alerta-para-a-safra-verao\/","title":{"rendered":"Plantio do milho avan\u00e7a, mas press\u00e3o de doen\u00e7as acende alerta para a safra ver\u00e3o"},"content":{"rendered":"<div id=\"dslc-theme-content\"><div id=\"dslc-theme-content-inner\"><p style=\"text-align: center;\"><i data-olk-copy-source=\"MessageBody\">Clima favor\u00e1vel a pat\u00f3genos e aumento da incid\u00eancia de doen\u00e7as refor\u00e7am a necessidade de manejo preventivo e uso estrat\u00e9gico de fungicidas nas fases iniciais da cultura<\/i><\/p>\n<div>\n<p data-olk-copy-source=\"MessageBody\">O plantio do\u00a0<a title=\"https:\/\/ihara.com.br\/culturas\/milho\/\" href=\"https:\/\/ihara.com.br\/culturas\/milho\/\" target=\"_blank\" rel=\"noreferrer noopener\" shape=\"rect\" data-auth=\"NotApplicable\" data-linkindex=\"0\">milho<\/a>\u00a0ver\u00e3o avan\u00e7a em ritmo acelerado pelo Brasil, mas o cen\u00e1rio positivo convive com um desafio recorrente: a intensifica\u00e7\u00e3o das doen\u00e7as que t\u00eam causado preju\u00edzos significativos nas \u00faltimas safras. Segundo a Companhia Nacional de Abastecimento (Conab), mais da metade das \u00e1reas destinadas \u00e0 primeira safra j\u00e1 estavam semeadas em outubro, superando o ritmo do ano passado. As estimativas da Safras &amp; Mercado tamb\u00e9m apontam para um ciclo promissor, com potencial de produ\u00e7\u00e3o de 143,56 milh\u00f5es de toneladas em 2025\/26.<\/p>\n<p>Apesar das boas perspectivas, especialistas alertam que o desempenho das lavouras depender\u00e1 n\u00e3o apenas do clima, mas da capacidade de o produtor antecipar problemas fitossanit\u00e1rios. Para o engenheiro agr\u00f4nomo e gerente de Marketing Regional da IHARA, Valdumiro Garcia, a safra atual exigir\u00e1 decis\u00f5es t\u00e9cnicas mais assertivas. \u201c<em>Mesmo com o avan\u00e7o do plantio e expectativas favor\u00e1veis, o ciclo traz desafios importantes. As escolhas feitas agora, com o planejamento do manejo e a aquisi\u00e7\u00e3o de insumos eficazes, ter\u00e3o impacto direto na produtividade. O controle integrado e o monitoramento constante ser\u00e3o fundamentais para evitar perdas, especialmente com doen\u00e7as que j\u00e1 trouxeram grandes preju\u00edzos em anos anteriores\u201d<\/em>, afirma Garcia.<\/p>\n<p><strong>Panorama das doen\u00e7as e condi\u00e7\u00f5es que favorecem o avan\u00e7o dos pat\u00f3genos<\/strong><\/p>\n<p>A din\u00e2mica das doen\u00e7as no milho tem se alterado em fun\u00e7\u00e3o da expans\u00e3o da fronteira agr\u00edcola, das janelas de plantio, do uso cont\u00ednuo de sistemas irrigados e da baixa rotatividade de culturas. A ado\u00e7\u00e3o de h\u00edbridos mais suscet\u00edveis em algumas regi\u00f5es tamb\u00e9m contribui para o aparecimento de novas infesta\u00e7\u00f5es e o aumento da severidade nas lavouras.<\/p>\n<p>Entre os principais problemas relatados est\u00e3o a ferrugem-polisora, mancha-foliar, mancha-de-\u00a0<em>phaeosphaeria\u00a0<\/em>e cercosporiose. Em variedades sens\u00edveis, perdas entre 8 e 10 sacas por hectare t\u00eam sido registradas quando n\u00e3o h\u00e1 controle adequado. A combina\u00e7\u00e3o de umidade elevada, temperaturas altas e restos culturais infectados cria condi\u00e7\u00f5es ideais para o avan\u00e7o dos pat\u00f3genos.<\/p>\n<p>A cercosporiose, por exemplo, pode surgir entre 13 e 16 dias ap\u00f3s a infec\u00e7\u00e3o, apresentando manchas alongadas paralelas \u00e0s nervuras, com potencial de perdas superiores a 80% em variedades suscet\u00edveis. Sua dissemina\u00e7\u00e3o ocorre via vento, respingos de chuva e res\u00edduos culturais, sendo favorecida por temperaturas entre 22\u00baC e 30\u00baC e per\u00edodos prolongados de umidade.<\/p>\n<p>J\u00e1 a mancha-de-phaeosphaeria apresenta les\u00f5es inicialmente encharcadas que evoluem para necrose e colora\u00e7\u00e3o palha, podendo causar perdas superiores a 60%. Essa doen\u00e7a \u00e9 comum em todas as regi\u00f5es produtoras, com maior ocorr\u00eancia em ambientes de alta precipita\u00e7\u00e3o e noites mais frias, pr\u00f3ximas a 14\u00baC.<\/p>\n<p>A ferrugem-polisora, mais frequente no Centro-Oeste, Noroeste de Minas Gerais, S\u00e3o Paulo e parte do Paran\u00e1, pode gerar redu\u00e7\u00f5es de at\u00e9 44% na produtividade. Seus sintomas incluem p\u00fastulas circulares distribu\u00eddas principalmente na face superior das folhas, e sua dissemina\u00e7\u00e3o tamb\u00e9m ocorre pelo vento. A doen\u00e7a se intensifica em ambientes com altas temperaturas (27\u00baC a 30\u00baC) e umidade elevada.<\/p>\n<p><strong>Manejo preventivo ganha protagonismo na safra ver\u00e3o<\/strong><\/p>\n<p>Diante desse cen\u00e1rio, o manejo preventivo assume papel fundamental. A recomenda\u00e7\u00e3o dos especialistas \u00e9 iniciar os programas de controle antes do aparecimento dos sintomas, aliado ao monitoramento frequente da lavoura. A fase inicial do desenvolvimento, at\u00e9 o pr\u00e9-pendoamento, \u00e9 considerada decisiva para preservar o potencial produtivo.<\/p>\n<p>O gerente de Marketing Regional da IHARA destaca que fungicidas com a\u00e7\u00e3o sist\u00eamica, alta mobilidade e boa performance mesmo sob condi\u00e7\u00f5es clim\u00e1ticas desfavor\u00e1veis t\u00eam se mostrado determinantes. Segundo ele, o fungicida\u00a0<a title=\"https:\/\/ihara.com.br\/produtos\/fusao-ec-milho\/\" href=\"https:\/\/ihara.com.br\/produtos\/fusao-ec-milho\/\" target=\"_blank\" rel=\"noreferrer noopener\" shape=\"rect\" data-auth=\"NotApplicable\" data-linkindex=\"1\"><strong>FUS\u00c3O EC<\/strong><\/a>, da IHARA, tem apresentado resultados consistentes no controle das principais doen\u00e7as do milho no Pa\u00eds. \u201c<em>O milho \u00e9 extremamente sens\u00edvel ao avan\u00e7o dos pat\u00f3genos. Nosso compromisso \u00e9 oferecer solu\u00e7\u00f5es que ajudem o produtor a proteger sua lavoura com efici\u00eancia e seguran\u00e7a. Essa tecnologia contribui com a produtividade e a sustentabilidade\u201d,<\/em> refor\u00e7a Garcia.<\/p>\n<p>O FUS\u00c3O EC apresenta r\u00e1pida absor\u00e7\u00e3o e transloca\u00e7\u00e3o sist\u00eamica, caracter\u00edsticas que favorecem a prote\u00e7\u00e3o da planta mesmo em cen\u00e1rios de chuva frequente, quando a janela de aplica\u00e7\u00e3o \u00e9 estreita. A absor\u00e7\u00e3o veloz do produto pela planta antes que a chuva o lave \u00e9 um ponto importante para sua boa performance. Al\u00e9m disso, sua formula\u00e7\u00e3o combina dois ativos de forma sin\u00e9rgica, ampliando o espectro e a efici\u00eancia do controle. Essa tecnologia se destaca pela atua\u00e7\u00e3o preventiva e curativa e pela boa consist\u00eancia em diferentes regi\u00f5es produtoras.<\/p>\n<p>Garcia ressalta a import\u00e2ncia da r\u00e1pida fixa\u00e7\u00e3o do produto \u00e0 superf\u00edcie foliar e a baixa exposi\u00e7\u00e3o dos pat\u00f3genos \u00e0 formula\u00e7\u00e3o inovadora, fatores que ajudam a reduzir riscos de resist\u00eancia e garantir maior longevidade ao manejo. Ele refor\u00e7a ainda que, al\u00e9m do produto apresentar o melhor desempenho no combate \u00e0s doen\u00e7as, Fus\u00e3o EC tamb\u00e9m tem um custo muito mais acess\u00edvel quando comparado com a maioria das tecnologias equivalentes no mercado.<\/p>\n<p><strong>Estrat\u00e9gias integradas para um ambiente cada vez mais desafiador<\/strong><\/p>\n<p>Com mais de seis d\u00e9cadas dedicadas \u00e0 pesquisa e desenvolvimento, a IHARA refor\u00e7a que o manejo integrado continuar\u00e1 sendo a principal estrat\u00e9gia do agricultor para garantir a produtividade. Monitoramento, escolha de h\u00edbridos adaptados, rota\u00e7\u00e3o de culturas, adequa\u00e7\u00e3o dos restos culturais e uso criterioso de fungicidas s\u00e3o pr\u00e1ticas indispens\u00e1veis para reduzir vulnerabilidades em um ambiente de crescente press\u00e3o de doen\u00e7as.<\/p>\n<p><em>\u201c\u00c0 medida que o plantio avan\u00e7a, as pr\u00f3ximas semanas ser\u00e3o decisivas para definir se a safra acompanhar\u00e1 as proje\u00e7\u00f5es otimistas ou enfrentar\u00e1 limita\u00e7\u00f5es impostas pela severidade dos pat\u00f3genos. A resposta est\u00e1 na antecipa\u00e7\u00e3o: quem age antes, colhe mais<\/em>\u201d, finaliza o gerente de Marketing Regional da IHARA.<\/p>\n<p><strong>Sobre a IHARA<\/strong><\/p>\n<p>A IHARA \u00e9 uma empresa de pesquisa e desenvolvimento que h\u00e1 60 anos leva solu\u00e7\u00f5es para a agricultura brasileira, setor no qual \u00e9 reconhecida como fonte de inova\u00e7\u00e3o e tecnologia japonesa como uma marca que tem a credibilidade e a confian\u00e7a dos seus clientes. A empresa conta com um portf\u00f3lio completo de fungicidas, herbicidas, inseticidas, biol\u00f3gicos, acaricidas e produtos especiais somando mais de 60 solu\u00e7\u00f5es que contribuem para a prote\u00e7\u00e3o de mais de 100 diferentes tipos de cultivos, colaborando para que os agricultores possam produzir cada vez mais alimentos, com mais qualidade e de forma sustent\u00e1vel. Em 2022, a IHARA ingressou no segmento de pastagem, oferecendo solu\u00e7\u00f5es inovadoras para o pecuarista brasileiro.\u00a0Para mais informa\u00e7\u00f5es, acesse o site da\u00a0<a title=\"http:\/\/www.ihara.com.br\" href=\"http:\/\/www.ihara.com.br\/\" target=\"_blank\" rel=\"noreferrer noopener\" shape=\"rect\" data-auth=\"NotApplicable\" data-linkindex=\"2\">IHARA.<\/a>\u00a0\u00a0<\/p>\n<hr \/>\n<h6><strong>Attuale Comunica\u00e7\u00e3o<\/strong><\/h6>\n<\/div>\n\n\n<center><iframe loading=\"lazy\" class=\"jmvplayer\" src=\"https:\/\/player.jmvstream.com\/lvw\/YYGWo5wfZuZ8fEW7Qoq1ISwhLSEDhU\" allowfullscreen allow=\"autoplay; fullscreen\" frameborder=\"0\" width=\"640\" height=\"360\" ><\/iframe><\/center>\n<\/div><\/div>","protected":false},"excerpt":{"rendered":"<p>Clima favor\u00e1vel a pat\u00f3genos e aumento da incid\u00eancia de doen\u00e7as refor\u00e7am a necessidade de manejo preventivo e uso estrat\u00e9gico de fungicidas nas fases iniciais da cultura O plantio do\u00a0milho\u00a0ver\u00e3o avan\u00e7a em ritmo acelerado pelo Brasil, mas o cen\u00e1rio positivo convive com um desafio recorrente: a intensifica\u00e7\u00e3o das doen\u00e7as que t\u00eam causado preju\u00edzos significativos nas \u00faltimas [&hellip;]<\/p>\n","protected":false},"author":4,"featured_media":80396,"comment_status":"open","ping_status":"open","sticky":false,"template":"","format":"standard","meta":{"footnotes":""},"categories":[1],"tags":[],"class_list":["post-80395","post","type-post","status-publish","format-standard","has-post-thumbnail","hentry","category-sem-categoria"],"_links":{"self":[{"href":"http:\/\/sol.fm.br\/radio\/wp-json\/wp\/v2\/posts\/80395","targetHints":{"allow":["GET"]}}],"collection":[{"href":"http:\/\/sol.fm.br\/radio\/wp-json\/wp\/v2\/posts"}],"about":[{"href":"http:\/\/sol.fm.br\/radio\/wp-json\/wp\/v2\/types\/post"}],"author":[{"embeddable":true,"href":"http:\/\/sol.fm.br\/radio\/wp-json\/wp\/v2\/users\/4"}],"replies":[{"embeddable":true,"href":"http:\/\/sol.fm.br\/radio\/wp-json\/wp\/v2\/comments?post=80395"}],"version-history":[{"count":1,"href":"http:\/\/sol.fm.br\/radio\/wp-json\/wp\/v2\/posts\/80395\/revisions"}],"predecessor-version":[{"id":80397,"href":"http:\/\/sol.fm.br\/radio\/wp-json\/wp\/v2\/posts\/80395\/revisions\/80397"}],"wp:featuredmedia":[{"embeddable":true,"href":"http:\/\/sol.fm.br\/radio\/wp-json\/wp\/v2\/media\/80396"}],"wp:attachment":[{"href":"http:\/\/sol.fm.br\/radio\/wp-json\/wp\/v2\/media?parent=80395"}],"wp:term":[{"taxonomy":"category","embeddable":true,"href":"http:\/\/sol.fm.br\/radio\/wp-json\/wp\/v2\/categories?post=80395"},{"taxonomy":"post_tag","embeddable":true,"href":"http:\/\/sol.fm.br\/radio\/wp-json\/wp\/v2\/tags?post=80395"}],"curies":[{"name":"wp","href":"https:\/\/api.w.org\/{rel}","templated":true}]}}