{"id":80398,"date":"2025-11-25T14:21:09","date_gmt":"2025-11-25T17:21:09","guid":{"rendered":"http:\/\/sol.fm.br\/radio\/?p=80398"},"modified":"2025-11-25T14:21:12","modified_gmt":"2025-11-25T17:21:12","slug":"farinha-de-arroz-5-pratos-leves-e-sem-gluten-para-incluir-no-cardapio-do-dia-a-dia","status":"publish","type":"post","link":"http:\/\/sol.fm.br\/radio\/farinha-de-arroz-5-pratos-leves-e-sem-gluten-para-incluir-no-cardapio-do-dia-a-dia\/","title":{"rendered":"Farinha de arroz: 5 pratos leves e sem gl\u00faten para incluir no card\u00e1pio do dia a dia"},"content":{"rendered":"<div id=\"dslc-theme-content\"><div id=\"dslc-theme-content-inner\"><p style=\"text-align: center;\"><i data-olk-copy-source=\"MessageBody\">A Josapar, detentora da marca Tio Jo\u00e3o, destaca os benef\u00edcios da farinha de arroz e apresenta receitas especiais que valorizam sua leveza e versatilidade<\/i><\/p>\n<div>\n<p>A busca por uma alimenta\u00e7\u00e3o mais leve, natural e alinhada a novos h\u00e1bitos de bem-estar tem ampliado o interesse dos brasileiros por ingredientes acess\u00edveis, nutritivos e vers\u00e1teis. Nesse movimento, a farinha de arroz vem ganhando protagonismo na cozinha, tanto de quem deseja variar as prepara\u00e7\u00f5es do dia a dia quanto de consumidores que preferem alternativas naturalmente livres de gl\u00faten, mais f\u00e1ceis de digerir e com sabor neutro.<\/p>\n<p>Produzida a partir do gr\u00e3o de arroz mo\u00eddo, a farinha de arroz se destaca por sua textura fina, pela leveza que oferece \u00e0s massas e pela capacidade de substituir parcial ou totalmente a farinha de trigo em uma ampla gama de preparos. Rica em carboidratos complexos, ela fornece energia de forma gradual e contribui para receitas mais equilibradas. Sua versatilidade tamb\u00e9m a torna uma aliada para quem busca adaptar receitas tradicionais, mantendo maciez, croc\u00e2ncia e sabor.<\/p>\n<p>Nesse contexto, a\u00a0Josapar\u00a0refor\u00e7a essa tend\u00eancia ao disponibilizar, por meio da marca\u00a0Tio Jo\u00e3o, sua\u00a0Farinha de Arroz, que combina praticidade, pureza e qualidade. Para inspirar os consumidores a explorar todo o potencial desse ingrediente, a companhia preparou uma sele\u00e7\u00e3o de receitas que exaltam sua leveza e m\u00faltiplas aplica\u00e7\u00f5es na culin\u00e1ria cotidiana. Confira!<\/p>\n<p><a title=\"https:\/\/tiojoao.com.br\/receitas\/torta-salgada-de-azeitona-e-atum\/\" href=\"https:\/\/tiojoao.com.br\/receitas\/torta-salgada-de-azeitona-e-atum\/\" target=\"_blank\" rel=\"noreferrer noopener\" shape=\"rect\" data-auth=\"NotApplicable\" data-linkindex=\"0\"><strong data-olk-copy-source=\"MessageBody\">Torta salgada de azeitona e atum<\/strong><\/a><\/p>\n<p><strong>Ingredientes<\/strong><\/p>\n<p>- 1 \u00bd x\u00edcara de\u00a0Farinha de Arroz Tio Jo\u00e3o Sem Gl\u00faten\u00a0<\/p>\n<p>- 2 x\u00edcaras (ch\u00e1) de leite<\/p>\n<p>- 2 ovos<\/p>\n<p>- Salsinha ou cebolinha a gosto<\/p>\n<p>- Sal a gosto<\/p>\n<p>- 2 latas de atum<\/p>\n<p>- \u00bd x\u00edcara de azeitona verde sem caro\u00e7o<\/p>\n<p>- \u00bd x\u00edcara de\u00a0Azeite Nova Oliva<\/p>\n<p>- 2 colheres (sopa) de chia<\/p>\n<p>- Queijo ralado a gosto (opcional)<\/p>\n<p>- Or\u00e9gano a gosto (opcional)<\/p>\n<p>- Tomate em cubos (opcional)<\/p>\n<p><strong>Modo de preparo<\/strong><\/p>\n<p>Bata no liquidificador todos os ingredientes, exceto a salsinha, o atum e a azeitona. Em um recipiente, coloque os demais ingredientes e misture bem com um garfo. Se desejar, adicione cubos de tomate. Em uma forma retangular de 24 cm untada, despeje metade da massa e espalhe o recheio com uma colher. Com uma esp\u00e1tula, finalize com o restante da massa. Se preferir, pode acrescentar or\u00e9gano ou queijo ralado. Leve para assar em forno preaquecido a 180\u00b0C por 25 a 30 minutos ou at\u00e9 dourar.<\/p>\n<p><a title=\"https:\/\/tiojoao.com.br\/receitas\/quiche-lorraine\/\" href=\"https:\/\/tiojoao.com.br\/receitas\/quiche-lorraine\/\" target=\"_blank\" rel=\"noreferrer noopener\" shape=\"rect\" data-auth=\"NotApplicable\" data-linkindex=\"1\"><strong data-olk-copy-source=\"MessageBody\">Quiche lorraine<\/strong><\/a><\/p>\n<p><strong>Ingredientes<\/strong><\/p>\n<p><strong>Massa:\u00a0<\/strong><\/p>\n<p>- 2 x\u00edcaras (ch\u00e1) de\u00a0Farinha de Arroz Tio Jo\u00e3o Sem Gl\u00faten\u00a0<\/p>\n<p>- 125 g de manteiga gelada cortada em cubos\u00a0<\/p>\n<p>- 1 pitada de sal\u00a0<\/p>\n<p>- 100 ml de \u00e1gua gelada\u00a0<\/p>\n<p>-50 ml de\u00a0Azeite Nova Oliva\u00a0<\/p>\n<p><strong>Recheio:\u00a0\u00a0<\/strong><\/p>\n<p>- 50 ml de\u00a0Azeite Nova Oliva\u00a0<\/p>\n<p>- 150 g de bacon em cubos\u00a0<\/p>\n<p>- 4 ovos\u00a0<\/p>\n<p>- 400 ml de creme de leite\u00a0<\/p>\n<p>- 120 g de queijo emmental ralado\u00a0<\/p>\n<p>- Sal e pimenta-do-reino a gosto\u00a0<\/p>\n<p>- 10 g de noz-moscada\u00a0<\/p>\n<p><strong>Modo de preparo<\/strong><\/p>\n<p><strong>Massa:<\/strong><\/p>\n<p>Em um recipiente, misture a\u00a0Farinha de Arroz Tio Jo\u00e3o Sem Gl\u00faten, o sal e a manteiga com a ponta dos dedos, at\u00e9 formar uma farofa. Acrescente a \u00e1gua gelada aos poucos, at\u00e9 que a massa fique homog\u00eanea.\u00a0<\/p>\n<p>Coloque na geladeira coberta por um filme pl\u00e1stico por 25 minutos. Em seguida, abra a massa e forre a forma untada com o\u00a0Azeite Nova Oliva. Fa\u00e7a furos na massa com um garfo e coloque para assar no forno preaquecido em 180\u00b0 C por 10 minutos.\u00a0\u00a0<\/p>\n<p><strong>Recheio:<\/strong><\/p>\n<p>Em uma frigideira, aque\u00e7a o\u00a0Azeite Nova Oliva\u00a0e frite os bacons em fogo baixo at\u00e9 dourar. Retire e deixe escorrer. Em um recipiente junte os ovos, o creme de leite e o queijo ralado e misture bem com a ajuda de um fue. Tempere com sal, pimenta e a noz-moscada. Em seguida, acrescente o bacon. Despeje a mistura uniformemente sobre a massa pr\u00e9-assada e volte novamente ao forno por mais 25 minutos ou at\u00e9 come\u00e7ar a dourar e o recheio ficar firme. Desenforme e sirva em seguida.\u00a0<\/p>\n<p><a title=\"https:\/\/tiojoao.com.br\/receitas\/torta-de-amendoas\/\" href=\"https:\/\/tiojoao.com.br\/receitas\/torta-de-amendoas\/\" target=\"_blank\" rel=\"noreferrer noopener\" shape=\"rect\" data-auth=\"NotApplicable\" data-linkindex=\"2\"><strong>Torta de am\u00eandoas<\/strong><\/a><\/p>\n<p><strong>Ingredientes<\/strong><\/p>\n<p>- 3 ovos\u00a0<\/p>\n<p>- 125 g de manteiga\u00a0<\/p>\n<p>- \u00bd x\u00edcara (ch\u00e1) de a\u00e7\u00facar\u00a0<\/p>\n<p>- 2 x\u00edcaras (ch\u00e1) de\u00a0Farinha de Arroz Tio Jo\u00e3o Sem Gl\u00faten\u00a0<\/p>\n<p>- 1 colher (ch\u00e1) de fermento em p\u00f3\u00a0<\/p>\n<p>- 1 colher (caf\u00e9) de extrato de am\u00eandoas\u00a0<\/p>\n<p>- 50 ml de\u00a0Azeite Nova Oliva\u00a0<\/p>\n<p>- 100 g de am\u00eandoas trituradas\u00a0<\/p>\n<p><strong>Modo de preparo<\/strong><\/p>\n<p>Em um recipiente, coloque as claras e bata at\u00e9 atingir o ponto de neve. Reserve. Em uma batedeira, coloque a manteiga, o a\u00e7\u00facar e bata at\u00e9 obter um creme homog\u00eaneo. Adicione uma gema por vez, batendo sem parar. Desligue a batedeira e adicione a farinha de arroz, o fermento, o extrato de am\u00eandoas e misture bem. Adicione as claras em neve, mexendo cuidadosamente.<\/p>\n<p>Coloque a massa numa forma untada com\u00a0Azeite Nova Oliva\u00a0e leve para assar em forno preaquecido a 180\u00b0 C por meia hora. Assim que esfriar, decore com as am\u00eandoas trituradas e sirva em seguida.\u00a0<\/p>\n<p><a title=\"https:\/\/tiojoao.com.br\/receitas\/minibolo-de-banana-e-chocolate\/\" href=\"https:\/\/tiojoao.com.br\/receitas\/minibolo-de-banana-e-chocolate\/\" target=\"_blank\" rel=\"noreferrer noopener\" shape=\"rect\" data-auth=\"NotApplicable\" data-linkindex=\"3\"><strong>Minibolo de banana e chocolate<\/strong><\/a><\/p>\n<p><strong>Ingredientes<\/strong><\/p>\n<p>- \u00bd x\u00edcara (ch\u00e1) de\u00a0Farinha de Arroz Tio Jo\u00e3o \u2013 Sem Gl\u00faten<br clear=\"none\" \/>- \u00bc de x\u00edcara (ch\u00e1) de f\u00e9cula de batata<br clear=\"none\" \/>- \u00bc de x\u00edcara (ch\u00e1) de polvilho doce<br clear=\"none\" \/>- \u00bc de x\u00edcara (ch\u00e1) de cacau em p\u00f3<br clear=\"none\" \/>- \u00bd x\u00edcara (ch\u00e1) de a\u00e7\u00facar demerara<br clear=\"none\" \/>- \u00bc de x\u00edcara (ch\u00e1) de chocolate amargo (sem leite na composi\u00e7\u00e3o) picado<br clear=\"none\" \/>- 2 colheres (sopa) de farinha de linha\u00e7a<br clear=\"none\" \/>- 1 colher (sopa) de fermento qu\u00edmico<br clear=\"none\" \/>- 1 pitada de sal<br clear=\"none\" \/>- \u00bc de x\u00edcara (ch\u00e1) de \u00f3leo vegetal<br clear=\"none\" \/>- \u00bc de x\u00edcara (ch\u00e1) de banana-caturra (nanica) amassada<br clear=\"none\" \/>- 1 x\u00edcara (ch\u00e1) de \u00e1gua<br clear=\"none\" \/>- 2 colheres (sopa) de vinagre de ma\u00e7\u00e3 ou arroz<br clear=\"none\" \/>- Rodelas de banana para decorar<\/p>\n<p><strong>Modo de preparo<\/strong><\/p>\n<p>Pr\u00e9-aque\u00e7a o forno a 200\u00b0 C e coloque 6 formas de minibolo em uma assadeira. Em uma tigela, misture todos os ingredientes secos. Abra um buraco no centro e adicione o \u00f3leo, a banana amassada, a \u00e1gua e o vinagre. Misture at\u00e9 obter uma massa pastosa. Distribua a massa nas forminhas, completando-as at\u00e9 sobrar 1 dedo vazio. Decore com 3 rodelas de banana. Asse por 15 minutos em forno a 200\u00b0 C ou at\u00e9 inserir um palito e ele sair seco.<\/p>\n<hr \/>\n<h6><strong>ATDC Group | Foto: Divulga\u00e7\u00e3o<\/strong><\/h6>\n<\/div>\n\n\n<center><iframe loading=\"lazy\" class=\"jmvplayer\" src=\"https:\/\/player.jmvstream.com\/lvw\/YYGWo5wfZuZ8fEW7Qoq1ISwhLSEDhU\" allowfullscreen allow=\"autoplay; fullscreen\" frameborder=\"0\" width=\"640\" height=\"360\" ><\/iframe><\/center>\n<\/div><\/div>","protected":false},"excerpt":{"rendered":"<p>A Josapar, detentora da marca Tio Jo\u00e3o, destaca os benef\u00edcios da farinha de arroz e apresenta receitas especiais que valorizam sua leveza e versatilidade A busca por uma alimenta\u00e7\u00e3o mais leve, natural e alinhada a novos h\u00e1bitos de bem-estar tem ampliado o interesse dos brasileiros por ingredientes acess\u00edveis, nutritivos e vers\u00e1teis. Nesse movimento, a farinha [&hellip;]<\/p>\n","protected":false},"author":4,"featured_media":80399,"comment_status":"open","ping_status":"open","sticky":false,"template":"","format":"standard","meta":{"footnotes":""},"categories":[1],"tags":[],"class_list":["post-80398","post","type-post","status-publish","format-standard","has-post-thumbnail","hentry","category-sem-categoria"],"_links":{"self":[{"href":"http:\/\/sol.fm.br\/radio\/wp-json\/wp\/v2\/posts\/80398","targetHints":{"allow":["GET"]}}],"collection":[{"href":"http:\/\/sol.fm.br\/radio\/wp-json\/wp\/v2\/posts"}],"about":[{"href":"http:\/\/sol.fm.br\/radio\/wp-json\/wp\/v2\/types\/post"}],"author":[{"embeddable":true,"href":"http:\/\/sol.fm.br\/radio\/wp-json\/wp\/v2\/users\/4"}],"replies":[{"embeddable":true,"href":"http:\/\/sol.fm.br\/radio\/wp-json\/wp\/v2\/comments?post=80398"}],"version-history":[{"count":1,"href":"http:\/\/sol.fm.br\/radio\/wp-json\/wp\/v2\/posts\/80398\/revisions"}],"predecessor-version":[{"id":80400,"href":"http:\/\/sol.fm.br\/radio\/wp-json\/wp\/v2\/posts\/80398\/revisions\/80400"}],"wp:featuredmedia":[{"embeddable":true,"href":"http:\/\/sol.fm.br\/radio\/wp-json\/wp\/v2\/media\/80399"}],"wp:attachment":[{"href":"http:\/\/sol.fm.br\/radio\/wp-json\/wp\/v2\/media?parent=80398"}],"wp:term":[{"taxonomy":"category","embeddable":true,"href":"http:\/\/sol.fm.br\/radio\/wp-json\/wp\/v2\/categories?post=80398"},{"taxonomy":"post_tag","embeddable":true,"href":"http:\/\/sol.fm.br\/radio\/wp-json\/wp\/v2\/tags?post=80398"}],"curies":[{"name":"wp","href":"https:\/\/api.w.org\/{rel}","templated":true}]}}