{"id":80404,"date":"2025-11-25T14:35:36","date_gmt":"2025-11-25T17:35:36","guid":{"rendered":"http:\/\/sol.fm.br\/radio\/?p=80404"},"modified":"2025-11-25T14:35:39","modified_gmt":"2025-11-25T17:35:39","slug":"ceo-da-insider-da-7-dicas-para-empreender-no-setor-da-moda","status":"publish","type":"post","link":"http:\/\/sol.fm.br\/radio\/ceo-da-insider-da-7-dicas-para-empreender-no-setor-da-moda\/","title":{"rendered":"CEO da INSIDER d\u00e1 7 Dicas para Empreender no Setor da Moda"},"content":{"rendered":"<div id=\"dslc-theme-content\"><div id=\"dslc-theme-content-inner\"><p style=\"text-align: center;\"><i data-olk-copy-source=\"MessageBody\">Para Yuri Gricheno, CEO e cofundador da INSIDER, o futuro da moda depende de prop\u00f3sito, efici\u00eancia e sustentabilidade \u2014 pilares que levaram a marca a projetar faturamento de R$ 600 milh\u00f5es em 2025<\/i><\/p>\n<div>\n<p>Empreender no setor da moda \u00e9 um desafio que combina criatividade, gest\u00e3o e aten\u00e7\u00e3o constante \u00e0s transforma\u00e7\u00f5es do comportamento do consumidor. Nesse ambiente em que inova\u00e7\u00e3o e prop\u00f3sito caminham lado a lado, o sucesso depende de decis\u00f5es estrat\u00e9gicas que v\u00e3o muito al\u00e9m da est\u00e9tica das pe\u00e7as. Quem diz \u00e9 Yuri Gricheno, CEO e cofundador da INSIDER, refer\u00eancia brasileira em moda tecnol\u00f3gica e sustent\u00e1vel, , que tem como prop\u00f3sito promover o better living: um estilo de vida que une tecnologia, conforto e responsabilidade ambiental.<\/p>\n<p>No Brasil, o mercado t\u00eaxtil-moda apresenta um cen\u00e1rio de oportunidade, mas tamb\u00e9m de alto risco para quem quer empreender. Por exemplo, o mercado de artigos de moda no Brasil alcan\u00e7ou cerca de US$ 33 bilh\u00f5es atualmente, com proje\u00e7\u00e3o de crescimento para US$ 39 bilh\u00f5es at\u00e9 2029, de acordo com o\u00a0<a title=\"https:\/\/www.statista.com\/forecasts\/1395042\/apparel-market-revenue-by-segment-brazil\" href=\"https:\/\/www.statista.com\/forecasts\/1395042\/apparel-market-revenue-by-segment-brazil\" target=\"_blank\" rel=\"noreferrer noopener\" shape=\"rect\" data-auth=\"NotApplicable\" data-linkindex=\"0\">Statista<\/a>. No entanto, \u00e9 preciso planejamento. De acordo com\u00a0<a title=\"https:\/\/www.ibge.gov.br\/estatisticas\/economicas\/servicos\/22649-demografia-das-empresas-e-estatisticas-de-empreendedorismo.html\" href=\"https:\/\/www.ibge.gov.br\/estatisticas\/economicas\/servicos\/22649-demografia-das-empresas-e-estatisticas-de-empreendedorismo.html\" target=\"_blank\" rel=\"noreferrer noopener\" shape=\"rect\" data-auth=\"NotApplicable\" data-linkindex=\"1\">relat\u00f3rio<\/a>\u00a0\u201cDemografia das Empresas e Estat\u00edsticas de Empreendedorismo 2022\u201d com 6 em cada 10 empresas que nascem no Pa\u00eds n\u00e3o sobrevivem ap\u00f3s cinco anos.<\/p>\n<p>Esse duplo movimento \u2014 mercado grande, mas com barreiras elevadas \u2014 refor\u00e7a que empreender em moda exige compet\u00eancias muito al\u00e9m do design, incluindo cadeia de suprimentos, an\u00e1lise de consumo e controle r\u00edgido de custos e desperd\u00edcios.<\/p>\n<p>Segundo\u00a0<a title=\"https:\/\/www.unep.org\/news-and-stories\/press-release\/unsustainable-fashion-and-textiles-focus-international-day-zero?utm_source=chatgpt.com\" href=\"https:\/\/www.unep.org\/news-and-stories\/press-release\/unsustainable-fashion-and-textiles-focus-international-day-zero?utm_source=chatgpt.com\" target=\"_blank\" rel=\"noreferrer noopener\" shape=\"rect\" data-auth=\"NotApplicable\" data-linkindex=\"2\">estimativas<\/a>\u00a0do Programa das Na\u00e7\u00f5es Unidas para o Meio Ambiente (Pnuma), a ind\u00fastria da moda gera cerca de 92 milh\u00f5es de toneladas de res\u00edduos t\u00eaxteis por ano, volume que pode chegar a 134 milh\u00f5es at\u00e9 2030 se o ritmo atual de produ\u00e7\u00e3o for mantido.<\/p>\n<p>Com oito anos \u00e0 frente da INSIDER \u2013 que somente em 2025 deve faturar R$ 600 milh\u00f5es \u2013, o executivo lista algumas li\u00e7\u00f5es pr\u00e1ticas baseadas na experi\u00eancia de construir uma marca que alia tecnologia t\u00eaxtil, sustentabilidade e efici\u00eancia de neg\u00f3cios.<\/p>\n<ol>\n<li><strong>Tenha prop\u00f3sito e clareza de posicionamento<\/strong><\/li>\n<\/ol>\n<p>Antes de lan\u00e7ar qualquer cole\u00e7\u00e3o, \u00e9 fundamental entender o porqu\u00ea da marca existir e qual problema ela resolve. No caso da INSIDER, o foco foi unir performance e estilo, criando roupas funcionais e sustent\u00e1veis.\u00a0<\/p>\n<p>\u201c<em>N\u00e3o basta vender roupa; \u00e9 preciso oferecer valor real ao consumidor e ter uma narrativa coerente com esse prop\u00f3sito\u201d<\/em>, afirma Yuri Gricheno. Marcas que n\u00e3o comunicam claramente seu diferencial tendem a se perder em meio ao excesso de ofertas do mercado.<\/p>\n<ol start=\"2\">\n<li><strong>Pesquise bons fornecedores<\/strong><\/li>\n<\/ol>\n<p>O cora\u00e7\u00e3o de uma marca de moda est\u00e1 na qualidade dos materiais e na confiabilidade da cadeia de produ\u00e7\u00e3o. Buscar fornecedores comprometidos com prazos, certifica\u00e7\u00f5es e pr\u00e1ticas \u00e9ticas \u00e9 essencial para evitar dores de cabe\u00e7a futuras. Al\u00e9m disso, desenvolver parcerias de longo prazo com tecelagens e confec\u00e7\u00f5es que compartilhem dos mesmos valores ajuda a manter o padr\u00e3o de qualidade e a reduzir custos no longo prazo.<\/p>\n<ol start=\"3\">\n<li><strong>Evite desperd\u00edcios e priorize sustentabilidade<\/strong><\/li>\n<\/ol>\n<p>A moda \u00e9 uma das ind\u00fastrias mais poluentes do mundo, e o empreendedor que ignora essa realidade corre o risco de ficar para tr\u00e1s. Otimizar o uso de tecidos, planejar cole\u00e7\u00f5es com base em dados de vendas anteriores e investir em mat\u00e9rias-primas recicladas ou de baixo impacto ambiental s\u00e3o caminhos que unem responsabilidade e lucratividade.\u00a0<\/p>\n<p>\u201c<em>A sustentabilidade deixou de ser um diferencial, \u00e9 um pr\u00e9-requisito para qualquer marca relevante no mercado<\/em>\u201d, diz Gricheno.<\/p>\n<ol start=\"4\">\n<li><strong>Acompanhe tend\u00eancias e ou\u00e7a o consumidor<\/strong><\/li>\n<\/ol>\n<p>Mais do que seguir modismos, acompanhar tend\u00eancias \u00e9 entender o movimento cultural e tecnol\u00f3gico que influencia o comportamento de compra. Hoje, as redes sociais e o com\u00e9rcio digital permitem feedbacks em tempo real, o que torna essencial manter um canal aberto com o p\u00fablico. Marcas que escutam seus clientes conseguem ajustar cole\u00e7\u00f5es com mais precis\u00e3o e lan\u00e7am produtos com maior aceita\u00e7\u00e3o.<\/p>\n<ol start=\"5\">\n<li><strong>Invista em tecnologia e efici\u00eancia operacional<\/strong><\/li>\n<\/ol>\n<p>Digitaliza\u00e7\u00e3o \u00e9 sin\u00f4nimo de competitividade no setor da moda. Ferramentas de gest\u00e3o de estoque, modelagem digital e an\u00e1lise de dados podem reduzir custos e evitar erros de produ\u00e7\u00e3o. Al\u00e9m disso, investir em e-commerce e em experi\u00eancia omnichannel permite alcan\u00e7ar consumidores em diferentes pontos de contato, fortalecendo a presen\u00e7a da marca.<\/p>\n<ol start=\"6\">\n<li><strong>Fortale\u00e7a a identidade visual e a comunica\u00e7\u00e3o<\/strong><\/li>\n<\/ol>\n<p>A est\u00e9tica \u00e9 o primeiro contato do consumidor com a marca, mas deve estar sustentada por uma identidade consistente. Desde o logotipo at\u00e9 o estilo das campanhas e o tom de voz nas redes sociais, cada detalhe precisa refletir os valores da empresa. No caso da INSIDER, a comunica\u00e7\u00e3o minimalista e funcional refor\u00e7a o conceito de \u201ctecnologia aplicada ao dia a dia\u201d, consolidando a marca no imagin\u00e1rio do p\u00fablico.<\/p>\n<ol start=\"7\">\n<li><strong>Planeje o crescimento com realismo<\/strong><\/li>\n<\/ol>\n<p>Crescer r\u00e1pido pode ser tentador, mas \u00e9 preciso garantir que a estrutura operacional acompanhe o ritmo. Controlar estoques, prever sazonalidades e manter um fluxo de caixa saud\u00e1vel s\u00e3o pr\u00e1ticas indispens\u00e1veis. O crescimento sustent\u00e1vel depende de disciplina financeira e vis\u00e3o de longo prazo \u2014 especialmente em um mercado t\u00e3o vol\u00e1til quanto o da moda.<\/p>\n<p>Ao combinar prop\u00f3sito, inova\u00e7\u00e3o e responsabilidade, a INSIDER refor\u00e7a que \u00e9 poss\u00edvel crescer sem abrir m\u00e3o da sustentabilidade \u2014 e que o futuro da moda depende de quem entende que efici\u00eancia tamb\u00e9m \u00e9 estilo. Esse compromisso est\u00e1 no centro da filosofia da marca, que traduz em cada produto o conceito de Better Living \u2014 viver melhor por meio da tecnologia, do conforto e da consci\u00eancia ambiental.<\/p>\n<hr \/>\n<h6><strong>Mention | Foto: Divulga\u00e7\u00e3o\/Insider<\/strong><\/h6>\n<\/div>\n\n\n<center><iframe loading=\"lazy\" class=\"jmvplayer\" src=\"https:\/\/player.jmvstream.com\/lvw\/YYGWo5wfZuZ8fEW7Qoq1ISwhLSEDhU\" allowfullscreen allow=\"autoplay; fullscreen\" frameborder=\"0\" width=\"640\" height=\"360\" ><\/iframe><\/center>\n<\/div><\/div>","protected":false},"excerpt":{"rendered":"<p>Para Yuri Gricheno, CEO e cofundador da INSIDER, o futuro da moda depende de prop\u00f3sito, efici\u00eancia e sustentabilidade \u2014 pilares que levaram a marca a projetar faturamento de R$ 600 milh\u00f5es em 2025 Empreender no setor da moda \u00e9 um desafio que combina criatividade, gest\u00e3o e aten\u00e7\u00e3o constante \u00e0s transforma\u00e7\u00f5es do comportamento do consumidor. Nesse [&hellip;]<\/p>\n","protected":false},"author":4,"featured_media":80405,"comment_status":"open","ping_status":"open","sticky":false,"template":"","format":"standard","meta":{"footnotes":""},"categories":[1],"tags":[],"class_list":["post-80404","post","type-post","status-publish","format-standard","has-post-thumbnail","hentry","category-sem-categoria"],"_links":{"self":[{"href":"http:\/\/sol.fm.br\/radio\/wp-json\/wp\/v2\/posts\/80404","targetHints":{"allow":["GET"]}}],"collection":[{"href":"http:\/\/sol.fm.br\/radio\/wp-json\/wp\/v2\/posts"}],"about":[{"href":"http:\/\/sol.fm.br\/radio\/wp-json\/wp\/v2\/types\/post"}],"author":[{"embeddable":true,"href":"http:\/\/sol.fm.br\/radio\/wp-json\/wp\/v2\/users\/4"}],"replies":[{"embeddable":true,"href":"http:\/\/sol.fm.br\/radio\/wp-json\/wp\/v2\/comments?post=80404"}],"version-history":[{"count":1,"href":"http:\/\/sol.fm.br\/radio\/wp-json\/wp\/v2\/posts\/80404\/revisions"}],"predecessor-version":[{"id":80406,"href":"http:\/\/sol.fm.br\/radio\/wp-json\/wp\/v2\/posts\/80404\/revisions\/80406"}],"wp:featuredmedia":[{"embeddable":true,"href":"http:\/\/sol.fm.br\/radio\/wp-json\/wp\/v2\/media\/80405"}],"wp:attachment":[{"href":"http:\/\/sol.fm.br\/radio\/wp-json\/wp\/v2\/media?parent=80404"}],"wp:term":[{"taxonomy":"category","embeddable":true,"href":"http:\/\/sol.fm.br\/radio\/wp-json\/wp\/v2\/categories?post=80404"},{"taxonomy":"post_tag","embeddable":true,"href":"http:\/\/sol.fm.br\/radio\/wp-json\/wp\/v2\/tags?post=80404"}],"curies":[{"name":"wp","href":"https:\/\/api.w.org\/{rel}","templated":true}]}}