{"id":80410,"date":"2025-11-25T14:43:28","date_gmt":"2025-11-25T17:43:28","guid":{"rendered":"http:\/\/sol.fm.br\/radio\/?p=80410"},"modified":"2025-11-25T14:43:30","modified_gmt":"2025-11-25T17:43:30","slug":"reforma-tributaria-para-produtores-rurais-comeca-em-01-01-2026-ja-com-mudancas-na-emissao-dos-documentos-fiscais","status":"publish","type":"post","link":"http:\/\/sol.fm.br\/radio\/reforma-tributaria-para-produtores-rurais-comeca-em-01-01-2026-ja-com-mudancas-na-emissao-dos-documentos-fiscais\/","title":{"rendered":"Reforma Tribut\u00e1ria para produtores rurais come\u00e7a em 01\/01\/2026 j\u00e1 com mudan\u00e7as na emiss\u00e3o dos documentos fiscais"},"content":{"rendered":"<div id=\"dslc-theme-content\"><div id=\"dslc-theme-content-inner\"><p>O primeiro dia de 2026 marcar\u00e1 mais do que a virada de um ano. Ser\u00e1 tamb\u00e9m o in\u00edcio de um cap\u00edtulo na hist\u00f3ria do Brasil. \u00c9 em janeiro que o pa\u00eds entrar\u00e1 oficialmente em Reforma Tribut\u00e1ria. A primeira mudan\u00e7a ser\u00e1 a implementa\u00e7\u00e3o do Imposto sobre Bens e Servi\u00e7os (IBS), que substituir\u00e1 o ICMS estadual e o ISS municipal. A cobran\u00e7a come\u00e7a com uma al\u00edquota simb\u00f3lica de 0,1%, acompanhada da Contribui\u00e7\u00e3o sobre Bens e Servi\u00e7os (CBS), fixada em 0,9%, \u201c<em>mas esses valores ainda n\u00e3o ser\u00e3o recolhidos, pois ser\u00e1 somente um per\u00edodo de testes<\/em>\u201d, explica o advogado tributarista Felipe Azevedo Maia, s\u00f3cio fundador da AZM LAW, Assessoria e Direito Tribut\u00e1rio.<\/p>\n<div id=\"attachment_80411\" style=\"width: 410px\" class=\"wp-caption alignleft\"><img loading=\"lazy\" decoding=\"async\" aria-describedby=\"caption-attachment-80411\" class=\"wp-image-80411 size-medium\" src=\"http:\/\/sol.fm.br\/radio\/wp-content\/uploads\/2025\/11\/11-400x270.jpg\" alt=\"\" width=\"400\" height=\"270\" srcset=\"http:\/\/sol.fm.br\/radio\/wp-content\/uploads\/2025\/11\/11-400x270.jpg 400w, http:\/\/sol.fm.br\/radio\/wp-content\/uploads\/2025\/11\/11-768x519.jpg 768w, http:\/\/sol.fm.br\/radio\/wp-content\/uploads\/2025\/11\/11-1536x1038.jpg 1536w, http:\/\/sol.fm.br\/radio\/wp-content\/uploads\/2025\/11\/11-2048x1384.jpg 2048w\" sizes=\"auto, (max-width: 400px) 100vw, 400px\" \/><p id=\"caption-attachment-80411\" class=\"wp-caption-text\">Foto: Priscila Jacob<\/p><\/div>\n<p>Por isso, documentos fiscais (Nota Fiscal Eletr\u00f4nica, a NF-e; a Nota Fiscal de Consumidor Eletr\u00f4nica, a NFC-e; etc.) j\u00e1 devem obrigatoriamente conter novos campos para contemplar a CBS e o IBS. Para o agro a situa\u00e7\u00e3o \u00e9 mais particular, especificamente em rela\u00e7\u00e3o aos produtores rurais que n\u00e3o t\u00eam sistema de emiss\u00e3o de documentos fiscais pr\u00f3prios, e dependem dos sistemas disponibilizados pelas secretarias de estado da Fazenda. <em>\u201cPor exemplo, o aplicativo da Nota Fiscal F\u00e1cil (NFF) que j\u00e1 \u00e9 adotado pela maioria das secretarias. Esse sistema j\u00e1 est\u00e1 em processo de adapta\u00e7\u00e3o t\u00e9cnica, para que, a partir de 01\/01\/2026 j\u00e1 possa haver a emiss\u00e3o dos documentos fiscais nos moldes corretos<\/em>\u201d, afirma Felipe Azevedo Maia.<\/p>\n<p><em>\u201cAl\u00e9m disso, para evitar rejei\u00e7\u00e3o dos documentos fiscais a partir de janeiro de 2026, \u00e9 essencial j\u00e1 deixar parametrizado os sistemas ERP, sigla para Enterprise Resource Planning, software que integra e centraliza os principais processos de uma empresa, como finan\u00e7as, estoque, vendas e produ\u00e7\u00e3o, para que emitam e transmitam as NF-es com os destaques exigidos, bem como estejam conforme as regras fiscais e de valida\u00e7\u00e3o dos documentos\u201d<\/em>, diz o especialista.<\/p>\n<p>De acordo com Maia, por ser gradativa, o agro tem tempo. O que precisa agora \u00e9 observar as mudan\u00e7as mais t\u00e9cnicas do que conceituais. \u201c<em>A indefini\u00e7\u00e3o quanto \u00e0s al\u00edquotas do CBS e do IBS gera inseguran\u00e7a, especialmente entre empresas de setores mais complexos, como o banc\u00e1rio. J\u00e1 temos ouvido institui\u00e7\u00f5es que n\u00e3o sabem com clareza como seus servi\u00e7os digitais ser\u00e3o tributados, j\u00e1 que \u00e9 t\u00eanue a linha de receitas e servi\u00e7os<\/em>\u201d, completa o fundador da AZM LAW.<\/p>\n<hr \/>\n<h6><strong>ELA Comunica | Foto: Freepik<\/strong><\/h6>\n\n\n<center><iframe loading=\"lazy\" class=\"jmvplayer\" src=\"https:\/\/player.jmvstream.com\/lvw\/YYGWo5wfZuZ8fEW7Qoq1ISwhLSEDhU\" allowfullscreen allow=\"autoplay; fullscreen\" frameborder=\"0\" width=\"640\" height=\"360\" ><\/iframe><\/center>\n<\/div><\/div>","protected":false},"excerpt":{"rendered":"<p>O primeiro dia de 2026 marcar\u00e1 mais do que a virada de um ano. Ser\u00e1 tamb\u00e9m o in\u00edcio de um cap\u00edtulo na hist\u00f3ria do Brasil. \u00c9 em janeiro que o pa\u00eds entrar\u00e1 oficialmente em Reforma Tribut\u00e1ria. A primeira mudan\u00e7a ser\u00e1 a implementa\u00e7\u00e3o do Imposto sobre Bens e Servi\u00e7os (IBS), que substituir\u00e1 o ICMS estadual e [&hellip;]<\/p>\n","protected":false},"author":4,"featured_media":80412,"comment_status":"open","ping_status":"open","sticky":false,"template":"","format":"standard","meta":{"footnotes":""},"categories":[1],"tags":[],"class_list":["post-80410","post","type-post","status-publish","format-standard","has-post-thumbnail","hentry","category-sem-categoria"],"_links":{"self":[{"href":"http:\/\/sol.fm.br\/radio\/wp-json\/wp\/v2\/posts\/80410","targetHints":{"allow":["GET"]}}],"collection":[{"href":"http:\/\/sol.fm.br\/radio\/wp-json\/wp\/v2\/posts"}],"about":[{"href":"http:\/\/sol.fm.br\/radio\/wp-json\/wp\/v2\/types\/post"}],"author":[{"embeddable":true,"href":"http:\/\/sol.fm.br\/radio\/wp-json\/wp\/v2\/users\/4"}],"replies":[{"embeddable":true,"href":"http:\/\/sol.fm.br\/radio\/wp-json\/wp\/v2\/comments?post=80410"}],"version-history":[{"count":1,"href":"http:\/\/sol.fm.br\/radio\/wp-json\/wp\/v2\/posts\/80410\/revisions"}],"predecessor-version":[{"id":80413,"href":"http:\/\/sol.fm.br\/radio\/wp-json\/wp\/v2\/posts\/80410\/revisions\/80413"}],"wp:featuredmedia":[{"embeddable":true,"href":"http:\/\/sol.fm.br\/radio\/wp-json\/wp\/v2\/media\/80412"}],"wp:attachment":[{"href":"http:\/\/sol.fm.br\/radio\/wp-json\/wp\/v2\/media?parent=80410"}],"wp:term":[{"taxonomy":"category","embeddable":true,"href":"http:\/\/sol.fm.br\/radio\/wp-json\/wp\/v2\/categories?post=80410"},{"taxonomy":"post_tag","embeddable":true,"href":"http:\/\/sol.fm.br\/radio\/wp-json\/wp\/v2\/tags?post=80410"}],"curies":[{"name":"wp","href":"https:\/\/api.w.org\/{rel}","templated":true}]}}