{"id":80414,"date":"2025-11-25T14:48:02","date_gmt":"2025-11-25T17:48:02","guid":{"rendered":"http:\/\/sol.fm.br\/radio\/?p=80414"},"modified":"2025-11-25T14:48:04","modified_gmt":"2025-11-25T17:48:04","slug":"lideres-da-sicredi-caminho-das-aguas-participam-de-especializacao-e-visitas-em-portugal","status":"publish","type":"post","link":"http:\/\/sol.fm.br\/radio\/lideres-da-sicredi-caminho-das-aguas-participam-de-especializacao-e-visitas-em-portugal\/","title":{"rendered":"L\u00edderes da Sicredi Caminho das \u00c1guas participam de especializa\u00e7\u00e3o e visitas em Portugal"},"content":{"rendered":"<div id=\"dslc-theme-content\"><div id=\"dslc-theme-content-inner\"><p style=\"text-align: center;\"><i data-olk-copy-source=\"MessageBody\">Lideran\u00e7a \u00e1gil, planejamento estrat\u00e9gico, futuro do trabalho e uso da IA foram alguns dos temas abordados<\/i><\/p>\n<div>\n<p>Um grupo de 25 lideran\u00e7as da Sicredi Caminho das \u00c1guas participou, nas primeiras semanas de novembro, de uma viagem que combinou imers\u00e3o acad\u00eamica, visitas t\u00e9cnicas, inova\u00e7\u00e3o e cultura em Portugal. Entre os dias 3 e 6 de novembro, a programa\u00e7\u00e3o incluiu um curso na\u00a0Nova School of Business and Economics\u00a0(Nova SBE), em Lisboa. Com palestrantes renomados, entre os temas abordados estiveram lideran\u00e7a \u00e1gil, planejamento estrat\u00e9gico, futuro dos investimentos e gest\u00e3o em ambientes complexos.<\/p>\n<p>Na segunda semana, visitaram a\u00a0Caixa de Cr\u00e9dito Agr\u00edcola M\u00fatuo de Torres Vedras, institui\u00e7\u00e3o centen\u00e1ria onde foi poss\u00edvel conhecer pr\u00e1ticas de governan\u00e7a, relacionamento e uso da tecnologia no cooperativismo portugu\u00eas. Houve ainda a participa\u00e7\u00e3o no\u00a0Web Summit Lisboa, de 9 a 12 de novembro, uma das maiores confer\u00eancias de tecnologia e inova\u00e7\u00e3o do mundo, com abordagens sobre tend\u00eancias globais em intelig\u00eancia artificial (IA), startups e futuro do trabalho. Al\u00e9m disso, realizaram visitas culturais a F\u00e1tima, Sintra, \u00c9vora e Nazar\u00e9.<\/p>\n<p><img loading=\"lazy\" decoding=\"async\" class=\"alignnone size-medium wp-image-80416 aligncenter\" src=\"http:\/\/sol.fm.br\/radio\/wp-content\/uploads\/2025\/11\/122-400x300.jpg\" alt=\"\" width=\"400\" height=\"300\" srcset=\"http:\/\/sol.fm.br\/radio\/wp-content\/uploads\/2025\/11\/122-400x300.jpg 400w, http:\/\/sol.fm.br\/radio\/wp-content\/uploads\/2025\/11\/122-768x576.jpg 768w, http:\/\/sol.fm.br\/radio\/wp-content\/uploads\/2025\/11\/122-1536x1152.jpg 1536w, http:\/\/sol.fm.br\/radio\/wp-content\/uploads\/2025\/11\/122.jpg 2048w\" sizes=\"auto, (max-width: 400px) 100vw, 400px\" \/><\/p>\n<p>Para o presidente da Sicredi Caminho das \u00c1guas, \u00c1lvaro Link, a capacita\u00e7\u00e3o acad\u00eamica, realizada em uma das melhores universidades de neg\u00f3cios do mundo, foi de alt\u00edssimo n\u00edvel. <em>\u201cEstar na Nova SBE nos proporcionou uma vis\u00e3o ampliada, com novas provoca\u00e7\u00f5es sobre a realidade e sobre o desafio de encontrar caminhos em um mundo em constante transforma\u00e7\u00e3o. Al\u00e9m disso, fortaleceu o v\u00ednculo dos colaboradores com a cooperativa e com sua miss\u00e3o e prop\u00f3sito\u201d<\/em>, afirma.<\/p>\n<p>Conforme \u00c1lvaro, o maior objetivo \u00e9 refletir sobre a cooperativa que se deseja construir e ver concretizada. \u201c<em>Durante a experi\u00eancia, n\u00e3o apenas recebemos provoca\u00e7\u00f5es e informa\u00e7\u00f5es sobre tend\u00eancias do mercado, mas tamb\u00e9m tivemos acesso a ferramentas para desenhar cen\u00e1rios. Isso nos permitir\u00e1 planejar projetos capazes de impulsionar o crescimento da cooperativa e fortalecer sua relev\u00e2ncia em nosso campo de atua\u00e7\u00e3o e em nossa regi\u00e3o\u201d<\/em>, destaca o presidente.<\/p>\n<p>Conforme o gerente de Marketing e Comunica\u00e7\u00e3o, Jo\u00e3o Rocha, a jornada agregou conhecimento de diferentes maneiras. \u201c<em>Os aprendizados refor\u00e7am que precisamos ter, cada vez mais, um olhar local, com o fortalecimento das inten\u00e7\u00f5es da cooperativa com o desenvolvimento das comunidades onde atuamos. Percebemos que a IA pode nos ajudar muito a personalizar ainda mais nosso atendimento \u00e0s necessidades dos nossos associados\u201d<\/em>, ressalta.<\/p>\n<p>Para a gerente da ag\u00eancia de Torres, Grasiela Souza, a viagem foi especialmente enriquecedora ao unir aprendizado t\u00e9cnico, vis\u00e3o estrat\u00e9gica e evolu\u00e7\u00e3o pessoal, al\u00e9m de refor\u00e7ar a ideia de que \u00e9 poss\u00edvel equilibrar tradi\u00e7\u00e3o e modernidade com intelig\u00eancia. <em>\u201cPudemos ver, na pr\u00e1tica, que organiza\u00e7\u00f5es e l\u00edderes se diferenciam n\u00e3o apenas pelo que fazem, mas pelo valor que geram e pela consci\u00eancia com que transformam esse valor em resultados sustent\u00e1veis\u201d<\/em>, salienta.\u00a0<\/p>\n<p>Para ela, os aprendizados geram impacto direto na cooperativa, com o refor\u00e7o da import\u00e2ncia da comunica\u00e7\u00e3o clara, da colabora\u00e7\u00e3o entre equipes e da cultura de experimenta\u00e7\u00e3o. \u201c<em>No cooperativismo, nos inspirou uma maior proximidade, simplicidade, transpar\u00eancia e aten\u00e7\u00e3o real ao que nossos associados necessitam. Tudo isso contribui para uma Sicredi Caminho das \u00c1guas mais \u00e1gil, conectada, humana e preparada para o futuro\u201d<\/em>, conclui Grasiela. A previs\u00e3o \u00e9 que novos grupos tamb\u00e9m participem de imers\u00f5es como a realizada em Portugal.<\/p>\n<p>\u00a0<\/p>\n<p><strong>Sobre a Sicredi Caminho das \u00c1guas<\/strong><\/p>\n<p>Constitu\u00edda em 1923, a Sicredi Caminho das \u00c1guas integra o Sistema Sicredi \u2013 composto por mais de 100 cooperativas em todo o Brasil. A institui\u00e7\u00e3o oferece um portf\u00f3lio completo com mais de 300 solu\u00e7\u00f5es financeiras para liberar o potencial de pessoas e neg\u00f3cios. Com sede em Rolante (RS), re\u00fane mais de 95 mil associados em uma \u00e1rea de atua\u00e7\u00e3o que abrange 33 munic\u00edpios do Vale do Paranhana e do Litoral Norte ga\u00facho, como Igrejinha, Sapiranga, Taquara, Cap\u00e3o da Canoa, Torres, Os\u00f3rio, Tramanda\u00ed, entre outros.<\/p>\n<hr \/>\n<h6><strong>Sublinha! Comunica\u00e7\u00e3o | Assessoria de Imprensa - Sicredi Caminho das \u00c1guas | Fotos: Arquivo Sicredi Caminho das \u00c1guas<\/strong><\/h6>\n<\/div>\n\n\n<center><iframe loading=\"lazy\" class=\"jmvplayer\" src=\"https:\/\/player.jmvstream.com\/lvw\/YYGWo5wfZuZ8fEW7Qoq1ISwhLSEDhU\" allowfullscreen allow=\"autoplay; fullscreen\" frameborder=\"0\" width=\"640\" height=\"360\" ><\/iframe><\/center>\n<\/div><\/div>","protected":false},"excerpt":{"rendered":"<p>Lideran\u00e7a \u00e1gil, planejamento estrat\u00e9gico, futuro do trabalho e uso da IA foram alguns dos temas abordados Um grupo de 25 lideran\u00e7as da Sicredi Caminho das \u00c1guas participou, nas primeiras semanas de novembro, de uma viagem que combinou imers\u00e3o acad\u00eamica, visitas t\u00e9cnicas, inova\u00e7\u00e3o e cultura em Portugal. Entre os dias 3 e 6 de novembro, a [&hellip;]<\/p>\n","protected":false},"author":4,"featured_media":80415,"comment_status":"open","ping_status":"open","sticky":false,"template":"","format":"standard","meta":{"footnotes":""},"categories":[1],"tags":[],"class_list":["post-80414","post","type-post","status-publish","format-standard","has-post-thumbnail","hentry","category-sem-categoria"],"_links":{"self":[{"href":"http:\/\/sol.fm.br\/radio\/wp-json\/wp\/v2\/posts\/80414","targetHints":{"allow":["GET"]}}],"collection":[{"href":"http:\/\/sol.fm.br\/radio\/wp-json\/wp\/v2\/posts"}],"about":[{"href":"http:\/\/sol.fm.br\/radio\/wp-json\/wp\/v2\/types\/post"}],"author":[{"embeddable":true,"href":"http:\/\/sol.fm.br\/radio\/wp-json\/wp\/v2\/users\/4"}],"replies":[{"embeddable":true,"href":"http:\/\/sol.fm.br\/radio\/wp-json\/wp\/v2\/comments?post=80414"}],"version-history":[{"count":1,"href":"http:\/\/sol.fm.br\/radio\/wp-json\/wp\/v2\/posts\/80414\/revisions"}],"predecessor-version":[{"id":80417,"href":"http:\/\/sol.fm.br\/radio\/wp-json\/wp\/v2\/posts\/80414\/revisions\/80417"}],"wp:featuredmedia":[{"embeddable":true,"href":"http:\/\/sol.fm.br\/radio\/wp-json\/wp\/v2\/media\/80415"}],"wp:attachment":[{"href":"http:\/\/sol.fm.br\/radio\/wp-json\/wp\/v2\/media?parent=80414"}],"wp:term":[{"taxonomy":"category","embeddable":true,"href":"http:\/\/sol.fm.br\/radio\/wp-json\/wp\/v2\/categories?post=80414"},{"taxonomy":"post_tag","embeddable":true,"href":"http:\/\/sol.fm.br\/radio\/wp-json\/wp\/v2\/tags?post=80414"}],"curies":[{"name":"wp","href":"https:\/\/api.w.org\/{rel}","templated":true}]}}