{"id":80418,"date":"2025-11-26T09:10:38","date_gmt":"2025-11-26T12:10:38","guid":{"rendered":"http:\/\/sol.fm.br\/radio\/?p=80418"},"modified":"2025-11-26T09:10:40","modified_gmt":"2025-11-26T12:10:40","slug":"encontro-de-professores-vai-debater-estrategias-para-manter-jovens-no-ensino-tecnico-agricola","status":"publish","type":"post","link":"http:\/\/sol.fm.br\/radio\/encontro-de-professores-vai-debater-estrategias-para-manter-jovens-no-ensino-tecnico-agricola\/","title":{"rendered":"Encontro de Professores vai debater estrat\u00e9gias para manter jovens no ensino t\u00e9cnico agr\u00edcola"},"content":{"rendered":"<div id=\"dslc-theme-content\"><div id=\"dslc-theme-content-inner\"><p style=\"text-align: center;\"><em>Painel apresentar\u00e1 pol\u00edticas estaduais de preven\u00e7\u00e3o \u00e0 evas\u00e3o escolar, apoio pedag\u00f3gico e fortalecimento para perman\u00eancia nas escolas agr\u00edcolas<\/em><\/p>\n<p>O Encontro de Professores do Ensino T\u00e9cnico Agr\u00edcola, de 26 a 28 de novembro, no Hotel Embaixador, em Porto Alegre, ir\u00e1 abordar, no painel \u201cEscola Melhor, Sociedade Melhor, Pol\u00edtica de Prote\u00e7\u00e3o \u00e0 Trajet\u00f3ria do Estudante\u201d, quais as estrat\u00e9gias do governo estadual no sentido de evitar a evas\u00e3o de alunos nas escolas de ensino t\u00e9cnico agr\u00edcola. O evento est\u00e1 na quadrag\u00e9sima edi\u00e7\u00e3o e \u00e9 organizado pela Associa\u00e7\u00e3o dos Professores de Ensino T\u00e9cnico Agr\u00edcola (Agptea). Participar\u00e3o deste painel representantes da Superintend\u00eancia da Educa\u00e7\u00e3o Profissional (Suepro), que \u00e9 vinculada \u00e0 Secretaria Estadual da Educa\u00e7\u00e3o (Seduc).<\/p>\n<p>Vai ser apresentada a Pol\u00edtica de Prote\u00e7\u00e3o \u00e0 Trajet\u00f3ria do Estudante do Rio Grande do Sul com seus objetivos centrais, que s\u00e3o evitar evas\u00e3o, acompanhar a frequ\u00eancia e apoiar os estudantes em risco, bem como introduzir discuss\u00f5es sobre como usar sistemas para atacar o problema. Entre eles est\u00e3o iniciativas de interven\u00e7\u00f5es pedag\u00f3gicas e socioemocionais como refor\u00e7o escolar, flexibilidade curricular e at\u00e9 mesmo acolhimento psicol\u00f3gico. Tamb\u00e9m ser\u00e1 proposto nos debates o papel dos professores, das escolas e das coordena\u00e7\u00f5es pedag\u00f3gicas no sentido de identificar alunos em eventual risco e como encaminh\u00e1-los para suporte. Neste sentido, articula\u00e7\u00f5es no sentido de fortalecer a perman\u00eancia estudantil por meio de parcerias como est\u00e1gios, entre outros incentivos, s\u00e3o fundamentais.<\/p>\n<p>A modera\u00e7\u00e3o dos debates ser\u00e1 do vice-presidente de Assuntos Agropecu\u00e1rios da Agptea, professor Ayrton \u00c1vila da Cruz. A ideia, segundo ele, \u00e9 que os representantes da Suepro e da Secretaria Estadual da Educa\u00e7\u00e3o apresentem o que est\u00e1 sendo feito em termos de pol\u00edtica de prote\u00e7\u00e3o para que a juventude permane\u00e7a nas escolas t\u00e9cnicas com qualidade. <em>\u201cA proposta \u00e9 que esses alunos tenham uma trajet\u00f3ria, principalmente os estudantes das escolas agr\u00edcolas, e que a chegada \u00e0 escola t\u00e9cnica seja um ponto de partida para que esses jovens sejam protagonistas de um novo mundo, principalmente de um mundo rural, t\u00e9cnico, um mundo da produ\u00e7\u00e3o que desenvolva a sustentabilidade e que eles estejam conectados com a sociedade do futuro, que est\u00e1 em constante transforma\u00e7\u00e3o, com as diversas tecnologias dispon\u00edveis\u201d,<\/em> projetou.<\/p>\n<p>A palestra est\u00e1 programada para come\u00e7ar \u00e0s 14h da sexta-feira, 28 de novembro.<\/p>\n<hr \/>\n<h6><strong>AgroEffective | Assessoria de Comunica\u00e7\u00e3o da Associa\u00e7\u00e3o Ga\u00facha de Professores T\u00e9cnicos de Ensino Agr\u00edcola (Agptea) | <span style=\"font-size: revert; color: initial;\">Foto: \u00c9rika Ferraz\/AgroEffective |\u00a0<\/span>Texto: Artur Chagas\/AgroEffective<\/strong><\/h6>\n\n\n<center><iframe loading=\"lazy\" class=\"jmvplayer\" src=\"https:\/\/player.jmvstream.com\/lvw\/YYGWo5wfZuZ8fEW7Qoq1ISwhLSEDhU\" allowfullscreen allow=\"autoplay; fullscreen\" frameborder=\"0\" width=\"640\" height=\"360\" ><\/iframe><\/center>\n<\/div><\/div>","protected":false},"excerpt":{"rendered":"<p>Painel apresentar\u00e1 pol\u00edticas estaduais de preven\u00e7\u00e3o \u00e0 evas\u00e3o escolar, apoio pedag\u00f3gico e fortalecimento para perman\u00eancia nas escolas agr\u00edcolas O Encontro de Professores do Ensino T\u00e9cnico Agr\u00edcola, de 26 a 28 de novembro, no Hotel Embaixador, em Porto Alegre, ir\u00e1 abordar, no painel \u201cEscola Melhor, Sociedade Melhor, Pol\u00edtica de Prote\u00e7\u00e3o \u00e0 Trajet\u00f3ria do Estudante\u201d, quais as [&hellip;]<\/p>\n","protected":false},"author":4,"featured_media":80419,"comment_status":"open","ping_status":"open","sticky":false,"template":"","format":"standard","meta":{"footnotes":""},"categories":[1],"tags":[],"class_list":["post-80418","post","type-post","status-publish","format-standard","has-post-thumbnail","hentry","category-sem-categoria"],"_links":{"self":[{"href":"http:\/\/sol.fm.br\/radio\/wp-json\/wp\/v2\/posts\/80418","targetHints":{"allow":["GET"]}}],"collection":[{"href":"http:\/\/sol.fm.br\/radio\/wp-json\/wp\/v2\/posts"}],"about":[{"href":"http:\/\/sol.fm.br\/radio\/wp-json\/wp\/v2\/types\/post"}],"author":[{"embeddable":true,"href":"http:\/\/sol.fm.br\/radio\/wp-json\/wp\/v2\/users\/4"}],"replies":[{"embeddable":true,"href":"http:\/\/sol.fm.br\/radio\/wp-json\/wp\/v2\/comments?post=80418"}],"version-history":[{"count":1,"href":"http:\/\/sol.fm.br\/radio\/wp-json\/wp\/v2\/posts\/80418\/revisions"}],"predecessor-version":[{"id":80420,"href":"http:\/\/sol.fm.br\/radio\/wp-json\/wp\/v2\/posts\/80418\/revisions\/80420"}],"wp:featuredmedia":[{"embeddable":true,"href":"http:\/\/sol.fm.br\/radio\/wp-json\/wp\/v2\/media\/80419"}],"wp:attachment":[{"href":"http:\/\/sol.fm.br\/radio\/wp-json\/wp\/v2\/media?parent=80418"}],"wp:term":[{"taxonomy":"category","embeddable":true,"href":"http:\/\/sol.fm.br\/radio\/wp-json\/wp\/v2\/categories?post=80418"},{"taxonomy":"post_tag","embeddable":true,"href":"http:\/\/sol.fm.br\/radio\/wp-json\/wp\/v2\/tags?post=80418"}],"curies":[{"name":"wp","href":"https:\/\/api.w.org\/{rel}","templated":true}]}}