{"id":80425,"date":"2025-11-26T09:53:00","date_gmt":"2025-11-26T12:53:00","guid":{"rendered":"http:\/\/sol.fm.br\/radio\/?p=80425"},"modified":"2025-11-26T09:53:02","modified_gmt":"2025-11-26T12:53:02","slug":"paineis-do-gov-expo-summit-reunem-representantes-do-estado-para-discutir-desenvolvimento-infraestrutura-e-inovacao","status":"publish","type":"post","link":"http:\/\/sol.fm.br\/radio\/paineis-do-gov-expo-summit-reunem-representantes-do-estado-para-discutir-desenvolvimento-infraestrutura-e-inovacao\/","title":{"rendered":"Pain\u00e9is do Gov Expo Summit re\u00fanem representantes do Estado para discutir desenvolvimento, infraestrutura e inova\u00e7\u00e3o"},"content":{"rendered":"<div id=\"dslc-theme-content\"><div id=\"dslc-theme-content-inner\"><p style=\"text-align: center;\"><em>Discuss\u00f5es destacam a\u00e7\u00f5es, desafios e perspectivas para o fortalecimento de pol\u00edticas p\u00fablicas<\/em><\/p>\n<p>O Gov Expo Summit 2025 reuniu, ao longo desta ter\u00e7a-feira (25\/11), no Vista Pontal, em Porto Alegre, diversos representantes do Governo do Rio Grande do Sul em pain\u00e9is dedicados a temas estrat\u00e9gicos para o desenvolvimento do Estado. O evento, que come\u00e7ou nesta ter\u00e7a e segue at\u00e9 quarta-feira (26\/11),\u00a0re\u00fane\u00a0gestores p\u00fablicos, especialistas e pesquisadores para debater solu\u00e7\u00f5es baseadas em evid\u00eancias, boas pr\u00e1ticas e exemplos\u00a0de sucesso da gest\u00e3o contempor\u00e2nea.<\/p>\n<p>Organizado pelo Instituto Global Gov, em parceria com o governo estadual e outras entidades, o evento promove integra\u00e7\u00e3o, troca de conhecimento e reflex\u00e3o sobre desafios e oportunidades para o futuro do Rio Grande do Sul. Com temas que v\u00e3o da inova\u00e7\u00e3o \u00e0 infraestrutura, da gest\u00e3o por evid\u00eancias \u00e0s reformas estruturais, o Gov Expo Summit promove a\u00a0articula\u00e7\u00e3o entre governo, especialistas e setor produtivo.\u00a0O objetivo \u00e9 contribuir\u00a0para o avan\u00e7o da gest\u00e3o p\u00fablica e o fortalecimento do desenvolvimento regional.<\/p>\n<p>Representando o governador Eduardo Leite na abertura, o titular da Secretario de Desenvolvimento Econ\u00f4mico (Sedec), Ernani Polo, elogiou a iniciativa, ressaltando o papel do encontro na qualifica\u00e7\u00e3o das pol\u00edticas p\u00fablicas. \u201c<em>\u00c9 sempre bom participar de eventos que abordam temas como o desenvolvimento e as perspectivas para o Rio Grande do Sul. O Gov Expo possibilita que possamos trabalhar juntos, trocar ideias e planejar um futuro melhor para o nosso Estado e os munic\u00edpios\u201d<\/em>, disse. \u201c<em>As\u00a0iniciativas nos ajudam a conectar com a sociedade e construir pol\u00edticas p\u00fablicas que possam alavancar o crescimento das cidades.\u201d<\/em><\/p>\n<p><strong>Debates do primeiro dia<\/strong><\/p>\n<p>Durante a manh\u00e3 desta ter\u00e7a, ocorreu o painel \u201cDesenvolvimento Regional\u201d, com participa\u00e7\u00e3o do secret\u00e1rio de Comunica\u00e7\u00e3o, Caio Tomazeli, que destacou o papel estrat\u00e9gico da comunica\u00e7\u00e3o p\u00fablica na constru\u00e7\u00e3o de uma compreens\u00e3o coletiva sobre o momento vivido pelo Estado e na articula\u00e7\u00e3o de pol\u00edticas integradas para o desenvolvimento.<\/p>\n<p>O debate contou ainda com Polo,\u00a0o presidente da InvestRS, Rafael Prikladnicki,\u00a0e o presidente do F\u00f3rum Permanente de Secret\u00e1rios Municipais de Desenvolvimento, Inova\u00e7\u00e3o e Trabalho do RS, Rafael Jacques de Oliveira.<\/p>\n<p><img loading=\"lazy\" decoding=\"async\" class=\"alignnone size-medium wp-image-80427 aligncenter\" src=\"http:\/\/sol.fm.br\/radio\/wp-content\/uploads\/2025\/11\/21-5-400x267.jpg\" alt=\"\" width=\"400\" height=\"267\" srcset=\"http:\/\/sol.fm.br\/radio\/wp-content\/uploads\/2025\/11\/21-5-400x267.jpg 400w, http:\/\/sol.fm.br\/radio\/wp-content\/uploads\/2025\/11\/21-5-768x512.jpg 768w, http:\/\/sol.fm.br\/radio\/wp-content\/uploads\/2025\/11\/21-5-600x400.jpg 600w, http:\/\/sol.fm.br\/radio\/wp-content\/uploads\/2025\/11\/21-5.jpg 945w\" sizes=\"auto, (max-width: 400px) 100vw, 400px\" \/><\/p>\n<p>Na mesma manh\u00e3 tamb\u00e9m foi realizado o painel \u201cTecnologias e Pessoas para o Desenvolvimento\u201d, com a presen\u00e7a da secret\u00e1ria de Planejamento, Governan\u00e7a e Gest\u00e3o, Danielle Calazans, do\u00a0CEO do Gramado Summit, Marcus Rossi, e do\u00a0CEO da Funda\u00e7\u00e3o Bienal do Mercosul, Adriano Britto.<\/p>\n<p>\u00c0\u00a0tarde, o painel \u201cInfraestrutura: Desafios e Oportunidades\u201d reuniu a secret\u00e1ria-adjunta da Reconstru\u00e7\u00e3o Ga\u00facha, \u00c2ngela de Oliveira; o secret\u00e1rio-adjunto do Meio Ambiente e Infraestrutura, Marcelo Camardellio; o\u00a0consultor e ex-secret\u00e1rio de Mobilidade, Rodrigo Tortoriello; e o engenheiro Leomar Teichmann. A discuss\u00e3o abordou as prioridades do Estado em obras estruturantes, a necessidade de qualifica\u00e7\u00e3o dos projetos e as perspectivas para interven\u00e7\u00f5es essenciais diante dos recentes desafios enfrentados\u00a0pelo RS.<\/p>\n<p><img loading=\"lazy\" decoding=\"async\" class=\"alignnone size-medium wp-image-80428 aligncenter\" src=\"http:\/\/sol.fm.br\/radio\/wp-content\/uploads\/2025\/11\/22-2-400x267.jpg\" alt=\"\" width=\"400\" height=\"267\" srcset=\"http:\/\/sol.fm.br\/radio\/wp-content\/uploads\/2025\/11\/22-2-400x267.jpg 400w, http:\/\/sol.fm.br\/radio\/wp-content\/uploads\/2025\/11\/22-2-768x512.jpg 768w, http:\/\/sol.fm.br\/radio\/wp-content\/uploads\/2025\/11\/22-2-600x400.jpg 600w, http:\/\/sol.fm.br\/radio\/wp-content\/uploads\/2025\/11\/22-2.jpg 945w\" sizes=\"auto, (max-width: 400px) 100vw, 400px\" \/><\/p>\n<p><strong>Pr\u00f3ximos eventos<\/strong><\/p>\n<p>A programa\u00e7\u00e3o de quarta-feira seguir\u00e1 com novos debates envolvendo representantes do governo estadual. Pela manh\u00e3, ser\u00e1 realizado o painel \u201cGest\u00e3o Baseada em Dados\u201d, com a diretora de Intelig\u00eancia e Estrat\u00e9gia da InvestRS, Caroline B\u00fccker; o gerente de Intelig\u00eancia da institui\u00e7\u00e3o, Rafael Spengler; e a secret\u00e1ria de Desenvolvimento Econ\u00f4mico e Inova\u00e7\u00e3o de Canoas, Patr\u00edcia Augsten.<\/p>\n<p>Tamb\u00e9m na manh\u00e3 do segundo dia, ocorrer\u00e1 o painel \u201cReformas e Oportunidades\u201d, com o diretor de Planejamento do Banco Regional de Desenvolvimento do Extremo Sul (BRDE), Leonardo Busatto; o CEO da Inoves\u00adse Gest\u00e3o e Desenvolvimento, Rodrigo Fantinel; e o ex-presidente do Previmpa Renan Aguiar.<\/p>\n<hr \/>\n<h6><strong>GOV RS | Texto e edi\u00e7\u00e3o: Secom | Fotos: Jo\u00e3o Pedro Rodrigues\/Secom<\/strong><\/h6>\n\n\n<center><iframe loading=\"lazy\" class=\"jmvplayer\" src=\"https:\/\/player.jmvstream.com\/lvw\/YYGWo5wfZuZ8fEW7Qoq1ISwhLSEDhU\" allowfullscreen allow=\"autoplay; fullscreen\" frameborder=\"0\" width=\"640\" height=\"360\" ><\/iframe><\/center>\n<\/div><\/div>","protected":false},"excerpt":{"rendered":"<p>Discuss\u00f5es destacam a\u00e7\u00f5es, desafios e perspectivas para o fortalecimento de pol\u00edticas p\u00fablicas O Gov Expo Summit 2025 reuniu, ao longo desta ter\u00e7a-feira (25\/11), no Vista Pontal, em Porto Alegre, diversos representantes do Governo do Rio Grande do Sul em pain\u00e9is dedicados a temas estrat\u00e9gicos para o desenvolvimento do Estado. O evento, que come\u00e7ou nesta ter\u00e7a [&hellip;]<\/p>\n","protected":false},"author":4,"featured_media":80426,"comment_status":"open","ping_status":"open","sticky":false,"template":"","format":"standard","meta":{"footnotes":""},"categories":[1],"tags":[],"class_list":["post-80425","post","type-post","status-publish","format-standard","has-post-thumbnail","hentry","category-sem-categoria"],"_links":{"self":[{"href":"http:\/\/sol.fm.br\/radio\/wp-json\/wp\/v2\/posts\/80425","targetHints":{"allow":["GET"]}}],"collection":[{"href":"http:\/\/sol.fm.br\/radio\/wp-json\/wp\/v2\/posts"}],"about":[{"href":"http:\/\/sol.fm.br\/radio\/wp-json\/wp\/v2\/types\/post"}],"author":[{"embeddable":true,"href":"http:\/\/sol.fm.br\/radio\/wp-json\/wp\/v2\/users\/4"}],"replies":[{"embeddable":true,"href":"http:\/\/sol.fm.br\/radio\/wp-json\/wp\/v2\/comments?post=80425"}],"version-history":[{"count":1,"href":"http:\/\/sol.fm.br\/radio\/wp-json\/wp\/v2\/posts\/80425\/revisions"}],"predecessor-version":[{"id":80429,"href":"http:\/\/sol.fm.br\/radio\/wp-json\/wp\/v2\/posts\/80425\/revisions\/80429"}],"wp:featuredmedia":[{"embeddable":true,"href":"http:\/\/sol.fm.br\/radio\/wp-json\/wp\/v2\/media\/80426"}],"wp:attachment":[{"href":"http:\/\/sol.fm.br\/radio\/wp-json\/wp\/v2\/media?parent=80425"}],"wp:term":[{"taxonomy":"category","embeddable":true,"href":"http:\/\/sol.fm.br\/radio\/wp-json\/wp\/v2\/categories?post=80425"},{"taxonomy":"post_tag","embeddable":true,"href":"http:\/\/sol.fm.br\/radio\/wp-json\/wp\/v2\/tags?post=80425"}],"curies":[{"name":"wp","href":"https:\/\/api.w.org\/{rel}","templated":true}]}}