{"id":80430,"date":"2025-11-26T10:01:42","date_gmt":"2025-11-26T13:01:42","guid":{"rendered":"http:\/\/sol.fm.br\/radio\/?p=80430"},"modified":"2025-11-26T10:04:05","modified_gmt":"2025-11-26T13:04:05","slug":"argentina-projeta-safra-recorde-de-245-milhoes-de-toneladas-de-trigo-em-2025-26-mas-qualidade-preocupa-moinhos-brasileiros","status":"publish","type":"post","link":"http:\/\/sol.fm.br\/radio\/argentina-projeta-safra-recorde-de-245-milhoes-de-toneladas-de-trigo-em-2025-26-mas-qualidade-preocupa-moinhos-brasileiros\/","title":{"rendered":"Argentina projeta safra recorde de 24,5 milh\u00f5es de toneladas de trigo em 2025\/26, mas qualidade preocupa moinhos brasileiros"},"content":{"rendered":"<div id=\"dslc-theme-content\"><div id=\"dslc-theme-content-inner\"><p style=\"text-align: center;\"><em>Giro Abitrigo aproxima setor do trigo brasileiro da realidade da produ\u00e7\u00e3o argentina e promove o compartilhamento de informa\u00e7\u00f5es estrat\u00e9gicas<\/em><\/p>\n<p>A Argentina caminha para uma safra hist\u00f3rica de trigo em 2025\/26, com previs\u00e3o de produ\u00e7\u00e3o recorde de 24,5 milh\u00f5es de toneladas, segundo a Bolsa de Comercio de Rosario. Essa cifra supera o recorde anterior e amplia a oferta para o mercado internacional, especialmente para o Brasil, maior comprador do gr\u00e3o argentino.<\/p>\n<p>\"<em>A oferta total de trigo na Argentina, considerando os estoques iniciais, deve chegar perto de 28 milh\u00f5es de toneladas, com quase 20 milh\u00f5es dispon\u00edveis para exporta\u00e7\u00e3o, um aumento de cerca de 4 milh\u00f5es em rela\u00e7\u00e3o ao ano passado. Mantemos grande otimismo para a comercializa\u00e7\u00e3o externa, que depender\u00e1 da din\u00e2mica do mercado interno e da demanda, especialmente do Brasil, que deve importar cerca de 5 milh\u00f5es de toneladas neste ano, com perspectiva de crescimento no pr\u00f3ximo<\/em>\", afirma o l\u00edder da \u00e1rea de an\u00e1lises econ\u00f4micas da Bolsa de Comercio de Rosario, Bruno Ferrari.<\/p>\n<p>No entanto, embora a oferta seja recorde, cresce a preocupa\u00e7\u00e3o com a qualidade do trigo colhido neste ciclo. Esta foi a constata\u00e7\u00e3o do grupo de participantes do Giro Abitrigo \u2013 Argentina, que promoveu, entre os dias 18 e 20 de novembro, a visita de representantes de moinhos e players do setor a campos de trigo, terminais portu\u00e1rios e reuni\u00f5es com representantes da cadeia no pa\u00eds, na prov\u00edncia de Santa F\u00e9.<\/p>\n<p>Durante a visita, o grupo p\u00f4de constatar que a aus\u00eancia de segrega\u00e7\u00e3o na exporta\u00e7\u00e3o e as condi\u00e7\u00f5es clim\u00e1ticas indicam uma prov\u00e1vel queda na qualidade do produto. Esse cen\u00e1rio foi confirmado por t\u00e9cnicos, produtores e analistas durante visitas a campos, moinhos e terminais portu\u00e1rios.<\/p>\n<p><em>\u201cO volume \u00e9 muito alto, mas temos a expectativa de um gr\u00e3o inferior. Para o Brasil, isso significa que os moinhos precisar\u00e3o estar atentos e buscar solu\u00e7\u00f5es para garantir a qualidade ao cliente final, diante das novas condi\u00e7\u00f5es do abastecimento<\/em>\u201d, alerta o superintendente da Associa\u00e7\u00e3o Brasileira da Ind\u00fastria do Trigo - Abitrigo, Eduardo Ass\u00eancio.<\/p>\n<p>Este cen\u00e1rio refor\u00e7a o papel estrat\u00e9gico da Argentina no abastecimento do trigo brasileiro e a necessidade de estrat\u00e9gias de gest\u00e3o e negocia\u00e7\u00e3o adequadas para o novo ciclo, marcado pelo recorde de produ\u00e7\u00e3o e pela exig\u00eancia crescente por qualidade no mercado nacional e internacional.<\/p>\n<p><img loading=\"lazy\" decoding=\"async\" class=\"alignnone size-medium wp-image-80433 aligncenter\" src=\"http:\/\/sol.fm.br\/radio\/wp-content\/uploads\/2025\/11\/31-3-400x244.jpg\" alt=\"\" width=\"400\" height=\"244\" srcset=\"http:\/\/sol.fm.br\/radio\/wp-content\/uploads\/2025\/11\/31-3-400x244.jpg 400w, http:\/\/sol.fm.br\/radio\/wp-content\/uploads\/2025\/11\/31-3-768x468.jpg 768w, http:\/\/sol.fm.br\/radio\/wp-content\/uploads\/2025\/11\/31-3-1536x936.jpg 1536w, http:\/\/sol.fm.br\/radio\/wp-content\/uploads\/2025\/11\/31-3-2048x1249.jpg 2048w\" sizes=\"auto, (max-width: 400px) 100vw, 400px\" \/><\/p>\n<p><strong>Oportunidade para conhecer mais sobre a cadeia do trigo argentina<\/strong><\/p>\n<p>O Giro Abitrigo tamb\u00e9m viabilizou o contato direto com a realidade da produ\u00e7\u00e3o argentina, incluindo debates com autoridades da Bolsa de Comercio de Rosario, com representantes de moinhos argentinos e visitas t\u00e9cnicas que ampliaram o conhecimento da cadeia do trigo para a ind\u00fastria brasileira. Os participantes destacaram a import\u00e2ncia do evento para fortalecer o interc\u00e2mbio, trocar experi\u00eancias e preparar o setor para as oscila\u00e7\u00f5es de qualidade e volume na pr\u00f3xima temporada.<\/p>\n<p>Para o CEO da Ocrim, o evento promovido pela Abitrigo foi uma oportunidade muito positiva para entender as expectativas para a safra do pa\u00eds. \u201c<em>Ficou claro que a safra ser\u00e1 grande, embora a qualidade ainda seja uma inc\u00f3gnita. No entanto, os lotes recentes mostram uma melhora, principalmente em rela\u00e7\u00e3o ao teor de prote\u00edna. A Argentina mant\u00e9m pre\u00e7os competitivos e um forte potencial exportador para diversos mercados globais\u201d.<\/em><\/p>\n<p>Atuando no setor moageiro h\u00e1 cerca de dois anos e meio, o diretor financeiro do Grande Moinho Cearense, F\u00e1bio Augusto Lopes, destacou a experi\u00eancia como essencial para conhecer mais sobre a origem do trigo argentino, especialmente importante para o Nordeste, onde 85% do trigo consumido \u00e9 importado, com grande parte vindo da Argentina. <em>\u201cA troca de experi\u00eancias e o contato direto com produtores, cooperativas e exportadores ampliaram meu entendimento sobre o produto e suas especificidades t\u00e9cnicas. A organiza\u00e7\u00e3o da Abitrigo \u00e9 fundamental para unir o setor e fomentar o networking, o benchmark e o alinhamento t\u00e9cnico para enfrentar os desafios da qualidade do trigo argentino\",<\/em> afirma.<\/p>\n<p>Para o gerente do Moinho da Cotrigua\u00e7u, Vilson Noetzold, o ponto principal do Giro Abitrigo foi a oportunidade de conhecer de perto a produ\u00e7\u00e3o de trigo na Argentina, que, segundo ele, \u00e9 bem diferente da nossa. <em>\u201cA escala \u00e9 maior e as condi\u00e7\u00f5es clim\u00e1ticas s\u00e3o mais favor\u00e1veis, o que resulta em uma safra recorde com oferta significativa de produto e qualidade. Isso \u00e9 importante para n\u00f3s, porque ajuda a suprir a falta de gr\u00e3o que enfrentamos no Brasil. A organiza\u00e7\u00e3o do evento foi impec\u00e1vel, o que tornou a experi\u00eancia ainda melhor<\/em>\", destacou.<\/p>\n<p>J\u00e1 para o gerente corporativo comercial da Be8, Daner Rossato <em>\u201cparticipar do Giro Abitrigo foi muito produtivo e importante para quem est\u00e1 envolvido na cadeia do trigo, especialmente para o nosso projeto em Passo Fundo, que inclui uma f\u00e1brica de gl\u00faten e etanol \u00e0 base de trigo. Essa troca de conhecimento e essa intera\u00e7\u00e3o com um dos maiores produtores do mundo agregam muito valor e aprendizado para todos n\u00f3s. Estar presente nesses momentos fortalece nossos neg\u00f3cios e a cadeia do agroneg\u00f3cio como um todo.\"<\/em><\/p>\n<p><em>\u201cFinalizamos mais uma edi\u00e7\u00e3o do Giro Abitrigo com um saldo muito positivo. O grupo que esteve na Argentina teve a oportunidade de presenciar e conhecer as condi\u00e7\u00f5es da safra de trigo do pa\u00eds, o que possibilita que se programem melhor para a chegada dos lotes de trigo argentino, com a vantagem competitiva de j\u00e1 saber como ele chega e quais ser\u00e3o as estrat\u00e9gias que precisar\u00e3o adotar. Esse \u00e9 o objetivo desse evento: oferecer conhecimento e informa\u00e7\u00e3o para que o neg\u00f3cio do trigo no Brasil siga crescendo em lucratividade e qualidade\u201d<\/em>, finaliza o superintendente da Abitrigo.<\/p>\n<hr \/>\n<h6><strong>Attuale Comunica\u00e7\u00e3o<\/strong><\/h6>\n\n\n<center><iframe loading=\"lazy\" class=\"jmvplayer\" src=\"https:\/\/player.jmvstream.com\/lvw\/YYGWo5wfZuZ8fEW7Qoq1ISwhLSEDhU\" allowfullscreen allow=\"autoplay; fullscreen\" frameborder=\"0\" width=\"640\" height=\"360\" ><\/iframe><\/center>\n<\/div><\/div>","protected":false},"excerpt":{"rendered":"<p>Giro Abitrigo aproxima setor do trigo brasileiro da realidade da produ\u00e7\u00e3o argentina e promove o compartilhamento de informa\u00e7\u00f5es estrat\u00e9gicas A Argentina caminha para uma safra hist\u00f3rica de trigo em 2025\/26, com previs\u00e3o de produ\u00e7\u00e3o recorde de 24,5 milh\u00f5es de toneladas, segundo a Bolsa de Comercio de Rosario. Essa cifra supera o recorde anterior e amplia [&hellip;]<\/p>\n","protected":false},"author":4,"featured_media":80431,"comment_status":"open","ping_status":"open","sticky":false,"template":"","format":"standard","meta":{"footnotes":""},"categories":[1],"tags":[],"class_list":["post-80430","post","type-post","status-publish","format-standard","has-post-thumbnail","hentry","category-sem-categoria"],"_links":{"self":[{"href":"http:\/\/sol.fm.br\/radio\/wp-json\/wp\/v2\/posts\/80430","targetHints":{"allow":["GET"]}}],"collection":[{"href":"http:\/\/sol.fm.br\/radio\/wp-json\/wp\/v2\/posts"}],"about":[{"href":"http:\/\/sol.fm.br\/radio\/wp-json\/wp\/v2\/types\/post"}],"author":[{"embeddable":true,"href":"http:\/\/sol.fm.br\/radio\/wp-json\/wp\/v2\/users\/4"}],"replies":[{"embeddable":true,"href":"http:\/\/sol.fm.br\/radio\/wp-json\/wp\/v2\/comments?post=80430"}],"version-history":[{"count":2,"href":"http:\/\/sol.fm.br\/radio\/wp-json\/wp\/v2\/posts\/80430\/revisions"}],"predecessor-version":[{"id":80434,"href":"http:\/\/sol.fm.br\/radio\/wp-json\/wp\/v2\/posts\/80430\/revisions\/80434"}],"wp:featuredmedia":[{"embeddable":true,"href":"http:\/\/sol.fm.br\/radio\/wp-json\/wp\/v2\/media\/80431"}],"wp:attachment":[{"href":"http:\/\/sol.fm.br\/radio\/wp-json\/wp\/v2\/media?parent=80430"}],"wp:term":[{"taxonomy":"category","embeddable":true,"href":"http:\/\/sol.fm.br\/radio\/wp-json\/wp\/v2\/categories?post=80430"},{"taxonomy":"post_tag","embeddable":true,"href":"http:\/\/sol.fm.br\/radio\/wp-json\/wp\/v2\/tags?post=80430"}],"curies":[{"name":"wp","href":"https:\/\/api.w.org\/{rel}","templated":true}]}}