{"id":80435,"date":"2025-11-26T10:07:52","date_gmt":"2025-11-26T13:07:52","guid":{"rendered":"http:\/\/sol.fm.br\/radio\/?p=80435"},"modified":"2025-11-26T10:07:54","modified_gmt":"2025-11-26T13:07:54","slug":"rota-fiergs-chega-a-serra-com-agenda-voltada-as-prioridades-regionais","status":"publish","type":"post","link":"http:\/\/sol.fm.br\/radio\/rota-fiergs-chega-a-serra-com-agenda-voltada-as-prioridades-regionais\/","title":{"rendered":"Rota FIERGS chega \u00e0 Serra com agenda voltada \u00e0s prioridades regionais"},"content":{"rendered":"<div id=\"dslc-theme-content\"><div id=\"dslc-theme-content-inner\"><p style=\"text-align: center;\"><em>Evento acontece na pr\u00f3xima quinta-feira (27), a partir das 12h, na CIC de Caxias do Sul, marcando mais uma etapa da interioriza\u00e7\u00e3o do Sistema FIERGS<\/em><\/p>\n<p>\u00a0<\/p>\n<p>Na pr\u00f3xima quinta-feira (27), o projeto Rota FIERGS chega \u00e0 regi\u00e3o da Serra. A iniciativa, realizada desde maio, promove a interioriza\u00e7\u00e3o do Sistema FIERGS, com o objetivo de fortalecer sua atua\u00e7\u00e3o junto \u00e0s ind\u00fastrias do Rio Grande do Sul. O encontro entre representantes da entidade, sindicatos e lideran\u00e7as regionais ocorrer\u00e1 na C\u00e2mara de Ind\u00fastria, Com\u00e9rcio e Servi\u00e7os (CIC) de Caxias do Sul (Rua \u00cdtalo Victor Bersani, 1134, Jardim Am\u00e9rica), a partir das 12h.<\/p>\n<p>Al\u00e9m de aproximar a entidade das ind\u00fastrias locais, a imers\u00e3o visa possibilitar o debate e a identifica\u00e7\u00e3o das prioridades da regi\u00e3o. Durante o encontro, o presidente do Sistema FIERGS, Claudio Bier, diretores e coordenadores dos conselhos e comit\u00eas tem\u00e1ticos da entidade se reunir\u00e3o com presidentes de sindicatos, representantes das ind\u00fastrias locais e gestores p\u00fablicos para ouvir suas demandas e entender como \u00e9 poss\u00edvel apoi\u00e1-las.<\/p>\n<p>Para o presidente do Sistema FIERGS, o evento representa mais um passo na interioriza\u00e7\u00e3o da entidade e na busca por uma atua\u00e7\u00e3o cada vez mais alinhada \u00e0s necessidades regionais. <em>\u201cLevar o Rota FIERGS \u00e0 Serra refor\u00e7a nosso compromisso de ampliar a presen\u00e7a do Sistema FIERGS em todas as regi\u00f5es do estado, especialmente em um polo t\u00e3o representativo para a ind\u00fastria ga\u00facha. As imers\u00f5es nos aproximam especialmente das pequenas e m\u00e9dias empresas, permitem ouvir suas demandas e criar, de forma conjunta, solu\u00e7\u00f5es que fortale\u00e7am o setor e respondam \u00e0s prioridades locais\u201d<\/em>, destaca Bier.<\/p>\n<p>Formada por 42 munic\u00edpios, conforme divis\u00e3o adotada pelo Sistema FIERGS, a regi\u00e3o da Serra abrange mais de 9,3 mil ind\u00fastrias. Esse n\u00famero representa 18% das quase 52 mil empresas do setor no Rio Grande do Sul. Al\u00e9m disso, s\u00e3o 172 mil empregos (20%) na ind\u00fastria ga\u00facha.<\/p>\n<p>Durante a imers\u00e3o, haver\u00e1 an\u00fancio dos investimentos do Sistema FIERGS na regi\u00e3o, que totalizam R$ 131,5 milh\u00f5es. Em dezembro, ser\u00e1 inaugurada da Escola Sesi-RS de Ensino M\u00e9dio em Bento Gon\u00e7alves, com aplica\u00e7\u00e3o de R$ 34 milh\u00f5es na constru\u00e7\u00e3o e instala\u00e7\u00e3o da unidade. Para 2027, est\u00e1 prevista a escola em Caxias do Sul, com investimento de R$ 78 milh\u00f5es. Unidades do Senai em Guapor\u00e9, Farroupilha, Garibaldi, Nova Prata, Veran\u00f3polis, Bento Gon\u00e7alves e Caxias do Sul tamb\u00e9m receber\u00e3o melhorias que somam R$ 14,5 milh\u00f5es.<\/p>\n<p>A programa\u00e7\u00e3o do Sistema FIERGS em Caxias prev\u00ea, tamb\u00e9m, uma edi\u00e7\u00e3o do F\u00f3rum de L\u00edderes, promovido por meio do Conselho de Desenvolvimento de Lideran\u00e7as (Conlider) da entidade, reunindo empres\u00e1rios, executivos e l\u00edderes para debater os principais desafios e oportunidades que moldam o futuro da ind\u00fastria e da lideran\u00e7a no Rio Grande do Sul. O evento conta com palestra do diretor administrativo e cofundador da marca esportiva Poker, Rog\u00e9rio Cauduro. A media\u00e7\u00e3o ser\u00e1 conduzida pelo empres\u00e1rio e vice-presidente da FIERGS Clovis Tramontina, diretor do Conselho de Administra\u00e7\u00e3o da Tramontina.<\/p>\n<p>\u00a0<\/p>\n<p><strong>SERVI\u00c7O<\/strong><\/p>\n<p><strong>O qu\u00ea:<\/strong> Rota FIERGS na Serra<\/p>\n<p><strong>Data:<\/strong> quinta-feira (27), \u00e0s 12h<\/p>\n<p><strong>Local:<\/strong> R. \u00cdtalo Victor Bersani, 1134 - Jardim Am\u00e9rica, Caxias do Sul<\/p>\n<hr \/>\n<h6><strong>Sistema FIERS | Comunica\u00e7\u00e3o - Ger\u00eancia de Comunica\u00e7\u00e3o Institucional<\/strong><\/h6>\n\n\n<center><iframe loading=\"lazy\" class=\"jmvplayer\" src=\"https:\/\/player.jmvstream.com\/lvw\/YYGWo5wfZuZ8fEW7Qoq1ISwhLSEDhU\" allowfullscreen allow=\"autoplay; fullscreen\" frameborder=\"0\" width=\"640\" height=\"360\" ><\/iframe><\/center>\n<\/div><\/div>","protected":false},"excerpt":{"rendered":"<p>Evento acontece na pr\u00f3xima quinta-feira (27), a partir das 12h, na CIC de Caxias do Sul, marcando mais uma etapa da interioriza\u00e7\u00e3o do Sistema FIERGS \u00a0 Na pr\u00f3xima quinta-feira (27), o projeto Rota FIERGS chega \u00e0 regi\u00e3o da Serra. A iniciativa, realizada desde maio, promove a interioriza\u00e7\u00e3o do Sistema FIERGS, com o objetivo de fortalecer [&hellip;]<\/p>\n","protected":false},"author":4,"featured_media":80436,"comment_status":"open","ping_status":"open","sticky":false,"template":"","format":"standard","meta":{"footnotes":""},"categories":[1],"tags":[],"class_list":["post-80435","post","type-post","status-publish","format-standard","has-post-thumbnail","hentry","category-sem-categoria"],"_links":{"self":[{"href":"http:\/\/sol.fm.br\/radio\/wp-json\/wp\/v2\/posts\/80435","targetHints":{"allow":["GET"]}}],"collection":[{"href":"http:\/\/sol.fm.br\/radio\/wp-json\/wp\/v2\/posts"}],"about":[{"href":"http:\/\/sol.fm.br\/radio\/wp-json\/wp\/v2\/types\/post"}],"author":[{"embeddable":true,"href":"http:\/\/sol.fm.br\/radio\/wp-json\/wp\/v2\/users\/4"}],"replies":[{"embeddable":true,"href":"http:\/\/sol.fm.br\/radio\/wp-json\/wp\/v2\/comments?post=80435"}],"version-history":[{"count":1,"href":"http:\/\/sol.fm.br\/radio\/wp-json\/wp\/v2\/posts\/80435\/revisions"}],"predecessor-version":[{"id":80437,"href":"http:\/\/sol.fm.br\/radio\/wp-json\/wp\/v2\/posts\/80435\/revisions\/80437"}],"wp:featuredmedia":[{"embeddable":true,"href":"http:\/\/sol.fm.br\/radio\/wp-json\/wp\/v2\/media\/80436"}],"wp:attachment":[{"href":"http:\/\/sol.fm.br\/radio\/wp-json\/wp\/v2\/media?parent=80435"}],"wp:term":[{"taxonomy":"category","embeddable":true,"href":"http:\/\/sol.fm.br\/radio\/wp-json\/wp\/v2\/categories?post=80435"},{"taxonomy":"post_tag","embeddable":true,"href":"http:\/\/sol.fm.br\/radio\/wp-json\/wp\/v2\/tags?post=80435"}],"curies":[{"name":"wp","href":"https:\/\/api.w.org\/{rel}","templated":true}]}}