{"id":80441,"date":"2025-11-26T10:16:38","date_gmt":"2025-11-26T13:16:38","guid":{"rendered":"http:\/\/sol.fm.br\/radio\/?p=80441"},"modified":"2025-11-26T10:16:40","modified_gmt":"2025-11-26T13:16:40","slug":"fnouh-celebra-25-anos-com-evento-nacional-voltado-a-reflexao-integracao-e-futuro-da-ouvidoria","status":"publish","type":"post","link":"http:\/\/sol.fm.br\/radio\/fnouh-celebra-25-anos-com-evento-nacional-voltado-a-reflexao-integracao-e-futuro-da-ouvidoria\/","title":{"rendered":"FNOUH celebra 25 anos com evento nacional voltado \u00e0 reflex\u00e3o, integra\u00e7\u00e3o e futuro da ouvidoria"},"content":{"rendered":"<div id=\"dslc-theme-content\"><div id=\"dslc-theme-content-inner\"><p class=\"x_yiv3339304411ydpd2ce3a15yiv3670884104MsoNormal\"><span data-olk-copy-source=\"MessageBody\">Com o objetivo de fortalecer pr\u00e1ticas de escuta qualificada, promover atualiza\u00e7\u00e3o profissional e integrar ouvidores de todo o pa\u00eds, o F\u00f3rum Nacional de Ouvidorias Universit\u00e1rias e de Hospitais de Ensino (FNOUH) realiza, no dia 12 de dezembro de 2025, o evento online \u201cFNOUH 25 anos \u2013 Mem\u00f3rias que Inspiram o Futuro\u201d. Gratuito e transmitido pelo\u00a0<i>YouTube\u00a0<\/i>Faccat<i>,<\/i>\u00a0o encontro ocorre das 9h30min \u00e0s 17h, com inscri\u00e7\u00f5es abertas at\u00e9 o pr\u00f3prio dia do evento.<\/span><\/p>\n<p class=\"x_yiv3339304411ydpd2ce3a15yiv3670884104MsoNormal\">Integrante da comiss\u00e3o organizadora, a ouvidora da Faccat, Luciane Scheffel, destaca o significado do encontro nestes 25 anos de trajet\u00f3ria. <em>\u201cPara mim, o FNOUH sempre representou algo simples e, ao mesmo tempo, profundamente significativo: um espa\u00e7o onde \u00e9 poss\u00edvel parar, respirar e escutar de verdade\u201d,<\/em> afirma. Segundo ela, a ouvidoria vai al\u00e9m da solu\u00e7\u00e3o de demandas: \u201c<em>Ela reconhece pessoas, suas hist\u00f3rias, suas necessidades, inclusive aquilo que ainda n\u00e3o conseguem expressar\u201d<\/em>.<\/p>\n<p class=\"x_yiv3339304411ydpd2ce3a15yiv3670884104MsoNormal\">Luciane ressalta que a celebra\u00e7\u00e3o dos 25 anos \u00e9 tamb\u00e9m um convite \u00e0 reflex\u00e3o. \u201c<em>A mudan\u00e7a come\u00e7a quando algu\u00e9m se sente realmente ouvido. \u00c9 nesse momento que algo se reorganiza, que a confian\u00e7a nasce e que a institui\u00e7\u00e3o se humaniza\u201d, observa. Para ela, escutar n\u00e3o \u00e9 um protocolo, mas uma postura \u00e9tica e humana: \u201c\u00c9 presen\u00e7a, respeito, empatia, considera\u00e7\u00e3o positiva incondicional\u201d.<\/em><\/p>\n<p class=\"x_yiv3339304411ydpd2ce3a15yiv3670884104MsoNormal\">As inscri\u00e7\u00f5es s\u00e3o gratuitas e est\u00e3o abertas. Elas devem ser feitas via site da Faccat, em\u00a0<a title=\"http:\/\/www.faccat.br\/cursoseeventos\" href=\"http:\/\/www.faccat.br\/cursoseeventos\" target=\"_blank\" rel=\"noreferrer noopener\" shape=\"rect\" data-auth=\"NotApplicable\" data-linkindex=\"0\">www.faccat.br\/cursoseeventos<\/a>.\u00a0 A programa\u00e7\u00e3o inclui: abertura oficial; painel \u201cOuvidoria: a voz que representa e cuida\u201d; debate sobre Intelig\u00eancia Artificial na gest\u00e3o da ouvidoria; mesa \u201cMem\u00f3rias que inspiram o futuro\u201d; e a elei\u00e7\u00e3o da nova diretoria do F\u00f3rum.<\/p>\n<hr \/>\n<h6><strong>Faculdades Integradas de Taquara - Faccat | Assessoria de Imprensa - Faccat | Foto: Angelo Flesch\/Faccat<\/strong><\/h6>\n\n\n<center><iframe loading=\"lazy\" class=\"jmvplayer\" src=\"https:\/\/player.jmvstream.com\/lvw\/YYGWo5wfZuZ8fEW7Qoq1ISwhLSEDhU\" allowfullscreen allow=\"autoplay; fullscreen\" frameborder=\"0\" width=\"640\" height=\"360\" ><\/iframe><\/center>\n<\/div><\/div>","protected":false},"excerpt":{"rendered":"<p>Com o objetivo de fortalecer pr\u00e1ticas de escuta qualificada, promover atualiza\u00e7\u00e3o profissional e integrar ouvidores de todo o pa\u00eds, o F\u00f3rum Nacional de Ouvidorias Universit\u00e1rias e de Hospitais de Ensino (FNOUH) realiza, no dia 12 de dezembro de 2025, o evento online \u201cFNOUH 25 anos \u2013 Mem\u00f3rias que Inspiram o Futuro\u201d. Gratuito e transmitido pelo\u00a0YouTube\u00a0Faccat,\u00a0o [&hellip;]<\/p>\n","protected":false},"author":4,"featured_media":80442,"comment_status":"open","ping_status":"open","sticky":false,"template":"","format":"standard","meta":{"footnotes":""},"categories":[1],"tags":[],"class_list":["post-80441","post","type-post","status-publish","format-standard","has-post-thumbnail","hentry","category-sem-categoria"],"_links":{"self":[{"href":"http:\/\/sol.fm.br\/radio\/wp-json\/wp\/v2\/posts\/80441","targetHints":{"allow":["GET"]}}],"collection":[{"href":"http:\/\/sol.fm.br\/radio\/wp-json\/wp\/v2\/posts"}],"about":[{"href":"http:\/\/sol.fm.br\/radio\/wp-json\/wp\/v2\/types\/post"}],"author":[{"embeddable":true,"href":"http:\/\/sol.fm.br\/radio\/wp-json\/wp\/v2\/users\/4"}],"replies":[{"embeddable":true,"href":"http:\/\/sol.fm.br\/radio\/wp-json\/wp\/v2\/comments?post=80441"}],"version-history":[{"count":1,"href":"http:\/\/sol.fm.br\/radio\/wp-json\/wp\/v2\/posts\/80441\/revisions"}],"predecessor-version":[{"id":80443,"href":"http:\/\/sol.fm.br\/radio\/wp-json\/wp\/v2\/posts\/80441\/revisions\/80443"}],"wp:featuredmedia":[{"embeddable":true,"href":"http:\/\/sol.fm.br\/radio\/wp-json\/wp\/v2\/media\/80442"}],"wp:attachment":[{"href":"http:\/\/sol.fm.br\/radio\/wp-json\/wp\/v2\/media?parent=80441"}],"wp:term":[{"taxonomy":"category","embeddable":true,"href":"http:\/\/sol.fm.br\/radio\/wp-json\/wp\/v2\/categories?post=80441"},{"taxonomy":"post_tag","embeddable":true,"href":"http:\/\/sol.fm.br\/radio\/wp-json\/wp\/v2\/tags?post=80441"}],"curies":[{"name":"wp","href":"https:\/\/api.w.org\/{rel}","templated":true}]}}