{"id":80447,"date":"2025-11-26T10:29:47","date_gmt":"2025-11-26T13:29:47","guid":{"rendered":"http:\/\/sol.fm.br\/radio\/?p=80447"},"modified":"2025-11-26T10:29:49","modified_gmt":"2025-11-26T13:29:49","slug":"agritech-registra-crescimento-de-179-na-venda-de-tratores-para-agricultura-familiar","status":"publish","type":"post","link":"http:\/\/sol.fm.br\/radio\/agritech-registra-crescimento-de-179-na-venda-de-tratores-para-agricultura-familiar\/","title":{"rendered":"Agritech registra crescimento de 17,9% na venda de tratores para agricultura familiar"},"content":{"rendered":"<div id=\"dslc-theme-content\"><div id=\"dslc-theme-content-inner\"><p style=\"text-align: center;\"><em>Empresa acompanha alta do mercado de m\u00e1quinas, que cresceu 19,6% entre janeiro e setembro de 2025<\/em><\/p>\n<p>A Agritech registrou, entre janeiro e outubro de 2025, um aumento de 17,9% nas vendas de tratores e microtratores voltados \u00e0 agricultura familiar. O resultado acompanha a tend\u00eancia do setor, que avan\u00e7ou 19,6%, de acordo com os dados mais recentes divulgados pela Fenabrave, referentes ao desempenho acumulado at\u00e9 setembro deste ano.<\/p>\n<p>De acordo com o gerente de Vendas e Marketing da Agritech, Cesar Roberto Guimar\u00e3es de Oliveira, o resultado reflete a busca crescente por mecaniza\u00e7\u00e3o e o fortalecimento de modalidades de aquisi\u00e7\u00e3o como o cons\u00f3rcio. <em>\u201cO mercado de m\u00e1quinas agr\u00edcolas vem mostrando retomada consistente, impulsionada pelo interesse de pequenos e m\u00e9dios produtores em modernizar suas propriedades. O cons\u00f3rcio, em especial, tem se consolidado como uma alternativa vi\u00e1vel e segura para planejar a compra de equipamentos sem comprometer o fluxo financeiro<\/em>\u201d, afirma.<\/p>\n<p>O Cons\u00f3rcio Nacional Agritech tem se mostrado uma ferramenta importante para ampliar o acesso \u00e0 tecnologia no campo. Al\u00e9m dessa modalidade, a empresa disponibiliza seus equipamentos por meio da linha de financiamento Pronaf Mais Alimentos, com taxas entre 2,5% e 5% ao ano e limite de cr\u00e9dito de R$ 50 mil a R$ 100 mil para a compra de m\u00e1quinas e implementos. <br \/><br \/><strong>Trator 1155 Plus lidera vendas da Agritech em 2025<\/strong><\/p>\n<p>O modelo mais comercializado pela Agritech neste ano, de acordo com Oliveira, \u00e9 o trator 1155 Plus, desenvolvido para diferentes tipos de plantio e reconhecido por sua versatilidade em campo. O equipamento re\u00fane caracter\u00edsticas que atendem \u00e0s necessidades da agricultura familiar, como pot\u00eancia, versatilidade e baixo consumo. Equipado com motor Yanmar de alta performance, o modelo \u00e9 apto ao uso de Biodiesel B8 e possui o menor raio de giro do mercado, com 2.250 mm, o que garante agilidade em \u00e1reas menores.<\/p>\n<p>O trator 1155 Plus est\u00e1 dispon\u00edvel nas vers\u00f5es standard, cabinado, cafeeiro estreito, cafeeiro super estreito, super tra\u00e7\u00e3o, parreira, parreira super estreito, arrozeiro e cultivo.<\/p>\n<p>Segundo Oliveira, o aumento nas vendas dos equipamentos \u00e9 reflexo do compromisso da Agritech com o desenvolvimento do campo. <em>\u201cNossos tratores s\u00e3o projetados para oferecer produtividade, economia e seguran\u00e7a. O objetivo \u00e9 fortalecer o produtor familiar e contribuir para o avan\u00e7o da agricultura brasileira\u201d,<\/em> conclui.<\/p>\n<p><strong>Sobre a Agritech<\/strong><\/p>\n<p>A Agritech Lavrale \u2013 Divis\u00e3o Agritech \u00e9 pioneira na ind\u00fastria brasileira ao fabricar linhas de tratores, microtratores e implementos agr\u00edcolas voltadas para a agricultura familiar. Com f\u00e1brica em Indaiatuba (SP), a Agritech faz parte do Grupo St\u00e9dile e surgiu com a cis\u00e3o da Yanmar do Brasil. O Grupo St\u00e9dile, de Caxias do Sul (RS), \u00e9 um dos mais respeitados conglomerados industriais do Brasil e engloba a empresa Agrale S.A.<\/p>\n<p>Para saber mais: <a href=\"http:\/\/www.agritech.ind.br\/\">www.agritech.ind.br<\/a><\/p>\n<hr \/>\n<h6><strong>Attuale Comunica\u00e7\u00e3o<\/strong><\/h6>\n\n\n<center><iframe loading=\"lazy\" class=\"jmvplayer\" src=\"https:\/\/player.jmvstream.com\/lvw\/YYGWo5wfZuZ8fEW7Qoq1ISwhLSEDhU\" allowfullscreen allow=\"autoplay; fullscreen\" frameborder=\"0\" width=\"640\" height=\"360\" ><\/iframe><\/center>\n<\/div><\/div>","protected":false},"excerpt":{"rendered":"<p>Empresa acompanha alta do mercado de m\u00e1quinas, que cresceu 19,6% entre janeiro e setembro de 2025 A Agritech registrou, entre janeiro e outubro de 2025, um aumento de 17,9% nas vendas de tratores e microtratores voltados \u00e0 agricultura familiar. O resultado acompanha a tend\u00eancia do setor, que avan\u00e7ou 19,6%, de acordo com os dados mais [&hellip;]<\/p>\n","protected":false},"author":4,"featured_media":80448,"comment_status":"open","ping_status":"open","sticky":false,"template":"","format":"standard","meta":{"footnotes":""},"categories":[1],"tags":[],"class_list":["post-80447","post","type-post","status-publish","format-standard","has-post-thumbnail","hentry","category-sem-categoria"],"_links":{"self":[{"href":"http:\/\/sol.fm.br\/radio\/wp-json\/wp\/v2\/posts\/80447","targetHints":{"allow":["GET"]}}],"collection":[{"href":"http:\/\/sol.fm.br\/radio\/wp-json\/wp\/v2\/posts"}],"about":[{"href":"http:\/\/sol.fm.br\/radio\/wp-json\/wp\/v2\/types\/post"}],"author":[{"embeddable":true,"href":"http:\/\/sol.fm.br\/radio\/wp-json\/wp\/v2\/users\/4"}],"replies":[{"embeddable":true,"href":"http:\/\/sol.fm.br\/radio\/wp-json\/wp\/v2\/comments?post=80447"}],"version-history":[{"count":1,"href":"http:\/\/sol.fm.br\/radio\/wp-json\/wp\/v2\/posts\/80447\/revisions"}],"predecessor-version":[{"id":80449,"href":"http:\/\/sol.fm.br\/radio\/wp-json\/wp\/v2\/posts\/80447\/revisions\/80449"}],"wp:featuredmedia":[{"embeddable":true,"href":"http:\/\/sol.fm.br\/radio\/wp-json\/wp\/v2\/media\/80448"}],"wp:attachment":[{"href":"http:\/\/sol.fm.br\/radio\/wp-json\/wp\/v2\/media?parent=80447"}],"wp:term":[{"taxonomy":"category","embeddable":true,"href":"http:\/\/sol.fm.br\/radio\/wp-json\/wp\/v2\/categories?post=80447"},{"taxonomy":"post_tag","embeddable":true,"href":"http:\/\/sol.fm.br\/radio\/wp-json\/wp\/v2\/tags?post=80447"}],"curies":[{"name":"wp","href":"https:\/\/api.w.org\/{rel}","templated":true}]}}