{"id":80450,"date":"2025-11-26T10:34:27","date_gmt":"2025-11-26T13:34:27","guid":{"rendered":"http:\/\/sol.fm.br\/radio\/?p=80450"},"modified":"2025-11-26T10:34:29","modified_gmt":"2025-11-26T13:34:29","slug":"a-metrica-para-o-sucesso-e-a-competencia-humana","status":"publish","type":"post","link":"http:\/\/sol.fm.br\/radio\/a-metrica-para-o-sucesso-e-a-competencia-humana\/","title":{"rendered":"A m\u00e9trica para o sucesso \u00e9 a compet\u00eancia humana"},"content":{"rendered":"<div id=\"dslc-theme-content\"><div id=\"dslc-theme-content-inner\"><p data-olk-copy-source=\"MessageBody\">Liderar nunca foi t\u00e3o desafiador, nem t\u00e3o necess\u00e1rio. No atual cen\u00e1rio corporativo, marcado por mudan\u00e7as constantes, novas tecnologias e crises de confian\u00e7a, o pesquisador e CEO\u00a0Silvio Bugelli\u00a0prop\u00f5e uma virada de chave em\u00a0<em>Lideran\u00e7a Exponencial: ative seu potencial de a\u00e7\u00e3o<\/em>. Na obra, publicada pela\u00a0Trend Editora, o autor costura\u00a0neuroci\u00eancia, gest\u00e3o e humanidade.<\/p>\n<p>Bugelli oferece aos l\u00edderes contempor\u00e2neos um formato capaz de gerar performances sustent\u00e1veis e conex\u00f5es genu\u00ednas. Tamb\u00e9m revela como a confian\u00e7a e a empatia s\u00e3o for\u00e7as estrat\u00e9gicas e que a cultura organizacional consciente se tornou uma condi\u00e7\u00e3o vital para o desempenho.<\/p>\n<p>O autor integra tr\u00eas capitais e prop\u00f5e uma nova l\u00f3gica: o equil\u00edbrio entre resultado, conhecimento e v\u00ednculo. O capital econ\u00f4mico representa o desempenho mensur\u00e1vel; o intelectual traduz o potencial criativo e anal\u00edtico das pessoas; e o relacional expressa a seguran\u00e7a que conecta indiv\u00edduos e prop\u00f3sitos. Para o especialista, quando esses pontos atuam em sinergia, sustentados por uma base humana s\u00f3lida, surge um modelo de lideran\u00e7a capaz de gerar impacto real e duradouro.<\/p>\n<p><em>A ci\u00eancia n\u00e3o caminha sozinha. Ela se encontra com a filosofia, com a arte, com a ancestralidade e com a espiritualidade. Um saber n\u00e3o invalida o outro. Vivemos a era em que tudo o que parecia separado come\u00e7a a se recompor em uma nova trama. O dado isolado cede espa\u00e7o \u00e0 sabedoria. A automa\u00e7\u00e3o exige mais humanidade.<\/em>\u00a0(Lideran\u00e7a Exponencial<em>: ative seu potencial de a\u00e7\u00e3o<\/em>, p.38)<\/p>\n<p>Pesquisador dos processos cognitivos e da aprendizagem, o autor apresenta a gest\u00e3o como uma trama viva, tecida ponto a ponto entre inten\u00e7\u00e3o e a\u00e7\u00e3o. Assim, conduz o leitor por sete cap\u00edtulos que aprofundam a neuroci\u00eancia e traduzem como a mente funciona para criar pr\u00e1ticas de lideran\u00e7a aplic\u00e1veis ao mundo corporativo.<\/p>\n<p>A partir de evid\u00eancias cient\u00edficas e met\u00e1foras po\u00e9ticas, como o tear, s\u00edmbolo da constru\u00e7\u00e3o interior,\u00a0Silvio Bugelli\u00a0mostra: liderar n\u00e3o \u00e9 dominar ou controlar, e sim inspirar e conectar. Antes de toda a\u00e7\u00e3o existe uma inten\u00e7\u00e3o, um impulso alinhado \u00e0 consci\u00eancia e ao prop\u00f3sito, capaz de transformar pessoas, equipes e organiza\u00e7\u00f5es.<\/p>\n<p><strong>Ficha T\u00e9cnica:<\/strong><\/p>\n<p><strong>T\u00edtulo do livro:<\/strong>\u00a0Lideran\u00e7a Exponencial: ative seu potencial de a\u00e7\u00e3o<br clear=\"none\" \/><strong>Autor:\u00a0<\/strong>Silvio Bugelli<br clear=\"none\" \/><strong>Editora:<\/strong>\u00a0Trend Editora<br clear=\"none\" \/><strong>ISBN\/ASIN:<\/strong>\u00a09786583187345<br clear=\"none\" \/><strong>P\u00e1ginas:<\/strong> 160<br clear=\"none\" \/><strong>Onde comprar:<\/strong>\u00a0<a title=\"https:\/\/www.amazon.com.br\/Lideran%C3%A7a-exponencial-Ative-potencial-a%C3%A7%C3%A3o\/dp\/6583187345\/ref=sr_1_3?__mk_pt_BR=%C3%85M%C3%85%C5%BD%C3%95%C3%91&amp;crid=3MXWRAHKUG6TW&amp;dib=eyJ2IjoiMSJ9.nNKqbTVOadeIS4jdH4zbhXZJ7UeUXS9s915G0PilpJ1x01CbGyrS640x10hzqNTyZp-qMjO4gmeQSUhG9QbgFVSTFqz77gCUO2YZytlSzNJeqDKU9omNnctqQ-G6uhwOfCVgyaucTuoaWN6JsS073ttXaB3d7qN-OIHOYqWNRbtGoZW5ERlV0R9UsPpOlJPJMa4aN05h9vVUA0_0gg5b6c2aCOKCB5-q-487gTM70uTnQ-Qrk7Wh5KOG5xHRJ-cFvkwJcoU2MYwQZLWpYfL4XjIZCLAHfy-1JvCMERhjofk.sviaix6ZAFVhWRgS7Q4aLvHaHSOmpDxFijBVbrOy464&amp;dib_tag=se&amp;keywords=lideran%C3%A7a+exponencial&amp;qid=1762351126&amp;sprefix=lideran%C3%A7a+exponencial%2Caps%2C213&amp;sr=8-3\" href=\"https:\/\/www.amazon.com.br\/Lideran%C3%A7a-exponencial-Ative-potencial-a%C3%A7%C3%A3o\/dp\/6583187345\/ref=sr_1_3?__mk_pt_BR=%C3%85M%C3%85%C5%BD%C3%95%C3%91&amp;crid=3MXWRAHKUG6TW&amp;dib=eyJ2IjoiMSJ9.nNKqbTVOadeIS4jdH4zbhXZJ7UeUXS9s915G0PilpJ1x01CbGyrS640x10hzqNTyZp-qMjO4gmeQSUhG9QbgFVSTFqz77gCUO2YZytlSzNJeqDKU9omNnctqQ-G6uhwOfCVgyaucTuoaWN6JsS073ttXaB3d7qN-OIHOYqWNRbtGoZW5ERlV0R9UsPpOlJPJMa4aN05h9vVUA0_0gg5b6c2aCOKCB5-q-487gTM70uTnQ-Qrk7Wh5KOG5xHRJ-cFvkwJcoU2MYwQZLWpYfL4XjIZCLAHfy-1JvCMERhjofk.sviaix6ZAFVhWRgS7Q4aLvHaHSOmpDxFijBVbrOy464&amp;dib_tag=se&amp;keywords=lideran%C3%A7a+exponencial&amp;qid=1762351126&amp;sprefix=lideran%C3%A7a+exponencial%2Caps%2C213&amp;sr=8-3\" target=\"_blank\" rel=\"noreferrer noopener\" shape=\"rect\" data-auth=\"NotApplicable\" data-linkindex=\"0\">Amazon<\/a><\/p>\n<div id=\"attachment_80452\" style=\"width: 410px\" class=\"wp-caption alignleft\"><img loading=\"lazy\" decoding=\"async\" aria-describedby=\"caption-attachment-80452\" class=\"size-medium wp-image-80452\" src=\"http:\/\/sol.fm.br\/radio\/wp-content\/uploads\/2025\/11\/91-1-400x267.jpg\" alt=\"\" width=\"400\" height=\"267\" srcset=\"http:\/\/sol.fm.br\/radio\/wp-content\/uploads\/2025\/11\/91-1-400x267.jpg 400w, http:\/\/sol.fm.br\/radio\/wp-content\/uploads\/2025\/11\/91-1-768x512.jpg 768w, http:\/\/sol.fm.br\/radio\/wp-content\/uploads\/2025\/11\/91-1-600x400.jpg 600w, http:\/\/sol.fm.br\/radio\/wp-content\/uploads\/2025\/11\/91-1-1536x1023.jpg 1536w, http:\/\/sol.fm.br\/radio\/wp-content\/uploads\/2025\/11\/91-1.jpg 1600w\" sizes=\"auto, (max-width: 400px) 100vw, 400px\" \/><p id=\"caption-attachment-80452\" class=\"wp-caption-text\">Foto - Silvio Bugelli<\/p><\/div>\n<p><strong>Sobre o autor:<\/strong>\u00a0Silvio Bugelli \u00e9 CEO da Capital Relacional e fundador da Metanoia Educa\u00e7\u00e3o Transformadora, com experi\u00eancia como mentor em programas de desenvolvimento de lideran\u00e7as. Pesquisador dos processos cognitivos, da mem\u00f3ria e da aprendizagem, atua no ambiente corporativo e cooperativo, com foco em integrar ci\u00eancia, gest\u00e3o e humaniza\u00e7\u00e3o. \u00c9 administrador de empresas, com p\u00f3s-gradua\u00e7\u00e3o em Administra\u00e7\u00e3o pela Funda\u00e7\u00e3o Getulio Vargas (FGV) e em Neuroci\u00eancias pela Faculdade de Medicina da Universidade de S\u00e3o Paulo (USP), MBA em Gest\u00e3o Estrat\u00e9gica de Cooperativas, Sustentabilidade e Economia Social pela Universidade do Chile, al\u00e9m de especializa\u00e7\u00e3o em Enologia e Viticultura. Autor dos livros\u00a0<em>Criar agir vencer<\/em>,\u00a0<em>Ver crer ser\u00a0<\/em>e<em>\u00a0Crer ser humanamente<\/em>, \u00e9 palestrante e conferencista em f\u00f3runs nacionais e internacionais.<\/p>\n<p>\u00a0<\/p>\n<p><strong>Sobre\u00a0a\u00a0Trend Editora:\u00a0<\/strong>De olho nas tend\u00eancias do Brasil e do mundo, e alinhada \u00e0s novidades e aos desejos do leitor, a Trend Editora surgiu com o intuito de conectar os temas mais relevantes a quem est\u00e1 em busca de inova\u00e7\u00e3o e transforma\u00e7\u00e3o. \u00c9 um selo do Grupo Ciranda Cultural que se define exatamente pelo que seu nome prop\u00f5e: tend\u00eancia. Sua linha editorial n\u00e3o \u00e9 definida por categorias, mas pelo compromisso com o novo e o atual e, principalmente, com as diferentes gera\u00e7\u00f5es de leitores que buscam tem\u00e1ticas e leituras diversas. \u00a0<\/p>\n<hr \/>\n<h6><strong>LC Ag\u00eancia de Comunica\u00e7\u00e3o | Foto: Ciranda Cultural<\/strong><\/h6>\n\n\n<center><iframe loading=\"lazy\" class=\"jmvplayer\" src=\"https:\/\/player.jmvstream.com\/lvw\/YYGWo5wfZuZ8fEW7Qoq1ISwhLSEDhU\" allowfullscreen allow=\"autoplay; fullscreen\" frameborder=\"0\" width=\"640\" height=\"360\" ><\/iframe><\/center>\n<\/div><\/div>","protected":false},"excerpt":{"rendered":"<p>Liderar nunca foi t\u00e3o desafiador, nem t\u00e3o necess\u00e1rio. No atual cen\u00e1rio corporativo, marcado por mudan\u00e7as constantes, novas tecnologias e crises de confian\u00e7a, o pesquisador e CEO\u00a0Silvio Bugelli\u00a0prop\u00f5e uma virada de chave em\u00a0Lideran\u00e7a Exponencial: ative seu potencial de a\u00e7\u00e3o. Na obra, publicada pela\u00a0Trend Editora, o autor costura\u00a0neuroci\u00eancia, gest\u00e3o e humanidade. Bugelli oferece aos l\u00edderes contempor\u00e2neos um [&hellip;]<\/p>\n","protected":false},"author":4,"featured_media":80451,"comment_status":"open","ping_status":"open","sticky":false,"template":"","format":"standard","meta":{"footnotes":""},"categories":[1],"tags":[],"class_list":["post-80450","post","type-post","status-publish","format-standard","has-post-thumbnail","hentry","category-sem-categoria"],"_links":{"self":[{"href":"http:\/\/sol.fm.br\/radio\/wp-json\/wp\/v2\/posts\/80450","targetHints":{"allow":["GET"]}}],"collection":[{"href":"http:\/\/sol.fm.br\/radio\/wp-json\/wp\/v2\/posts"}],"about":[{"href":"http:\/\/sol.fm.br\/radio\/wp-json\/wp\/v2\/types\/post"}],"author":[{"embeddable":true,"href":"http:\/\/sol.fm.br\/radio\/wp-json\/wp\/v2\/users\/4"}],"replies":[{"embeddable":true,"href":"http:\/\/sol.fm.br\/radio\/wp-json\/wp\/v2\/comments?post=80450"}],"version-history":[{"count":1,"href":"http:\/\/sol.fm.br\/radio\/wp-json\/wp\/v2\/posts\/80450\/revisions"}],"predecessor-version":[{"id":80453,"href":"http:\/\/sol.fm.br\/radio\/wp-json\/wp\/v2\/posts\/80450\/revisions\/80453"}],"wp:featuredmedia":[{"embeddable":true,"href":"http:\/\/sol.fm.br\/radio\/wp-json\/wp\/v2\/media\/80451"}],"wp:attachment":[{"href":"http:\/\/sol.fm.br\/radio\/wp-json\/wp\/v2\/media?parent=80450"}],"wp:term":[{"taxonomy":"category","embeddable":true,"href":"http:\/\/sol.fm.br\/radio\/wp-json\/wp\/v2\/categories?post=80450"},{"taxonomy":"post_tag","embeddable":true,"href":"http:\/\/sol.fm.br\/radio\/wp-json\/wp\/v2\/tags?post=80450"}],"curies":[{"name":"wp","href":"https:\/\/api.w.org\/{rel}","templated":true}]}}