{"id":80471,"date":"2025-11-27T14:39:06","date_gmt":"2025-11-27T17:39:06","guid":{"rendered":"http:\/\/sol.fm.br\/radio\/?p=80471"},"modified":"2025-11-27T14:39:08","modified_gmt":"2025-11-27T17:39:08","slug":"seminario-vai-debater-alternativas-para-desenvolvimento-do-olivoturismo-no-brasil","status":"publish","type":"post","link":"http:\/\/sol.fm.br\/radio\/seminario-vai-debater-alternativas-para-desenvolvimento-do-olivoturismo-no-brasil\/","title":{"rendered":"Semin\u00e1rio vai debater alternativas para desenvolvimento do olivoturismo no Brasil"},"content":{"rendered":"<div id=\"dslc-theme-content\"><div id=\"dslc-theme-content-inner\"><p style=\"text-align: center;\"><em>Bag\u00e9 sediar\u00e1 o primeiro encontro sobre o tema e reunir\u00e1 produtores, setor p\u00fablico e acad\u00eamico<\/em><\/p>\n<p>O cen\u00e1rio atual e as perspectivas para crescimento do setor ser\u00e3o debatidos, no pr\u00f3ximo dia 4 de dezembro, no 1\u00b0 Simp\u00f3sio Nacional de Olivoturismo. Al\u00e9m de produtores do Brasil e do Uruguai, o encontro reunir\u00e1 o meio acad\u00eamico e o setor p\u00fablico, em Bag\u00e9 (RS).<\/p>\n<p>Conforme a vice-presidente do Instituto Brasileiro de Olivicultura (Ibraoliva), Solange Neves, a abertura das propriedades, olivais e lagares para visita\u00e7\u00e3o e at\u00e9 mesmo o uso de estruturas de fazendas como hospedagens, ainda \u00e9 uma alternativa embrion\u00e1ria. \u201c<em>A cada ano n\u00f3s temos, em m\u00e9dia, de duas a tr\u00eas propriedades abrindo at\u00e9 o momento, para o olivoturismo. Isso deve melhorar \u00e0 medida em que o setor tiver uma boa safra, pois as quest\u00f5es andam juntas<\/em>\u201d, afirma.<\/p>\n<p>Solange diz, ainda, que o simp\u00f3sio busca demonstrar que o Rio Grande do Sul tem toda uma beleza para ser explorada como a Serra, o Pampa, o Planalto, e que o Brasil tem uma regi\u00e3o para as pessoas visitarem e conhecerem tamb\u00e9m pela Oliva.<\/p>\n<p>Inclusa nas ofertas de ag\u00eancias de turismo, a Rota das Oliveiras, institu\u00edda por lei estadual em 2019, re\u00fane os munic\u00edpios de Bag\u00e9, Barra do Ribeiro, Cachoeira do Sul, Ca\u00e7apava do Sul, Camaqu\u00e3, Candiota, Cangu\u00e7u, Dom Feliciano, Dom Pedrito, Encruzilhada do Sul, Formigueiro, Hulha Negra, Pantano Grande, Pinheiro Machado, Piratini, Restinga Seca, Ros\u00e1rio do Sul, Santa Margarida do Sul, Santana do Livramento, S\u00e3o Gabriel, S\u00e3o Jo\u00e3o do Pol\u00easine, S\u00e3o Sep\u00e9, Sentinela do Sul e Vila Nova do Sul. Algumas abrem as porteiras para que visitantes apenas passem o dia com refei\u00e7\u00f5es; outras j\u00e1 t\u00eam hospedagem. Al\u00e9m disso, est\u00e1 em desenvolvimento um empreendimento pr\u00f3ximo a Pinheiro Machado, onde haver\u00e1 um complexo hoteleiro.<\/p>\n<p>O Ibraoliva estima que o crescimento do olivoturismo ajude a viabilizar economicamente os olivais, especialmente nas fases iniciais, e contribua para a economia local. A vice-presidente pontua, contudo, que \u00e9 preciso apoio do setor p\u00fablico. <em>\u201cCom melhor infraestrutura, de tecnologia, de estradas, e isso n\u00f3s temos buscado: um desenvolvimento sustent\u00e1vel das regi\u00f5es atrav\u00e9s de infraestrutura para que se possa promover o olivoturismo, por todo o Brasil<\/em>\u201d, conclui.<\/p>\n<p>O 1\u00b0 Simp\u00f3sio Nacional de Olivoturismo tem patroc\u00ednio de Banrisul, Sindicato das Empresas de Turismo do Rio Grande do Sul e Secretaria de Turismo do Rio Grande do Sul.<\/p>\n<hr \/>\n<h6><strong>AgroEffective | Assessoria de Comunica\u00e7\u00e3o do Instituto Brasileiro de Olivicultura (Ibraoliva) | <span style=\"font-size: revert; color: initial;\">Foto: Kaleu Wildner\/Divulga\u00e7\u00e3o |\u00a0<\/span>Texto: Ieda Risco\/AgroEffective<\/strong><\/h6>\n\n\n<center><iframe loading=\"lazy\" class=\"jmvplayer\" src=\"https:\/\/player.jmvstream.com\/lvw\/YYGWo5wfZuZ8fEW7Qoq1ISwhLSEDhU\" allowfullscreen allow=\"autoplay; fullscreen\" frameborder=\"0\" width=\"640\" height=\"360\" ><\/iframe><\/center>\n<\/div><\/div>","protected":false},"excerpt":{"rendered":"<p>Bag\u00e9 sediar\u00e1 o primeiro encontro sobre o tema e reunir\u00e1 produtores, setor p\u00fablico e acad\u00eamico O cen\u00e1rio atual e as perspectivas para crescimento do setor ser\u00e3o debatidos, no pr\u00f3ximo dia 4 de dezembro, no 1\u00b0 Simp\u00f3sio Nacional de Olivoturismo. Al\u00e9m de produtores do Brasil e do Uruguai, o encontro reunir\u00e1 o meio acad\u00eamico e o [&hellip;]<\/p>\n","protected":false},"author":4,"featured_media":80472,"comment_status":"open","ping_status":"open","sticky":false,"template":"","format":"standard","meta":{"footnotes":""},"categories":[1],"tags":[],"class_list":["post-80471","post","type-post","status-publish","format-standard","has-post-thumbnail","hentry","category-sem-categoria"],"_links":{"self":[{"href":"http:\/\/sol.fm.br\/radio\/wp-json\/wp\/v2\/posts\/80471","targetHints":{"allow":["GET"]}}],"collection":[{"href":"http:\/\/sol.fm.br\/radio\/wp-json\/wp\/v2\/posts"}],"about":[{"href":"http:\/\/sol.fm.br\/radio\/wp-json\/wp\/v2\/types\/post"}],"author":[{"embeddable":true,"href":"http:\/\/sol.fm.br\/radio\/wp-json\/wp\/v2\/users\/4"}],"replies":[{"embeddable":true,"href":"http:\/\/sol.fm.br\/radio\/wp-json\/wp\/v2\/comments?post=80471"}],"version-history":[{"count":1,"href":"http:\/\/sol.fm.br\/radio\/wp-json\/wp\/v2\/posts\/80471\/revisions"}],"predecessor-version":[{"id":80473,"href":"http:\/\/sol.fm.br\/radio\/wp-json\/wp\/v2\/posts\/80471\/revisions\/80473"}],"wp:featuredmedia":[{"embeddable":true,"href":"http:\/\/sol.fm.br\/radio\/wp-json\/wp\/v2\/media\/80472"}],"wp:attachment":[{"href":"http:\/\/sol.fm.br\/radio\/wp-json\/wp\/v2\/media?parent=80471"}],"wp:term":[{"taxonomy":"category","embeddable":true,"href":"http:\/\/sol.fm.br\/radio\/wp-json\/wp\/v2\/categories?post=80471"},{"taxonomy":"post_tag","embeddable":true,"href":"http:\/\/sol.fm.br\/radio\/wp-json\/wp\/v2\/tags?post=80471"}],"curies":[{"name":"wp","href":"https:\/\/api.w.org\/{rel}","templated":true}]}}