{"id":80474,"date":"2025-11-27T14:57:30","date_gmt":"2025-11-27T17:57:30","guid":{"rendered":"http:\/\/sol.fm.br\/radio\/?p=80474"},"modified":"2025-11-27T14:57:32","modified_gmt":"2025-11-27T17:57:32","slug":"governo-do-estado-tem-o-melhor-cao-de-trabalho-da-america-do-sul-na-policia-penal","status":"publish","type":"post","link":"http:\/\/sol.fm.br\/radio\/governo-do-estado-tem-o-melhor-cao-de-trabalho-da-america-do-sul-na-policia-penal\/","title":{"rendered":"Governo do Estado tem o melhor c\u00e3o de trabalho da Am\u00e9rica do Sul na Pol\u00edcia Penal"},"content":{"rendered":"<div id=\"dslc-theme-content\"><div id=\"dslc-theme-content-inner\"><p class=\"artigo__subtitulo\" style=\"text-align: center;\"><em>K9 Mohoc e o servidor penitenci\u00e1rio Hugo Gomes venceram competi\u00e7\u00e3o realizada em Goi\u00e2nia<\/em><\/p>\n<p dir=\"ltr\">Entre os dias 17 e 21 de novembro, 45 c\u00e3es e operadores de toda a Am\u00e9rica do Sul participaram, em Goi\u00e2nia (GO), do 8\u00b0 Campeonato Sul-Americano de C\u00e3es de Trabalho. Representando a Pol\u00edcia Penal do Rio Grande do Sul, o c\u00e3o K9 Mohoc e seu operador, o servidor penitenci\u00e1rio Hugo Gomes, conquistaram o in\u00e9dito primeiro lugar geral da competi\u00e7\u00e3o. O certame tem como objetivo avaliar a qualidade e a aptid\u00e3o dos condutores e de seus c\u00e3es no desempenho de atividades policiais.<\/p>\n<p dir=\"ltr\">Da ra\u00e7a pastor-holand\u00eas, Mohoc tem cinco anos e est\u00e1 desde os dois anos no canil da 9\u00aa Regi\u00e3o Penitenci\u00e1ria, com sede em Charqueadas. Segundo Gomes, a conquista resulta de dois anos de prepara\u00e7\u00e3o e de enfrentamento de situa\u00e7\u00f5es da rotina de trabalho nas unidades prisionais, simuladas nas provas da competi\u00e7\u00e3o: detec\u00e7\u00e3o de entorpecentes, armas e muni\u00e7\u00f5es; guarda e prote\u00e7\u00e3o; captura; e busca de pessoas. \u201c<em>\u00c9 um c\u00e3o multifuncional, sendo utilizado em mais de uma especialidade. A proximidade entre treinador e animal maximiza o v\u00ednculo e aumenta a performance<\/em>\u201d, avalia.<\/p>\n<p dir=\"ltr\"><strong>Qualidade e cuidado com os c\u00e3es da institui\u00e7\u00e3o<\/strong><\/p>\n<p dir=\"ltr\">N\u00e3o \u00e9 a primeira vez que equipes da Pol\u00edcia Penal ga\u00facha t\u00eam destaque na competi\u00e7\u00e3o, tendo conquistado pr\u00eamios em provas e figurado nas primeiras coloca\u00e7\u00f5es nas duas \u00faltimas edi\u00e7\u00f5es. Para o coordenador do Grupo de Opera\u00e7\u00f5es com C\u00e3es da institui\u00e7\u00e3o, Anderson Cardoso, o reconhecimento significa mais responsabilidade. \u201c<em>A ferramenta c\u00e3o pode ser empregada em situa\u00e7\u00f5es que outros meios podem n\u00e3o ser t\u00e3o eficientes, como na busca e captura mediante rastros deixados por foragidos. A cinotecnia \u00e9 uma atividade \u00fanica, diferente de todas as outras da institui\u00e7\u00e3o<\/em>\u201d, disse.<\/p>\n<p dir=\"ltr\">O superintendente da Pol\u00edcia Penal, Sergio Dalcol, entende a conquista como mais um aspecto que revela o desenvolvimento da institui\u00e7\u00e3o. \u201c<em>A premia\u00e7\u00e3o demonstra a qualidade e o cuidado que a Pol\u00edcia Penal tem com seus c\u00e3es e com os nossos operadores, os quais se dedicam para ter essa excel\u00eancia. Mais do que um pr\u00eamio, \u00e9 a coroa\u00e7\u00e3o do esfor\u00e7o e da dedica\u00e7\u00e3o deles em garantir uma atua\u00e7\u00e3o que reflita um sistema prisional cada vez mais seguro<\/em>\u201d, destaca.<\/p>\n<p dir=\"ltr\">Participaram da competi\u00e7\u00e3o bin\u00f4mios da Pol\u00edcia Militar de S\u00e3o Paulo; de unidades do Ex\u00e9rcito Brasileiro do Distrito Federal e de Goi\u00e1s; do Corpo de Bombeiros de Goi\u00e1s; da Pol\u00edcia Rodovi\u00e1ria Federal do Rio Grande do Sul; e das pol\u00edcias penais do Mato Grosso e do Rio Grande do Sul, al\u00e9m de equipes civis de seis Estados.<\/p>\n<hr \/>\n<h6 dir=\"ltr\"><strong>GOV RS | Texto: Paulo Andr\u00e9 Dutra\/Ascom Pol\u00edcia Penal | Edi\u00e7\u00e3o: Secom | Foto: Ascom Pol\u00edcia Penal<\/strong><\/h6>\n\n\n<center><iframe loading=\"lazy\" class=\"jmvplayer\" src=\"https:\/\/player.jmvstream.com\/lvw\/YYGWo5wfZuZ8fEW7Qoq1ISwhLSEDhU\" allowfullscreen allow=\"autoplay; fullscreen\" frameborder=\"0\" width=\"640\" height=\"360\" ><\/iframe><\/center>\n<\/div><\/div>","protected":false},"excerpt":{"rendered":"<p>K9 Mohoc e o servidor penitenci\u00e1rio Hugo Gomes venceram competi\u00e7\u00e3o realizada em Goi\u00e2nia Entre os dias 17 e 21 de novembro, 45 c\u00e3es e operadores de toda a Am\u00e9rica do Sul participaram, em Goi\u00e2nia (GO), do 8\u00b0 Campeonato Sul-Americano de C\u00e3es de Trabalho. Representando a Pol\u00edcia Penal do Rio Grande do Sul, o c\u00e3o K9 [&hellip;]<\/p>\n","protected":false},"author":4,"featured_media":80475,"comment_status":"open","ping_status":"open","sticky":false,"template":"","format":"standard","meta":{"footnotes":""},"categories":[1],"tags":[],"class_list":["post-80474","post","type-post","status-publish","format-standard","has-post-thumbnail","hentry","category-sem-categoria"],"_links":{"self":[{"href":"http:\/\/sol.fm.br\/radio\/wp-json\/wp\/v2\/posts\/80474","targetHints":{"allow":["GET"]}}],"collection":[{"href":"http:\/\/sol.fm.br\/radio\/wp-json\/wp\/v2\/posts"}],"about":[{"href":"http:\/\/sol.fm.br\/radio\/wp-json\/wp\/v2\/types\/post"}],"author":[{"embeddable":true,"href":"http:\/\/sol.fm.br\/radio\/wp-json\/wp\/v2\/users\/4"}],"replies":[{"embeddable":true,"href":"http:\/\/sol.fm.br\/radio\/wp-json\/wp\/v2\/comments?post=80474"}],"version-history":[{"count":1,"href":"http:\/\/sol.fm.br\/radio\/wp-json\/wp\/v2\/posts\/80474\/revisions"}],"predecessor-version":[{"id":80476,"href":"http:\/\/sol.fm.br\/radio\/wp-json\/wp\/v2\/posts\/80474\/revisions\/80476"}],"wp:featuredmedia":[{"embeddable":true,"href":"http:\/\/sol.fm.br\/radio\/wp-json\/wp\/v2\/media\/80475"}],"wp:attachment":[{"href":"http:\/\/sol.fm.br\/radio\/wp-json\/wp\/v2\/media?parent=80474"}],"wp:term":[{"taxonomy":"category","embeddable":true,"href":"http:\/\/sol.fm.br\/radio\/wp-json\/wp\/v2\/categories?post=80474"},{"taxonomy":"post_tag","embeddable":true,"href":"http:\/\/sol.fm.br\/radio\/wp-json\/wp\/v2\/tags?post=80474"}],"curies":[{"name":"wp","href":"https:\/\/api.w.org\/{rel}","templated":true}]}}