{"id":80477,"date":"2025-11-27T15:05:39","date_gmt":"2025-11-27T18:05:39","guid":{"rendered":"http:\/\/sol.fm.br\/radio\/?p=80477"},"modified":"2025-11-27T15:05:42","modified_gmt":"2025-11-27T18:05:42","slug":"a-super-black-week-das-farmacias-sao-joao-ja-comecou","status":"publish","type":"post","link":"http:\/\/sol.fm.br\/radio\/a-super-black-week-das-farmacias-sao-joao-ja-comecou\/","title":{"rendered":"A Super Black Week das Farm\u00e1cias S\u00e3o Jo\u00e3o j\u00e1 come\u00e7ou"},"content":{"rendered":"<div id=\"dslc-theme-content\"><div id=\"dslc-theme-content-inner\"><p class=\"x_MsoNormal\" style=\"text-align: center;\"><i data-olk-copy-source=\"MessageBody\">A maior campanha promocional da Rede S\u00e3o Jo\u00e3o j\u00e1 est\u00e1 em vigor. S\u00e3o mais de 3 mil produtos em oferta, com descontos que chegam a 65% em todas as lojas da rede.<\/i><\/p>\n<p class=\"x_MsoNormal\" aria-hidden=\"true\">\u00a0<\/p>\n<p class=\"x_MsoNormal\">Inspirada na tradicional Black Friday norte-americana, a\u00a0Rede de Farm\u00e1cias S\u00e3o Jo\u00e3o\u00a0promove nesta semana uma das a\u00e7\u00f5es mais robustas de descontos j\u00e1 realizadas pela empresa, com oportunidades que podem alcan\u00e7ar\u00a065% de desconto. A iniciativa marca um dos per\u00edodos mais aguardados pelos consumidores, que j\u00e1 t\u00eam no calend\u00e1rio da Rede um momento estrat\u00e9gico para economizar e garantir produtos de qualidade.<\/p>\n<p class=\"x_MsoNormal\">Segundo o\u00a0diretor de Compras, Marco Machry, o desempenho do m\u00eas refor\u00e7a a for\u00e7a da campanha. <em>\u201cEstamos tendo um novembro muito forte, m\u00eas de Black, no qual nos preparamos para entregar diversas a\u00e7\u00f5es, promo\u00e7\u00f5es e pre\u00e7os agressivos nos principais produtos do mercado. Entramos na\u00a0semana quente da Black\u00a0com grande volume de ofertas e a\u00e7\u00f5es nas lojas para beneficiar o consumidor final\u201d<\/em>, afirma.<\/p>\n<p class=\"x_MsoNormal\">A\u00a0Black Week\u00a0segue at\u00e9 domingo (30) e est\u00e1 presente nas mais de 1.200 unidades da Rede no Rio Grande do Sul, Santa Catarina e Paran\u00e1, al\u00e9m do site e do aplicativo. A expectativa da empresa \u00e9 surpreender o p\u00fablico com um mix que inclui itens de higiene, beleza, eletroeletr\u00f4nicos, conveni\u00eancia, home care e produtos para a casa.<\/p>\n<p class=\"x_MsoNormal\">Para potencializar o alcance da campanha, a S\u00e3o Jo\u00e3o aposta na integra\u00e7\u00e3o entre o ambiente digital e as lojas f\u00edsicas. Conte\u00fados com\u00a0<i>influenciadores<\/i>\u00a0e\u00a0<i>creators<\/i>\u00a0refor\u00e7am nas redes sociais as principais ofertas, ampliando o acesso dos consumidores das capitais e do interior.<\/p>\n<p class=\"x_MsoNormal\">No digital, a opera\u00e7\u00e3o log\u00edstica tamb\u00e9m recebeu refor\u00e7o especial. De acordo com\u00a0Tiago Souto, diretor de Cliente e Digital, a Rede est\u00e1 preparada para manter a agilidade mesmo durante o per\u00edodo de alta demanda.<\/p>\n<p class=\"x_MsoNormal\">\u201c<em>Para garantir que medicamentos, vitaminas e itens de cuidado di\u00e1rio cheguem rapidamente ao consumidor, estamos com o clique e retire em 30 minutos e com entregas em 1h e 2h. Mesmo em Black Week, estamos mantendo os prazos e garantindo alto \u00edndice de servi\u00e7o. Com o trabalho conjunto da comunica\u00e7\u00e3o integrada e das lojas engajadas, projetamos uma excelente Black Week neste ano<\/em>\u201d, destaca.<\/p>\n<p class=\"x_MsoNormal\" style=\"text-align: center;\" aria-hidden=\"true\"><img loading=\"lazy\" decoding=\"async\" class=\"alignnone size-medium wp-image-80480\" src=\"http:\/\/sol.fm.br\/radio\/wp-content\/uploads\/2025\/11\/22-300x400.jpeg\" alt=\"\" width=\"300\" height=\"400\" srcset=\"http:\/\/sol.fm.br\/radio\/wp-content\/uploads\/2025\/11\/22-300x400.jpeg 300w, http:\/\/sol.fm.br\/radio\/wp-content\/uploads\/2025\/11\/22-768x1024.jpeg 768w, http:\/\/sol.fm.br\/radio\/wp-content\/uploads\/2025\/11\/22.jpeg 960w\" sizes=\"auto, (max-width: 300px) 100vw, 300px\" \/> <img loading=\"lazy\" decoding=\"async\" class=\"alignnone size-medium wp-image-80479\" src=\"http:\/\/sol.fm.br\/radio\/wp-content\/uploads\/2025\/11\/21-300x400.jpeg\" alt=\"\" width=\"300\" height=\"400\" srcset=\"http:\/\/sol.fm.br\/radio\/wp-content\/uploads\/2025\/11\/21-300x400.jpeg 300w, http:\/\/sol.fm.br\/radio\/wp-content\/uploads\/2025\/11\/21-768x1024.jpeg 768w, http:\/\/sol.fm.br\/radio\/wp-content\/uploads\/2025\/11\/21.jpeg 960w\" sizes=\"auto, (max-width: 300px) 100vw, 300px\" \/><\/p>\n<p style=\"text-align: center;\" aria-hidden=\"true\"><img loading=\"lazy\" decoding=\"async\" class=\"alignnone size-medium wp-image-80482\" src=\"http:\/\/sol.fm.br\/radio\/wp-content\/uploads\/2025\/11\/24-300x400.jpeg\" alt=\"\" width=\"300\" height=\"400\" srcset=\"http:\/\/sol.fm.br\/radio\/wp-content\/uploads\/2025\/11\/24-300x400.jpeg 300w, http:\/\/sol.fm.br\/radio\/wp-content\/uploads\/2025\/11\/24-768x1024.jpeg 768w, http:\/\/sol.fm.br\/radio\/wp-content\/uploads\/2025\/11\/24.jpeg 960w\" sizes=\"auto, (max-width: 300px) 100vw, 300px\" \/> <img loading=\"lazy\" decoding=\"async\" class=\"alignnone size-medium wp-image-80481\" src=\"http:\/\/sol.fm.br\/radio\/wp-content\/uploads\/2025\/11\/23-300x400.jpeg\" alt=\"\" width=\"300\" height=\"400\" srcset=\"http:\/\/sol.fm.br\/radio\/wp-content\/uploads\/2025\/11\/23-300x400.jpeg 300w, http:\/\/sol.fm.br\/radio\/wp-content\/uploads\/2025\/11\/23-768x1024.jpeg 768w, http:\/\/sol.fm.br\/radio\/wp-content\/uploads\/2025\/11\/23.jpeg 960w\" sizes=\"auto, (max-width: 300px) 100vw, 300px\" \/><\/p>\n<p class=\"x_MsoNormal\"><b>Black Friday na S\u00e3o Jo\u00e3o<\/b><\/p>\n<p class=\"x_MsoNormal\">O ponto alto das ofertas est\u00e1 programado para\u00a0sexta-feira,\u00a028 de novembro. A Rede orienta que os consumidores preparem suas listas e ativem as notifica\u00e7\u00f5es para aproveitar as condi\u00e7\u00f5es especiais tanto nas lojas quanto no site e no App.<\/p>\n<p class=\"x_MsoNormal\" aria-hidden=\"true\">\u00a0<\/p>\n<p class=\"x_MsoNormal\"><b>#TemNaS\u00e3oJo\u00e3o<\/b><\/p>\n<p class=\"x_MsoNormal\">Em linha com pr\u00e1ticas adotadas em grandes redes internacionais, a S\u00e3o Jo\u00e3o aposta em um modelo de loja que prioriza praticidade e conveni\u00eancia, reunindo medicamentos, servi\u00e7os farmac\u00eauticos e produtos de diferentes categorias em um \u00fanico espa\u00e7o.<\/p>\n<p class=\"x_MsoNormal\" aria-hidden=\"true\">\u00a0<\/p>\n<p class=\"x_MsoNormal\"><b>App S\u00e3o Jo\u00e3o<\/b><\/p>\n<p class=\"x_MsoNormal\">O aplicativo da Rede re\u00fane todas as ofertas da campanha e servi\u00e7os como \u201ccompre e retire\u201d, entrega r\u00e1pida, consulta de lojas e benef\u00edcios exclusivos. Dispon\u00edvel para Android e iOS, o App tamb\u00e9m garante cupons e ac\u00famulo de cashback. As compras podem ser feitas ainda pelo site oficial.<\/p>\n<p class=\"x_MsoNormal\" aria-hidden=\"true\">\u00a0<\/p>\n<p class=\"x_MsoNormal\"><b>Sobre a S\u00e3o Jo\u00e3o<\/b><\/p>\n<p class=\"x_MsoNormal\">A\u00a0Rede de Farm\u00e1cias S\u00e3o Jo\u00e3o\u00a0\u00e9 a maior empresa do setor no Sul do Brasil e ocupa a 4\u00aa posi\u00e7\u00e3o no ranking nacional da Abrafarma. Com mais de 1.200 unidades distribu\u00eddas em RS, SC e PR, a empresa mant\u00e9m compromisso com pr\u00e1ticas de ESG, diversidade, inclus\u00e3o e desenvolvimento sustent\u00e1vel.<\/p>\n<hr \/>\n<h6 class=\"x_MsoNormal\"><strong>Rede de Farm\u00e1cias S\u00e3o Jo\u00e3o<\/strong><\/h6>\n\n\n<center><iframe loading=\"lazy\" class=\"jmvplayer\" src=\"https:\/\/player.jmvstream.com\/lvw\/YYGWo5wfZuZ8fEW7Qoq1ISwhLSEDhU\" allowfullscreen allow=\"autoplay; fullscreen\" frameborder=\"0\" width=\"640\" height=\"360\" ><\/iframe><\/center>\n<\/div><\/div>","protected":false},"excerpt":{"rendered":"<p>A maior campanha promocional da Rede S\u00e3o Jo\u00e3o j\u00e1 est\u00e1 em vigor. S\u00e3o mais de 3 mil produtos em oferta, com descontos que chegam a 65% em todas as lojas da rede. \u00a0 Inspirada na tradicional Black Friday norte-americana, a\u00a0Rede de Farm\u00e1cias S\u00e3o Jo\u00e3o\u00a0promove nesta semana uma das a\u00e7\u00f5es mais robustas de descontos j\u00e1 realizadas [&hellip;]<\/p>\n","protected":false},"author":4,"featured_media":80478,"comment_status":"open","ping_status":"open","sticky":false,"template":"","format":"standard","meta":{"footnotes":""},"categories":[1],"tags":[],"class_list":["post-80477","post","type-post","status-publish","format-standard","has-post-thumbnail","hentry","category-sem-categoria"],"_links":{"self":[{"href":"http:\/\/sol.fm.br\/radio\/wp-json\/wp\/v2\/posts\/80477","targetHints":{"allow":["GET"]}}],"collection":[{"href":"http:\/\/sol.fm.br\/radio\/wp-json\/wp\/v2\/posts"}],"about":[{"href":"http:\/\/sol.fm.br\/radio\/wp-json\/wp\/v2\/types\/post"}],"author":[{"embeddable":true,"href":"http:\/\/sol.fm.br\/radio\/wp-json\/wp\/v2\/users\/4"}],"replies":[{"embeddable":true,"href":"http:\/\/sol.fm.br\/radio\/wp-json\/wp\/v2\/comments?post=80477"}],"version-history":[{"count":1,"href":"http:\/\/sol.fm.br\/radio\/wp-json\/wp\/v2\/posts\/80477\/revisions"}],"predecessor-version":[{"id":80483,"href":"http:\/\/sol.fm.br\/radio\/wp-json\/wp\/v2\/posts\/80477\/revisions\/80483"}],"wp:featuredmedia":[{"embeddable":true,"href":"http:\/\/sol.fm.br\/radio\/wp-json\/wp\/v2\/media\/80478"}],"wp:attachment":[{"href":"http:\/\/sol.fm.br\/radio\/wp-json\/wp\/v2\/media?parent=80477"}],"wp:term":[{"taxonomy":"category","embeddable":true,"href":"http:\/\/sol.fm.br\/radio\/wp-json\/wp\/v2\/categories?post=80477"},{"taxonomy":"post_tag","embeddable":true,"href":"http:\/\/sol.fm.br\/radio\/wp-json\/wp\/v2\/tags?post=80477"}],"curies":[{"name":"wp","href":"https:\/\/api.w.org\/{rel}","templated":true}]}}