{"id":80484,"date":"2025-11-27T15:15:48","date_gmt":"2025-11-27T18:15:48","guid":{"rendered":"http:\/\/sol.fm.br\/radio\/?p=80484"},"modified":"2025-11-27T15:15:50","modified_gmt":"2025-11-27T18:15:50","slug":"governo-do-estado-abre-inscricoes-para-a-segunda-edicao-do-partiu-futuro-reconstrucao","status":"publish","type":"post","link":"http:\/\/sol.fm.br\/radio\/governo-do-estado-abre-inscricoes-para-a-segunda-edicao-do-partiu-futuro-reconstrucao\/","title":{"rendered":"Governo do Estado abre inscri\u00e7\u00f5es para a segunda edi\u00e7\u00e3o do Partiu Futuro Reconstru\u00e7\u00e3o"},"content":{"rendered":"<div id=\"dslc-theme-content\"><div id=\"dslc-theme-content-inner\"><p class=\"artigo__subtitulo\" style=\"text-align: center;\"><em>Programa oferece 2.785 vagas para jovens aprendizes afetados pelas enchentes em 75 munic\u00edpios ga\u00fachos<\/em><\/p>\n<p>O governo do Estado,\u00a0por meio da Secretaria de Desenvolvimento Social (Sedes),\u00a0abriu\u00a0as inscri\u00e7\u00f5es para a segunda edi\u00e7\u00e3o do Programa Partiu Futuro Reconstru\u00e7\u00e3o. Os interessados podem se inscrever at\u00e9 o dia 5 de dezembro.\u00a0<\/p>\n<p>No total, est\u00e3o sendo ofertadas 2.785 mil vagas para jovens entre 14 e 22 anos, que sejam egressos ou estejam matriculados na Rede Estadual de ensino, inscritos no Cadastro \u00danico (Cad\u00danico) e que tenham sido afetados pelas enchentes de maio de 2024 no Rio Grande do Sul ou moradores dos munic\u00edpios do RS Seguro.\u00a0Para participar, \u00e9 necess\u00e1rio n\u00e3o possuir v\u00ednculo formal de emprego no momento da matr\u00edcula. Jovens que j\u00e1 atuaram na primeira edi\u00e7\u00e3o n\u00e3o poder\u00e3o participar desta edi\u00e7\u00e3o.<\/p>\n<ul>\n<li><a href=\"https:\/\/forms.office.com\/Pages\/ResponsePage.aspx?id=CdncFcCN6UCh5c7LBTzdGoEvcajwILZJpcA4BUp1jnpUMEM4QTdGNktIWU1SUjJDTUhKOFFaVzNIOS4u\" target=\"_blank\" rel=\"noopener\"><strong>Inscri\u00e7\u00f5es para a segunda edi\u00e7\u00e3o do Partiu Futuro Reconstru\u00e7\u00e3o<\/strong><\/a><a href=\"https:\/\/partiufuturoreconstrucao.org.br\/\" target=\"_blank\" rel=\"noopener\"><strong><br \/><br \/><\/strong><\/a><\/li>\n<\/ul>\n<p><em>\u201cLan\u00e7ar mais uma edi\u00e7\u00e3o do Partiu Futuro Reconstru\u00e7\u00e3o \u00e9 refor\u00e7ar a esperan\u00e7a de milhares de jovens que foram diretamente afetados pelas enchentes. Estamos oferecendo mais do que vagas de aprendizagem: estamos abrindo caminhos para que esses jovens construam autonomia, fortale\u00e7am sua forma\u00e7\u00e3o e tenham novas perspectivas de futuro\u201d<\/em>, destacou o secret\u00e1rio de Desenvolvimento Social, Beto Fantinel.<\/p>\n<div id=\"attachment_80486\" style=\"width: 410px\" class=\"wp-caption alignleft\"><img loading=\"lazy\" decoding=\"async\" aria-describedby=\"caption-attachment-80486\" class=\"wp-image-80486 size-medium\" src=\"http:\/\/sol.fm.br\/radio\/wp-content\/uploads\/2025\/11\/31-4-400x266.jpg\" alt=\"\" width=\"400\" height=\"266\" srcset=\"http:\/\/sol.fm.br\/radio\/wp-content\/uploads\/2025\/11\/31-4-400x266.jpg 400w, http:\/\/sol.fm.br\/radio\/wp-content\/uploads\/2025\/11\/31-4-768x511.jpg 768w, http:\/\/sol.fm.br\/radio\/wp-content\/uploads\/2025\/11\/31-4-600x400.jpg 600w, http:\/\/sol.fm.br\/radio\/wp-content\/uploads\/2025\/11\/31-4.jpg 945w\" sizes=\"auto, (max-width: 400px) 100vw, 400px\" \/><p id=\"caption-attachment-80486\" class=\"wp-caption-text\">Foto: Brayan Martins\/Ascom Sedes<\/p><\/div>\n<p><strong>Benef\u00edcios aos estudantes<\/strong><\/p>\n<p>Os aprendizes selecionados atuar\u00e3o em \u00f3rg\u00e3os p\u00fablicos de 75 munic\u00edpios que aderiram ao programa. Eles receber\u00e3o uma bolsa-aux\u00edlio de R$ 894,52 (50% do sal\u00e1rio m\u00ednimo regional), vale-alimenta\u00e7\u00e3o de R$ 550,00 e, quando necess\u00e1rio, vale-transporte. A jornada de trabalho ser\u00e1 de 20 horas semanais.<\/p>\n<p>Os jovens ter\u00e3o todos os benef\u00edcios garantidos pela Consolida\u00e7\u00e3o das Leis do Trabalho (CLT), acompanhamento psicol\u00f3gico, orienta\u00e7\u00e3o jur\u00eddica e refor\u00e7o escolar. O contrato ser\u00e1 de at\u00e9 um ano e a previs\u00e3o \u00e9 de que as atividades iniciem no m\u00eas de janeiro.<\/p>\n<p>A segunda edi\u00e7\u00e3o do programa conta com aporte financeiro de R$ 99,5 milh\u00f5es oriundos do Fundo do Plano Rio Grande (Funrigs).\u00a0Liderado pelo governador Eduardo Leite, o\u00a0<a href=\"https:\/\/planoriogrande.rs.gov.br\/inicial\" target=\"_blank\" rel=\"noopener\"><strong>Plano Rio Grande<\/strong><\/a>\u00a0\u00e9 um programa de Estado criado para proteger a popula\u00e7\u00e3o, reconstruir o Rio Grande do Sul e torn\u00e1-lo ainda mais forte e resiliente, preparado para o futuro.<\/p>\n<ul>\n<li><strong><a href=\"https:\/\/social.rs.gov.br\/upload\/arquivos\/202511\/26164400-edital-partiu-futuro-reconstrucao-2-edicao.pdf\" target=\"_blank\" rel=\"noopener\">Edital completo da segunda edi\u00e7\u00e3o do\u00a0Partiu Futuro Reconstru\u00e7\u00e3o<\/a><\/strong><\/li>\n<\/ul>\n<p><strong>O programa<\/strong><\/p>\n<p>Lan\u00e7ado em 2024, a iniciativa marca um avan\u00e7o in\u00e9dito no Rio Grande do Sul, ao viabilizar pela primeira vez a contrata\u00e7\u00e3o de jovens aprendizes no setor p\u00fablico.\u00a0Na primeira edi\u00e7\u00e3o, foram selecionados 1,5 mil jovens para atua\u00e7\u00e3o em \u00f3rg\u00e3os p\u00fablicos municipais e estaduais. O aporte financeiro foi de R$ 53 milh\u00f5es.<\/p>\n<ul>\n<li><a href=\"https:\/\/www.estado.rs.gov.br\/programa-partiu-futuro-reconstrucao-oferecera-1-5-mil-vagas-de-estagio-para-jovens-afetados-pelas-enchentes\" target=\"_blank\" rel=\"noopener\"><strong>Partiu Futuro Reconstru\u00e7\u00e3o oferecer\u00e1 1,5 mil vagas de Jovem Aprendiz para afetados pelas enchentes<br \/><br \/><\/strong><\/a><\/li>\n<li><a href=\"https:\/\/www.estado.rs.gov.br\/governo-do-estado-forma-147-jovens-aprendizes-do-partiu-futuro-reconstrucao-em-sao-leopoldo\" target=\"_blank\" rel=\"noopener\"><strong>Governo do Estado forma 147 jovens aprendizes do Partiu Futuro Reconstru\u00e7\u00e3o em S\u00e3o Leopoldo<br \/><br \/><\/strong><\/a><\/li>\n<li><a href=\"https:\/\/www.estado.rs.gov.br\/jovens-selecionados-no-programa-partiu-futuro-reconstrucao-concluem-missao-em-territorios-atingidos-por-enchentes-na-espanha\" target=\"_blank\" rel=\"noopener\"><strong>Jovens selecionados no Programa Partiu Futuro Reconstru\u00e7\u00e3o concluem miss\u00e3o em territ\u00f3rios atingidos por enchentes na Espanha<\/strong><\/a><\/li>\n<\/ul>\n<p><img loading=\"lazy\" decoding=\"async\" class=\"alignnone size-medium wp-image-80487 aligncenter\" src=\"http:\/\/sol.fm.br\/radio\/wp-content\/uploads\/2025\/11\/32-2-400x225.jpeg\" alt=\"\" width=\"400\" height=\"225\" srcset=\"http:\/\/sol.fm.br\/radio\/wp-content\/uploads\/2025\/11\/32-2-400x225.jpeg 400w, http:\/\/sol.fm.br\/radio\/wp-content\/uploads\/2025\/11\/32-2-768x432.jpeg 768w, http:\/\/sol.fm.br\/radio\/wp-content\/uploads\/2025\/11\/32-2.jpeg 945w\" sizes=\"auto, (max-width: 400px) 100vw, 400px\" \/><\/p>\n<hr \/>\n<h6><strong>GOV RS | Texto: Ascom Sedes | Edi\u00e7\u00e3o: Secom | Fotos: Andressa Dorneles\/Divulga\u00e7\u00e3o<\/strong><\/h6>\n\n\n<center><iframe loading=\"lazy\" class=\"jmvplayer\" src=\"https:\/\/player.jmvstream.com\/lvw\/YYGWo5wfZuZ8fEW7Qoq1ISwhLSEDhU\" allowfullscreen allow=\"autoplay; fullscreen\" frameborder=\"0\" width=\"640\" height=\"360\" ><\/iframe><\/center>\n<\/div><\/div>","protected":false},"excerpt":{"rendered":"<p>Programa oferece 2.785 vagas para jovens aprendizes afetados pelas enchentes em 75 munic\u00edpios ga\u00fachos O governo do Estado,\u00a0por meio da Secretaria de Desenvolvimento Social (Sedes),\u00a0abriu\u00a0as inscri\u00e7\u00f5es para a segunda edi\u00e7\u00e3o do Programa Partiu Futuro Reconstru\u00e7\u00e3o. Os interessados podem se inscrever at\u00e9 o dia 5 de dezembro.\u00a0 No total, est\u00e3o sendo ofertadas 2.785 mil vagas para [&hellip;]<\/p>\n","protected":false},"author":4,"featured_media":80485,"comment_status":"open","ping_status":"open","sticky":false,"template":"","format":"standard","meta":{"footnotes":""},"categories":[1],"tags":[],"class_list":["post-80484","post","type-post","status-publish","format-standard","has-post-thumbnail","hentry","category-sem-categoria"],"_links":{"self":[{"href":"http:\/\/sol.fm.br\/radio\/wp-json\/wp\/v2\/posts\/80484","targetHints":{"allow":["GET"]}}],"collection":[{"href":"http:\/\/sol.fm.br\/radio\/wp-json\/wp\/v2\/posts"}],"about":[{"href":"http:\/\/sol.fm.br\/radio\/wp-json\/wp\/v2\/types\/post"}],"author":[{"embeddable":true,"href":"http:\/\/sol.fm.br\/radio\/wp-json\/wp\/v2\/users\/4"}],"replies":[{"embeddable":true,"href":"http:\/\/sol.fm.br\/radio\/wp-json\/wp\/v2\/comments?post=80484"}],"version-history":[{"count":1,"href":"http:\/\/sol.fm.br\/radio\/wp-json\/wp\/v2\/posts\/80484\/revisions"}],"predecessor-version":[{"id":80488,"href":"http:\/\/sol.fm.br\/radio\/wp-json\/wp\/v2\/posts\/80484\/revisions\/80488"}],"wp:featuredmedia":[{"embeddable":true,"href":"http:\/\/sol.fm.br\/radio\/wp-json\/wp\/v2\/media\/80485"}],"wp:attachment":[{"href":"http:\/\/sol.fm.br\/radio\/wp-json\/wp\/v2\/media?parent=80484"}],"wp:term":[{"taxonomy":"category","embeddable":true,"href":"http:\/\/sol.fm.br\/radio\/wp-json\/wp\/v2\/categories?post=80484"},{"taxonomy":"post_tag","embeddable":true,"href":"http:\/\/sol.fm.br\/radio\/wp-json\/wp\/v2\/tags?post=80484"}],"curies":[{"name":"wp","href":"https:\/\/api.w.org\/{rel}","templated":true}]}}