{"id":80493,"date":"2025-11-27T15:25:31","date_gmt":"2025-11-27T18:25:31","guid":{"rendered":"http:\/\/sol.fm.br\/radio\/?p=80493"},"modified":"2025-11-27T15:25:33","modified_gmt":"2025-11-27T18:25:33","slug":"projetos-para-combater-violencia-contra-a-mulher-sao-destacados-na-semana-maria-da-penha-nas-escolas","status":"publish","type":"post","link":"http:\/\/sol.fm.br\/radio\/projetos-para-combater-violencia-contra-a-mulher-sao-destacados-na-semana-maria-da-penha-nas-escolas\/","title":{"rendered":"Projetos para combater viol\u00eancia contra a mulher s\u00e3o destacados na Semana Maria da Penha nas Escolas"},"content":{"rendered":"<div id=\"dslc-theme-content\"><div id=\"dslc-theme-content-inner\"><p class=\"artigo__subtitulo\" style=\"text-align: center;\"><em>Iniciativas criadas nas salas de aula foram apresentadas durante o evento<\/em><\/p>\n<p>Com o objetivo de refor\u00e7ar as a\u00e7\u00f5es de combate \u00e0 viol\u00eancia contra a mulher e fomentar a discuss\u00e3o sobre a legisla\u00e7\u00e3o vigente no pa\u00eds, o governo do Estado\u00a0promoveu, na ter\u00e7a (25\/11) e nesta quarta-feira (26\/11),\u00a0a quinta edi\u00e7\u00e3o da Semana Maria da Penha nas Escolas. A a\u00e7\u00e3o \u2013 executada por meio do Comit\u00ea Interinstitucional de Enfrentamento \u00e0 Viol\u00eancia Contra a Mulher (EmFrente, Mulher), do Programa RS Seguro, e da Secretaria da Educa\u00e7\u00e3o (Seduc) \u2013 foi realizada no Audit\u00f3rio do Tribunal de Contas do Estado (TCE-RS), em Porto Alegre.<\/p>\n<p>No encontro, foram destacados projetos apresentados por estudantes e professores de escolas p\u00fablicas estaduais em quatro categorias: Impacto na Comunidade, Tecnologia Social, Transversalidade e Vota\u00e7\u00e3o Popular\u00a0<em>(veja abaixo)<\/em>.<\/p>\n<p>Os trabalhos escolares foram selecionados por uma comiss\u00e3o formada por membros do Comit\u00ea EmFrente, Mulher. No total, 60 escolas inscreveram seus trabalhos,\u00a0e os vencedores receberam trof\u00e9us.<\/p>\n<p>Com financiamento do Programa de Incentivo ao Aparelhamento da Seguran\u00e7a P\u00fablica (Piseg), da Secretaria da Seguran\u00e7a P\u00fablica (SSP), a Semana Maria da Penha nas Escolas destacou as a\u00e7\u00f5es j\u00e1 realizadas nas institui\u00e7\u00f5es de ensino, buscando incentivar professores e diretores a trabalharem a tem\u00e1tica no ambiente escolar.<\/p>\n<p>O principal objetivo do evento \u00e9 conscientizar estudantes e professores sobre a import\u00e2ncia da Lei Maria da Penha\u00a0e refor\u00e7ar a cultura de prote\u00e7\u00e3o \u00e0 mulher na sociedade. No primeiro dia, foi lan\u00e7ado o \u00c1lbum de Figurinhas da Lei Maria da Penha, um dos projetos destacados na edi\u00e7\u00e3o anterior.<\/p>\n<p><strong>Premiados<\/strong><\/p>\n<ul>\n<li><strong>Impacto na Comunidade<\/strong>: \"O grito silencioso\", da\u00a0Escola Estadual de Ensino M\u00e9dio (EEEM)\u00a0Waldemar Borges, de Alegrete<\/li>\n<li><strong>Tecnologia Social<\/strong>:\u00a0\u201cE.L.A.S -\u00a0Tecnologia\u201d, da\u00a0EEEM Brigadeiro Jos\u00e9 da Silva Paes, de Rio Grande<\/li>\n<li><strong>Transversalidade<\/strong>:\u00a0\u201cPequenas Marias, grandes futuros\u201d, da\u00a0EEEM Carlos Bratz, de Porto Xavier<\/li>\n<li><strong>Vota\u00e7\u00e3o Popular<\/strong>: \u201cTodos por Elas\u201d, da Escola Estadual de Ensino Fundamental (EEEF)\u00a011 de Abril, de Mostardas.\u00a0A vota\u00e7\u00e3o foi feita de forma on-line, e somou mais de 24 mil votos.<\/li>\n<\/ul>\n<div id=\"attachment_80495\" style=\"width: 410px\" class=\"wp-caption alignleft\"><img loading=\"lazy\" decoding=\"async\" aria-describedby=\"caption-attachment-80495\" class=\"wp-image-80495 size-medium\" src=\"http:\/\/sol.fm.br\/radio\/wp-content\/uploads\/2025\/11\/51-2-400x185.jpeg\" alt=\"\" width=\"400\" height=\"185\" srcset=\"http:\/\/sol.fm.br\/radio\/wp-content\/uploads\/2025\/11\/51-2-400x185.jpeg 400w, http:\/\/sol.fm.br\/radio\/wp-content\/uploads\/2025\/11\/51-2-768x354.jpeg 768w, http:\/\/sol.fm.br\/radio\/wp-content\/uploads\/2025\/11\/51-2.jpeg 945w\" sizes=\"auto, (max-width: 400px) 100vw, 400px\" \/><p id=\"caption-attachment-80495\" class=\"wp-caption-text\">Foto: Elio Bandeira\/Ascom Invest RS<\/p><\/div>\n<p><strong>A\u00e7\u00f5es nas escolas<\/strong><\/p>\n<p>O projeto Semana Maria da Penha nas Escolas faz parte de um dos grupos de trabalho do Comit\u00ea EmFrente, Mulher, chamado A\u00e7\u00f5es nas Escolas. O\u00a0objetivo\u00a0do grupo \u00e9\u00a0conscientizar as comunidades escolares e capacitar professores para abordarem a tem\u00e1tica com a inclus\u00e3o de temas transversais nos componentes curriculares.<\/p>\n<p>\u201c<em>A Semana Maria da Penha nas Escolas demonstra que a preven\u00e7\u00e3o come\u00e7a pela educa\u00e7\u00e3o. Quando oferecemos conhecimento e espa\u00e7o de di\u00e1logo para crian\u00e7as e adolescentes, fortalecemos uma gera\u00e7\u00e3o capaz de reconhecer, enfrentar e transformar situa\u00e7\u00f5es de viol\u00eancia\u201d<\/em>, ressaltou o secret\u00e1rio-executivo do Programa RS Seguro e coordenador do Comit\u00ea EmFrente, Mulher, Ant\u00f4nio Padilha. <em>\u201c\u00c9 um investimento direto \u2013 e que transcende os valores meramente or\u00e7ament\u00e1rios \u2013 na constru\u00e7\u00e3o de uma sociedade mais justa e segura para todas as mulheres.\u201d<\/em><\/p>\n<p><img loading=\"lazy\" decoding=\"async\" class=\"alignnone size-medium wp-image-80496 aligncenter\" src=\"http:\/\/sol.fm.br\/radio\/wp-content\/uploads\/2025\/11\/52-2-400x267.jpeg\" alt=\"\" width=\"400\" height=\"267\" srcset=\"http:\/\/sol.fm.br\/radio\/wp-content\/uploads\/2025\/11\/52-2-400x267.jpeg 400w, http:\/\/sol.fm.br\/radio\/wp-content\/uploads\/2025\/11\/52-2-768x512.jpeg 768w, http:\/\/sol.fm.br\/radio\/wp-content\/uploads\/2025\/11\/52-2-600x400.jpeg 600w, http:\/\/sol.fm.br\/radio\/wp-content\/uploads\/2025\/11\/52-2.jpeg 945w\" sizes=\"auto, (max-width: 400px) 100vw, 400px\" \/><\/p>\n<p><strong>Semana Maria da Penha nas Escolas<\/strong><\/p>\n<p>A Semana Maria da Penha nas Escolas tem como prop\u00f3sito colocar em pr\u00e1tica a Lei n\u00ba 14.164\/2021, que alterou a Lei de Diretrizes e Bases da Educa\u00e7\u00e3o (Lei n\u00ba 9.394\/1996) ao determinar que os curr\u00edculos da Educa\u00e7\u00e3o B\u00e1sica incluam conte\u00fados voltados \u00e0 preven\u00e7\u00e3o da viol\u00eancia contra a mulher. A iniciativa refor\u00e7a o papel da educa\u00e7\u00e3o como eixo fundamental na constru\u00e7\u00e3o de uma cultura de respeito, equidade e prote\u00e7\u00e3o.<\/p>\n<p>No Rio Grande do Sul, esse compromisso foi ampliado com a promulga\u00e7\u00e3o da Lei n\u00ba 15.702\/2021, que instituiu oficialmente a Semana Maria da Penha nas Escolas no calend\u00e1rio estadual. A legisla\u00e7\u00e3o busca fortalecer pol\u00edticas de preven\u00e7\u00e3o e promover o conhecimento, por parte de toda a comunidade escolar, sobre os direitos garantidos pela Lei Maria da Penha.<\/p>\n<p>De acordo com a norma, o evento deve ocorrer anualmente, sempre na \u00faltima semana de novembro, mobilizando escolas p\u00fablicas e privadas em a\u00e7\u00f5es educativas e engajadoras voltadas \u00e0 conscientiza\u00e7\u00e3o e ao enfrentamento da viol\u00eancia contra mulheres e meninas.<\/p>\n<hr \/>\n<h6><strong>GOV RS | Texto: Ascom RS Seguro | Edi\u00e7\u00e3o: Secom | Fotos: Cainan Silva\/Ascom Seduc<\/strong><\/h6>\n\n\n<center><iframe loading=\"lazy\" class=\"jmvplayer\" src=\"https:\/\/player.jmvstream.com\/lvw\/YYGWo5wfZuZ8fEW7Qoq1ISwhLSEDhU\" allowfullscreen allow=\"autoplay; fullscreen\" frameborder=\"0\" width=\"640\" height=\"360\" ><\/iframe><\/center>\n<\/div><\/div>","protected":false},"excerpt":{"rendered":"<p>Iniciativas criadas nas salas de aula foram apresentadas durante o evento Com o objetivo de refor\u00e7ar as a\u00e7\u00f5es de combate \u00e0 viol\u00eancia contra a mulher e fomentar a discuss\u00e3o sobre a legisla\u00e7\u00e3o vigente no pa\u00eds, o governo do Estado\u00a0promoveu, na ter\u00e7a (25\/11) e nesta quarta-feira (26\/11),\u00a0a quinta edi\u00e7\u00e3o da Semana Maria da Penha nas Escolas. [&hellip;]<\/p>\n","protected":false},"author":4,"featured_media":80494,"comment_status":"open","ping_status":"open","sticky":false,"template":"","format":"standard","meta":{"footnotes":""},"categories":[1],"tags":[],"class_list":["post-80493","post","type-post","status-publish","format-standard","has-post-thumbnail","hentry","category-sem-categoria"],"_links":{"self":[{"href":"http:\/\/sol.fm.br\/radio\/wp-json\/wp\/v2\/posts\/80493","targetHints":{"allow":["GET"]}}],"collection":[{"href":"http:\/\/sol.fm.br\/radio\/wp-json\/wp\/v2\/posts"}],"about":[{"href":"http:\/\/sol.fm.br\/radio\/wp-json\/wp\/v2\/types\/post"}],"author":[{"embeddable":true,"href":"http:\/\/sol.fm.br\/radio\/wp-json\/wp\/v2\/users\/4"}],"replies":[{"embeddable":true,"href":"http:\/\/sol.fm.br\/radio\/wp-json\/wp\/v2\/comments?post=80493"}],"version-history":[{"count":1,"href":"http:\/\/sol.fm.br\/radio\/wp-json\/wp\/v2\/posts\/80493\/revisions"}],"predecessor-version":[{"id":80497,"href":"http:\/\/sol.fm.br\/radio\/wp-json\/wp\/v2\/posts\/80493\/revisions\/80497"}],"wp:featuredmedia":[{"embeddable":true,"href":"http:\/\/sol.fm.br\/radio\/wp-json\/wp\/v2\/media\/80494"}],"wp:attachment":[{"href":"http:\/\/sol.fm.br\/radio\/wp-json\/wp\/v2\/media?parent=80493"}],"wp:term":[{"taxonomy":"category","embeddable":true,"href":"http:\/\/sol.fm.br\/radio\/wp-json\/wp\/v2\/categories?post=80493"},{"taxonomy":"post_tag","embeddable":true,"href":"http:\/\/sol.fm.br\/radio\/wp-json\/wp\/v2\/tags?post=80493"}],"curies":[{"name":"wp","href":"https:\/\/api.w.org\/{rel}","templated":true}]}}