{"id":80498,"date":"2025-11-27T15:28:53","date_gmt":"2025-11-27T18:28:53","guid":{"rendered":"http:\/\/sol.fm.br\/radio\/?p=80498"},"modified":"2025-11-27T15:28:55","modified_gmt":"2025-11-27T18:28:55","slug":"cancer-gastrico-e-tema-de-novo-livro-lancado-durante-a-semana-brasileira-do-aparelho-digestivo","status":"publish","type":"post","link":"http:\/\/sol.fm.br\/radio\/cancer-gastrico-e-tema-de-novo-livro-lancado-durante-a-semana-brasileira-do-aparelho-digestivo\/","title":{"rendered":"C\u00e2ncer g\u00e1strico \u00e9 tema de novo livro lan\u00e7ado durante a Semana Brasileira do Aparelho Digestivo"},"content":{"rendered":"<div id=\"dslc-theme-content\"><div id=\"dslc-theme-content-inner\"><p style=\"text-align: center;\"><i data-olk-copy-source=\"MessageBody\">Obra foi desenvolvida por m\u00e9dico associado AMRIGS e demais especialistas do pa\u00eds na \u00e1rea<\/i><\/p>\n<div>\n<div>O conhecimento cient\u00edfico produzido no Rio Grande do Sul ganhou destaque nacional durante a Semana Brasileira do Aparelho Digestivo, realizada em S\u00e3o Paulo, tamb\u00e9m com o lan\u00e7amento do livro C\u00e2ncer G\u00e1strico, uma obra de refer\u00eancia na \u00e1rea que re\u00fane estudos atualizados sobre diagn\u00f3stico, tratamento e preven\u00e7\u00e3o da doen\u00e7a. Entre os autores e coeditores est\u00e1 o m\u00e9dico associado da Associa\u00e7\u00e3o M\u00e9dica do Rio Grande do Sul (AMRIGS), Antonio Carlos Weston, professor de Cl\u00ednica Cir\u00fargica e coordenador do curso de Medicina da Unisinos, e chefe do Servi\u00e7o de Cirurgia Geral da Santa Casa de Porto Alegre. O m\u00e9dico ga\u00facho tamb\u00e9m possui doutorado em Ci\u00eancias M\u00e9dicas pela Universidade Federal do Rio Grande do Sul (UFRGS) e MBA em Gest\u00e3o em Sa\u00fade, com uma linha de pesquisa voltada aos tumores do aparelho digestivo, especialmente g\u00e1stricos e esof\u00e1gicos.<\/div>\n<\/div>\n<div>\u00a0<\/div>\n<div><img loading=\"lazy\" decoding=\"async\" class=\"size-medium wp-image-80500 alignleft\" src=\"http:\/\/sol.fm.br\/radio\/wp-content\/uploads\/2025\/11\/61-4-300x400.jpg\" alt=\"\" width=\"300\" height=\"400\" srcset=\"http:\/\/sol.fm.br\/radio\/wp-content\/uploads\/2025\/11\/61-4-300x400.jpg 300w, http:\/\/sol.fm.br\/radio\/wp-content\/uploads\/2025\/11\/61-4-768x1024.jpg 768w, http:\/\/sol.fm.br\/radio\/wp-content\/uploads\/2025\/11\/61-4-1152x1536.jpg 1152w, http:\/\/sol.fm.br\/radio\/wp-content\/uploads\/2025\/11\/61-4.jpg 1200w\" sizes=\"auto, (max-width: 300px) 100vw, 300px\" \/><\/div>\n<div>\n<div><em>\u201cEste livro \u00e9 fruto do esfor\u00e7o coletivo de profissionais que dedicam suas carreiras \u00e0 pesquisa e ao aprimoramento da pr\u00e1tica cl\u00ednica. Ele representa um importante passo na dissemina\u00e7\u00e3o do conhecimento sobre o c\u00e2ncer g\u00e1strico e na valoriza\u00e7\u00e3o da Medicina baseada em evid\u00eancias<\/em>\u201d, afirmou Dr. Weston.<\/div>\n<div aria-hidden=\"true\">\u00a0<\/div>\n<div>A publica\u00e7\u00e3o tem como coeditores os m\u00e9dicos Ulysses Ribeiro, professor titular da Universidade de S\u00e3o Paulo (USP); Paulo Kassab, professor titular da Santa Casa de S\u00e3o Paulo; e Nora Forones, professora titular da Universidade Federal de S\u00e3o Paulo (Unifesp). Juntos, os especialistas compilaram contribui\u00e7\u00f5es de diversos pesquisadores que v\u00eam ampliando o entendimento sobre o c\u00e2ncer g\u00e1strico no Brasil e no mundo.<\/div>\n<div>\u00a0<\/div>\n<div aria-hidden=\"true\">\u00a0<\/div>\n<\/div>\n<div><strong>Sobre a AMRIGS<\/strong><br clear=\"none\" \/>\n<div class=\"x_yiv8671342922ydpe16dac05yiv8354780623elementor-element x_yiv8671342922ydpe16dac05yiv8354780623elementor-element-83e6b3c x_yiv8671342922ydpe16dac05yiv8354780623elementor-widget x_yiv8671342922ydpe16dac05yiv8354780623elementor-widget-text-editor\">\n<div class=\"x_yiv8671342922ydpe16dac05yiv8354780623elementor-widget-container\">\n<p>A Associa\u00e7\u00e3o M\u00e9dica do Rio Grande do Sul \u00e9 uma organiza\u00e7\u00e3o sem fins lucrativos voltada para a atualiza\u00e7\u00e3o do conhecimento t\u00e9cnico-cient\u00edfico e para a realiza\u00e7\u00e3o de debates cient\u00edfico-culturais relacionados \u00e0 sa\u00fade, \u00e0 Medicina e \u00e0 vida profissional. Desde o momento de sua funda\u00e7\u00e3o em 1951, a AMRIGS integra a vida do m\u00e9dico em todas as etapas da profiss\u00e3o, tendo como objetivos:<\/p>\n<\/div>\n<\/div>\n<div class=\"x_yiv8671342922ydpe16dac05yiv8354780623elementor-element x_yiv8671342922ydpe16dac05yiv8354780623elementor-element-f227bbf x_yiv8671342922ydpe16dac05yiv8354780623elementor-align-left x_yiv8671342922ydpe16dac05yiv8354780623elementor-icon-list--layout-traditional x_yiv8671342922ydpe16dac05yiv8354780623elementor-list-item-link-full_width x_yiv8671342922ydpe16dac05yiv8354780623elementor-widget x_yiv8671342922ydpe16dac05yiv8354780623elementor-widget-icon-list\">\n<div class=\"x_yiv8671342922ydpe16dac05yiv8354780623elementor-widget-container\">\n<ul class=\"x_yiv8671342922ydpe16dac05yiv8354780623elementor-icon-list-items\">\n<li class=\"x_yiv8671342922ydpe16dac05yiv8354780623elementor-icon-list-item\"><span class=\"x_yiv8671342922ydpe16dac05yiv8354780623elementor-icon-list-text\">Fomentar a ci\u00eancia e a cultura m\u00e9dica;<\/span><\/li>\n<li class=\"x_yiv8671342922ydpe16dac05yiv8354780623elementor-icon-list-item\"><span class=\"x_yiv8671342922ydpe16dac05yiv8354780623elementor-icon-list-text\">Promover a defesa profissional;<\/span><\/li>\n<li class=\"x_yiv8671342922ydpe16dac05yiv8354780623elementor-icon-list-item\"><span class=\"x_yiv8671342922ydpe16dac05yiv8354780623elementor-icon-list-text\">Fortalecer o associativismo e a representatividade m\u00e9dica;<\/span><\/li>\n<li class=\"x_yiv8671342922ydpe16dac05yiv8354780623elementor-icon-list-item\"><span class=\"x_yiv8671342922ydpe16dac05yiv8354780623elementor-icon-list-text\">Ser influenciadora como entidade protagonista de a\u00e7\u00f5es em prol da sa\u00fade.<\/span><\/li>\n<\/ul>\n<hr \/>\n<h6><strong>PlayPress | AMRIGS - Associa\u00e7\u00e3o M\u00e9dica do Rio Grande do Sul | Reda\u00e7\u00e3o: Marcelo Matusiak<\/strong><\/h6>\n<\/div>\n<\/div>\n<\/div>\n\n\n<center><iframe loading=\"lazy\" class=\"jmvplayer\" src=\"https:\/\/player.jmvstream.com\/lvw\/YYGWo5wfZuZ8fEW7Qoq1ISwhLSEDhU\" allowfullscreen allow=\"autoplay; fullscreen\" frameborder=\"0\" width=\"640\" height=\"360\" ><\/iframe><\/center>\n<\/div><\/div>","protected":false},"excerpt":{"rendered":"<p>Obra foi desenvolvida por m\u00e9dico associado AMRIGS e demais especialistas do pa\u00eds na \u00e1rea O conhecimento cient\u00edfico produzido no Rio Grande do Sul ganhou destaque nacional durante a Semana Brasileira do Aparelho Digestivo, realizada em S\u00e3o Paulo, tamb\u00e9m com o lan\u00e7amento do livro C\u00e2ncer G\u00e1strico, uma obra de refer\u00eancia na \u00e1rea que re\u00fane estudos atualizados [&hellip;]<\/p>\n","protected":false},"author":4,"featured_media":80499,"comment_status":"open","ping_status":"open","sticky":false,"template":"","format":"standard","meta":{"footnotes":""},"categories":[1],"tags":[],"class_list":["post-80498","post","type-post","status-publish","format-standard","has-post-thumbnail","hentry","category-sem-categoria"],"_links":{"self":[{"href":"http:\/\/sol.fm.br\/radio\/wp-json\/wp\/v2\/posts\/80498","targetHints":{"allow":["GET"]}}],"collection":[{"href":"http:\/\/sol.fm.br\/radio\/wp-json\/wp\/v2\/posts"}],"about":[{"href":"http:\/\/sol.fm.br\/radio\/wp-json\/wp\/v2\/types\/post"}],"author":[{"embeddable":true,"href":"http:\/\/sol.fm.br\/radio\/wp-json\/wp\/v2\/users\/4"}],"replies":[{"embeddable":true,"href":"http:\/\/sol.fm.br\/radio\/wp-json\/wp\/v2\/comments?post=80498"}],"version-history":[{"count":1,"href":"http:\/\/sol.fm.br\/radio\/wp-json\/wp\/v2\/posts\/80498\/revisions"}],"predecessor-version":[{"id":80501,"href":"http:\/\/sol.fm.br\/radio\/wp-json\/wp\/v2\/posts\/80498\/revisions\/80501"}],"wp:featuredmedia":[{"embeddable":true,"href":"http:\/\/sol.fm.br\/radio\/wp-json\/wp\/v2\/media\/80499"}],"wp:attachment":[{"href":"http:\/\/sol.fm.br\/radio\/wp-json\/wp\/v2\/media?parent=80498"}],"wp:term":[{"taxonomy":"category","embeddable":true,"href":"http:\/\/sol.fm.br\/radio\/wp-json\/wp\/v2\/categories?post=80498"},{"taxonomy":"post_tag","embeddable":true,"href":"http:\/\/sol.fm.br\/radio\/wp-json\/wp\/v2\/tags?post=80498"}],"curies":[{"name":"wp","href":"https:\/\/api.w.org\/{rel}","templated":true}]}}