{"id":80512,"date":"2025-11-27T15:55:37","date_gmt":"2025-11-27T18:55:37","guid":{"rendered":"http:\/\/sol.fm.br\/radio\/?p=80512"},"modified":"2025-11-27T15:55:39","modified_gmt":"2025-11-27T18:55:39","slug":"com-2684-sc-ha-agricultor-de-mato-grosso-e-o-grande-destaque-nacional-na-colheita-de-milho","status":"publish","type":"post","link":"http:\/\/sol.fm.br\/radio\/com-2684-sc-ha-agricultor-de-mato-grosso-e-o-grande-destaque-nacional-na-colheita-de-milho\/","title":{"rendered":"Com 268,4 sc\/ha, agricultor de Mato Grosso \u00e9 o grande destaque nacional na colheita de milho"},"content":{"rendered":"<div id=\"dslc-theme-content\"><div id=\"dslc-theme-content-inner\"><p style=\"text-align: center;\"><i data-olk-copy-source=\"MessageBody\">O an\u00fancio foi feito na manh\u00e3 desta quarta-feira (26), durante o 5\u00b0 ano do F\u00f3rum Getap, em Indaiatuba (SP), que apresentou os vencedores do Concurso de Produtividade Milho Inverno 2025<\/i><\/p>\n<div>\n<p>Os resultados do Concurso de Produtividade no Milho Inverno 2025, apresentados na manh\u00e3 desta quarta-feira (26), em Indaiatuba\/SP, durante o F\u00f3rum Getap, comprovam, mais uma vez, o alto n\u00edvel t\u00e9cnico e o comprometimento dos agricultores brasileiros com a excel\u00eancia na produ\u00e7\u00e3o. Neste 5\u00b0 ano da competi\u00e7\u00e3o e evento, foram premiados aqueles que alcan\u00e7aram os melhores \u00edndices nas categorias irrigado e sequeiro, em diferentes polos agr\u00edcolas.<\/p>\n<p>O grande campe\u00e3o foi o produtor Mateus Passinatto, de Campos de J\u00falio (MT). Com a colheita de 268,4 sacas de milho por hectare no cultivo em sequeiro, ele se destacou utilizando h\u00edbridos da Corteva. \u201c<em>Este produtor participou de outras edi\u00e7\u00f5es, inclusive foi ao nosso evento do ano passado, e acabou se inspirando a almejar vencer o concurso<\/em>\u201d, destaca, o coordenador t\u00e9cnico do Getap, Gustavo Resende Capanema.<\/p>\n<p><img loading=\"lazy\" decoding=\"async\" class=\"size-medium wp-image-80514 alignleft\" src=\"http:\/\/sol.fm.br\/radio\/wp-content\/uploads\/2025\/11\/91-2-400x287.jpg\" alt=\"\" width=\"400\" height=\"287\" srcset=\"http:\/\/sol.fm.br\/radio\/wp-content\/uploads\/2025\/11\/91-2-400x287.jpg 400w, http:\/\/sol.fm.br\/radio\/wp-content\/uploads\/2025\/11\/91-2-768x550.jpg 768w, http:\/\/sol.fm.br\/radio\/wp-content\/uploads\/2025\/11\/91-2.jpg 1495w\" sizes=\"auto, (max-width: 400px) 100vw, 400px\" \/><\/p>\n<p>Na categoria irrigado, o destaque ficou com Douglas Orth, de Correntina (BA), inscrito pela Bayer, que obteve uma produ\u00e7\u00e3o expressiva de 244,9 sc\/ha. \u201c<em>O Douglas plantava na regi\u00e3o Sul, e a 40 anos mudou o foco para o estado da Bahia. Ele acreditou no potencial da regi\u00e3o e est\u00e1 mostrando que com trabalho bem feito e uso de tecnologias \u00e9 poss\u00edvel chegar em resultados excelentes<\/em>\u201d, cita o coordenador.<\/p>\n<p>Esta edi\u00e7\u00e3o contou com um n\u00famero recorde de inscri\u00e7\u00f5es, foram 618 participantes, considerando apenas as \u00e1reas do inverno 2025. Ao todo, agricultores de 12 estados marcaram presen\u00e7a: BA, MA, SE, TO, PA, RO, MT, MS, GO, MG, SP e PR. As \u00e1reas foram auditadas por empresas terceirizadas e certificadas pelo Getap (Grupo T\u00e1tico de Aumento de Produtividade).<\/p>\n<p>Segundo Capanema, nesta temporada os produtores tiveram que superar a curta janela do plantio de milho e comprovaram alta efici\u00eancia. Al\u00e9m disso, houve tamb\u00e9m um volume elevado de precipita\u00e7\u00f5es entre janeiro e fevereiro, o que comprometeu momentaneamente as condi\u00e7\u00f5es ideais de entrada nas \u00e1reas. <em>\u201cEsse cen\u00e1rio gerou, inicialmente, uma expectativa de poss\u00edvel redu\u00e7\u00e3o de produtividade, especialmente nas regi\u00f5es do Cerrado. No entanto, a regulariza\u00e7\u00e3o clim\u00e1tica ao longo do ciclo compensou o atraso inicial. Houve boa distribui\u00e7\u00e3o de chuvas, particularmente em Mato Grosso, de onde saiu justamente o grande campe\u00e3o desta edi\u00e7\u00e3o<\/em>\u201d, destacou.<\/p>\n<p><strong>Campe\u00f5es regionais<\/strong><\/p>\n<p>A regionaliza\u00e7\u00e3o foi incorporada \u00e0 premia\u00e7\u00e3o como uma metodologia inspirada em estudos t\u00e9cnicos sobre clima e solo, comparando \u00e1reas sob condi\u00e7\u00f5es semelhantes de clima e press\u00e3o de pragas. Isso equilibra a competi\u00e7\u00e3o e amplia o car\u00e1ter t\u00e9cnico da avalia\u00e7\u00e3o. As regi\u00f5es foram divididas da seguinte forma:<\/p>\n<ul>\n<li><strong>Norte:<\/strong>\u00a0Alagoas, Par\u00e1, Tocantins, Maranh\u00e3o, Piau\u00ed, Sergipe e Bahia;<\/li>\n<li><strong>Oeste:<\/strong>\u00a0Mato Grosso e Norte e Sul do Mato Grosso do Sul;<\/li>\n<li><strong>Centro:<\/strong>\u00a0Goi\u00e1s, Distrito Federal e Minas Gerais;<\/li>\n<li><strong>Sul:<\/strong>\u00a0Paran\u00e1 e S\u00e3o Paulo.<\/li>\n<\/ul>\n<p><img loading=\"lazy\" decoding=\"async\" class=\"alignnone size-medium wp-image-80516 aligncenter\" src=\"http:\/\/sol.fm.br\/radio\/wp-content\/uploads\/2025\/11\/93-300x400.jpg\" alt=\"\" width=\"300\" height=\"400\" srcset=\"http:\/\/sol.fm.br\/radio\/wp-content\/uploads\/2025\/11\/93-300x400.jpg 300w, http:\/\/sol.fm.br\/radio\/wp-content\/uploads\/2025\/11\/93-768x1024.jpg 768w, http:\/\/sol.fm.br\/radio\/wp-content\/uploads\/2025\/11\/93.jpg 960w\" sizes=\"auto, (max-width: 300px) 100vw, 300px\" \/><\/p>\n<p>Al\u00e9m de obter o t\u00edtulo de grande campe\u00e3o nacional, o produtor Mateus Passinatto tamb\u00e9m foi destaque como 1\u00ba lugar sequeiro Oeste. Da mesma forma, Douglas Orth levou o t\u00edtulo de 1\u00ba lugar irrigado Norte e Fagner Santana, de Inhambupe (BA) que alcan\u00e7ou a 1\u00aa coloca\u00e7\u00e3o, com cultivo em sequeiro ao colher 232,5 sc\/ha (Corteva).<\/p>\n<p><img loading=\"lazy\" decoding=\"async\" class=\"alignnone size-medium wp-image-80515 aligncenter\" src=\"http:\/\/sol.fm.br\/radio\/wp-content\/uploads\/2025\/11\/92-400x225.jpg\" alt=\"\" width=\"400\" height=\"225\" srcset=\"http:\/\/sol.fm.br\/radio\/wp-content\/uploads\/2025\/11\/92-400x225.jpg 400w, http:\/\/sol.fm.br\/radio\/wp-content\/uploads\/2025\/11\/92-768x432.jpg 768w, http:\/\/sol.fm.br\/radio\/wp-content\/uploads\/2025\/11\/92-1536x864.jpg 1536w, http:\/\/sol.fm.br\/radio\/wp-content\/uploads\/2025\/11\/92.jpg 1920w\" sizes=\"auto, (max-width: 400px) 100vw, 400px\" \/><\/p>\n<p>Na regi\u00e3o Centro, a produtora Avanilda Santeiro, de Mineiros (GO), foi a vencedora no cultivo do cereal em sequeiro, com 238,9 sc\/ha (Bayer). J\u00e1 no cultivo irrigado da mesma regi\u00e3o, o campe\u00e3o foi H\u00e9lio Yamamoto, de Paracatu (MG), inscrito tamb\u00e9m pela Bayer, com 221,7 sc\/ha.<\/p>\n<p><img loading=\"lazy\" decoding=\"async\" class=\"alignnone size-medium wp-image-80518 aligncenter\" src=\"http:\/\/sol.fm.br\/radio\/wp-content\/uploads\/2025\/11\/95-400x225.jpg\" alt=\"\" width=\"400\" height=\"225\" srcset=\"http:\/\/sol.fm.br\/radio\/wp-content\/uploads\/2025\/11\/95-400x225.jpg 400w, http:\/\/sol.fm.br\/radio\/wp-content\/uploads\/2025\/11\/95-768x432.jpg 768w, http:\/\/sol.fm.br\/radio\/wp-content\/uploads\/2025\/11\/95-1536x864.jpg 1536w, http:\/\/sol.fm.br\/radio\/wp-content\/uploads\/2025\/11\/95.jpg 1920w\" sizes=\"auto, (max-width: 400px) 100vw, 400px\" \/><\/p>\n<p>Na regi\u00e3o Sul, no cultivo irrigado, o destaque foi Joaquim Nishi, de Cap\u00e3o Bonito (SP), que colheu 220,5 sc\/ha (Bayer). No plantio em sequeiro, o 1\u00ba lugar ficou com a Fam\u00edlia De Bortoli, de Mari\u00f3polis (PR), que, com tecnologia da Corteva, alcan\u00e7ou 203,1 sc\/ha de milho.<\/p>\n<p>Todas as \u00e1reas inscritas foram auditadas levando em conta indicadores-chave de produ\u00e7\u00e3o, como produtividade, popula\u00e7\u00e3o obtida, n\u00famero e peso de gr\u00e3os por espiga. Ap\u00f3s a premia\u00e7\u00e3o, os participantes receber\u00e3o um relat\u00f3rio t\u00e9cnico completo, produzido pela equipe do Getap, permitindo comparar o seu desempenho com as m\u00e9dias dos demais produtores participantes.<\/p>\n<p><strong>Sobre o Getap<\/strong><\/p>\n<p>O\u00a0Getap\u00a0foi idealizado para reunir especialistas do agroneg\u00f3cio, discutir temas relevantes e disseminar conhecimento e boas pr\u00e1ticas no manejo da cultura do milho, com o objetivo de incentivar o cultivo eficiente no Brasil. A iniciativa tem como curadora a\u00a0C\u00e9leres, al\u00e9m de apoiadores importantes, como a\u00a0ABPA\u00a0(Associa\u00e7\u00e3o Brasileira de Prote\u00edna Animal),\u00a0Abramilho\u00a0(Associa\u00e7\u00e3o Brasileira dos Produtores de Milho e Sorgo) e\u00a0Abisolo\u00a0(Associa\u00e7\u00e3o Brasileira das Ind\u00fastrias de Tecnologia em Nutri\u00e7\u00e3o Vegetal).<\/p>\n<p>O concurso contou ainda com apoio da\u00a0Bayer, Corteva, ICL, Stoller e Ubyfol.<\/p>\n<hr \/>\n<h6><strong>RuralPress | Foto: Divulga\u00e7\u00e3o<\/strong><\/h6>\n<\/div>\n\n<\/div><\/div>","protected":false},"excerpt":{"rendered":"<p>O an\u00fancio foi feito na manh\u00e3 desta quarta-feira (26), durante o 5\u00b0 ano do F\u00f3rum Getap, em Indaiatuba (SP), que apresentou os vencedores do Concurso de Produtividade Milho Inverno 2025 Os resultados do Concurso de Produtividade no Milho Inverno 2025, apresentados na manh\u00e3 desta quarta-feira (26), em Indaiatuba\/SP, durante o F\u00f3rum Getap, comprovam, mais uma [&hellip;]<\/p>\n","protected":false},"author":4,"featured_media":80513,"comment_status":"open","ping_status":"open","sticky":false,"template":"","format":"standard","meta":{"footnotes":""},"categories":[1],"tags":[],"class_list":["post-80512","post","type-post","status-publish","format-standard","has-post-thumbnail","hentry","category-sem-categoria"],"_links":{"self":[{"href":"http:\/\/sol.fm.br\/radio\/wp-json\/wp\/v2\/posts\/80512","targetHints":{"allow":["GET"]}}],"collection":[{"href":"http:\/\/sol.fm.br\/radio\/wp-json\/wp\/v2\/posts"}],"about":[{"href":"http:\/\/sol.fm.br\/radio\/wp-json\/wp\/v2\/types\/post"}],"author":[{"embeddable":true,"href":"http:\/\/sol.fm.br\/radio\/wp-json\/wp\/v2\/users\/4"}],"replies":[{"embeddable":true,"href":"http:\/\/sol.fm.br\/radio\/wp-json\/wp\/v2\/comments?post=80512"}],"version-history":[{"count":1,"href":"http:\/\/sol.fm.br\/radio\/wp-json\/wp\/v2\/posts\/80512\/revisions"}],"predecessor-version":[{"id":80519,"href":"http:\/\/sol.fm.br\/radio\/wp-json\/wp\/v2\/posts\/80512\/revisions\/80519"}],"wp:featuredmedia":[{"embeddable":true,"href":"http:\/\/sol.fm.br\/radio\/wp-json\/wp\/v2\/media\/80513"}],"wp:attachment":[{"href":"http:\/\/sol.fm.br\/radio\/wp-json\/wp\/v2\/media?parent=80512"}],"wp:term":[{"taxonomy":"category","embeddable":true,"href":"http:\/\/sol.fm.br\/radio\/wp-json\/wp\/v2\/categories?post=80512"},{"taxonomy":"post_tag","embeddable":true,"href":"http:\/\/sol.fm.br\/radio\/wp-json\/wp\/v2\/tags?post=80512"}],"curies":[{"name":"wp","href":"https:\/\/api.w.org\/{rel}","templated":true}]}}