{"id":80520,"date":"2025-11-28T09:29:25","date_gmt":"2025-11-28T12:29:25","guid":{"rendered":"http:\/\/sol.fm.br\/radio\/?p=80520"},"modified":"2025-11-28T09:29:27","modified_gmt":"2025-11-28T12:29:27","slug":"pediatras-promovem-mobilizacao-nacional-para-defender-a-presenca-do-especialista-na-atencao-primaria-a-saude","status":"publish","type":"post","link":"http:\/\/sol.fm.br\/radio\/pediatras-promovem-mobilizacao-nacional-para-defender-a-presenca-do-especialista-na-atencao-primaria-a-saude\/","title":{"rendered":"Pediatras promovem mobiliza\u00e7\u00e3o nacional para defender a presen\u00e7a do especialista na Aten\u00e7\u00e3o Prim\u00e1ria \u00e0 Sa\u00fade"},"content":{"rendered":"<div id=\"dslc-theme-content\"><div id=\"dslc-theme-content-inner\"><p style=\"text-align: center;\"><em>Ato organizado no estado pela Sociedade de Pediatria do RS ser\u00e1 realizado na Reden\u00e7\u00e3o e integra movimento simult\u00e2neo em todos os estados<\/em><\/p>\n<p>A defesa por um atendimento infantil qualificado no Sistema \u00danico de Sa\u00fade ganhar\u00e1 destaque no s\u00e1bado, 30\/11, quando a Sociedade de Pediatria do Rio Grande do Sul (SPRS) realizar\u00e1, no Parque da Reden\u00e7\u00e3o, a partir das 10h a a\u00e7\u00e3o \u201cPediatra na Aten\u00e7\u00e3o Prim\u00e1ria: cuidado desde o primeiro contato\u201d. O ato faz parte de uma mobiliza\u00e7\u00e3o que ocorrer\u00e1 em todas as regi\u00f5es do pa\u00eds, conduzida pela Sociedade Brasileira de Pediatria (SBP) e suas 27 representa\u00e7\u00f5es estaduais, com o objetivo de alertar gestores e sociedade sobre a urgente necessidade de reinserir pediatras na Estrat\u00e9gia de Sa\u00fade da Fam\u00edlia (ESF), fortalecendo o primeiro n\u00edvel de aten\u00e7\u00e3o do SUS.<br \/><br \/>A SPRS refor\u00e7a que o movimento nasce de um consenso nacional constru\u00eddo ao longo de 2025, durante f\u00f3runs regionais promovidos pela SBP, que reuniram centenas de especialistas de todas as regi\u00f5es. As discuss\u00f5es resultaram na Carta de Recife, documento que destaca os preju\u00edzos da aus\u00eancia do pediatra no primeiro contato com o sistema de sa\u00fade, comprometendo diagn\u00f3sticos precoces, aumentando interna\u00e7\u00f5es evit\u00e1veis e fragilizando a orienta\u00e7\u00e3o \u00e0s fam\u00edlias. O consenso defende a presen\u00e7a de at\u00e9 4 mil pediatras no SUS para reorganizar o cuidado \u00e0 inf\u00e2ncia e \u00e0 adolesc\u00eancia.<br \/><br \/>Entre os pontos evidenciados no documento, destaca-se que, somente em 2023, foram registradas 1,9 milh\u00e3o de consultas de puericultura na rede p\u00fablica \u2013 n\u00famero inferior ao total de nascidos no mesmo per\u00edodo (2,5 milh\u00f5es). Isso significa que a maior parte das crian\u00e7as n\u00e3o recebeu nem uma consulta anual de acompanhamento, dado que preocupa especialistas e refor\u00e7a a necessidade de mudan\u00e7as estruturais.<br \/><br \/>Durante a a\u00e7\u00e3o na Reden\u00e7\u00e3o, pediatras da SPRS conversar\u00e3o diretamente com as fam\u00edlias para explicar como o trabalho do especialista no primeiro n\u00edvel de aten\u00e7\u00e3o contribui para prevenir agravos, orientar respons\u00e1veis e garantir um acompanhamento adequado desde o nascimento at\u00e9 o final da adolesc\u00eancia.<br \/><br \/><strong>Sobre a Sociedade de Pediatria do RS<\/strong><\/p>\n<p>A Sociedade de Pediatria do Rio Grande do Sul foi fundada em 25 de junho de 1936 com o nome de Sociedade de Pediatria e Puericultura do Rio Grande do Sul pelo Prof. Raul Moreira e um grupo de m\u00e9dicos precursores da forma\u00e7\u00e3o pedi\u00e1trica no Estado. A entidade cresceu e se desenvolveu com o esp\u00edrito de seus idealizadores, que, preocupados com os avan\u00e7os da \u00e1rea m\u00e9dica e da pr\u00f3pria especialidade, uniram esfor\u00e7os na constru\u00e7\u00e3o de uma entidade que congregasse os colegas que a cada ano se multiplicavam no atendimento espec\u00edfico da popula\u00e7\u00e3o infantil. Atualmente conta com cerca de 1.750 s\u00f3cios, e se constitui em orgulho para a classe m\u00e9dica brasileira e, em especial, para a fam\u00edlia pedi\u00e1trica.<\/p>\n<hr \/>\n<h6><strong>PlayPress | SPRS - Sociedade de Pediatria do Rio Grande do Sul | Reda\u00e7\u00e3o: Marcelo Matusiak<\/strong><\/h6>\n\n\n<center><iframe loading=\"lazy\" class=\"jmvplayer\" src=\"https:\/\/player.jmvstream.com\/lvw\/YYGWo5wfZuZ8fEW7Qoq1ISwhLSEDhU\" allowfullscreen allow=\"autoplay; fullscreen\" frameborder=\"0\" width=\"640\" height=\"360\" ><\/iframe><\/center>\n<\/div><\/div>","protected":false},"excerpt":{"rendered":"<p>Ato organizado no estado pela Sociedade de Pediatria do RS ser\u00e1 realizado na Reden\u00e7\u00e3o e integra movimento simult\u00e2neo em todos os estados A defesa por um atendimento infantil qualificado no Sistema \u00danico de Sa\u00fade ganhar\u00e1 destaque no s\u00e1bado, 30\/11, quando a Sociedade de Pediatria do Rio Grande do Sul (SPRS) realizar\u00e1, no Parque da Reden\u00e7\u00e3o, [&hellip;]<\/p>\n","protected":false},"author":4,"featured_media":80521,"comment_status":"open","ping_status":"open","sticky":false,"template":"","format":"standard","meta":{"footnotes":""},"categories":[1],"tags":[],"class_list":["post-80520","post","type-post","status-publish","format-standard","has-post-thumbnail","hentry","category-sem-categoria"],"_links":{"self":[{"href":"http:\/\/sol.fm.br\/radio\/wp-json\/wp\/v2\/posts\/80520","targetHints":{"allow":["GET"]}}],"collection":[{"href":"http:\/\/sol.fm.br\/radio\/wp-json\/wp\/v2\/posts"}],"about":[{"href":"http:\/\/sol.fm.br\/radio\/wp-json\/wp\/v2\/types\/post"}],"author":[{"embeddable":true,"href":"http:\/\/sol.fm.br\/radio\/wp-json\/wp\/v2\/users\/4"}],"replies":[{"embeddable":true,"href":"http:\/\/sol.fm.br\/radio\/wp-json\/wp\/v2\/comments?post=80520"}],"version-history":[{"count":1,"href":"http:\/\/sol.fm.br\/radio\/wp-json\/wp\/v2\/posts\/80520\/revisions"}],"predecessor-version":[{"id":80522,"href":"http:\/\/sol.fm.br\/radio\/wp-json\/wp\/v2\/posts\/80520\/revisions\/80522"}],"wp:featuredmedia":[{"embeddable":true,"href":"http:\/\/sol.fm.br\/radio\/wp-json\/wp\/v2\/media\/80521"}],"wp:attachment":[{"href":"http:\/\/sol.fm.br\/radio\/wp-json\/wp\/v2\/media?parent=80520"}],"wp:term":[{"taxonomy":"category","embeddable":true,"href":"http:\/\/sol.fm.br\/radio\/wp-json\/wp\/v2\/categories?post=80520"},{"taxonomy":"post_tag","embeddable":true,"href":"http:\/\/sol.fm.br\/radio\/wp-json\/wp\/v2\/tags?post=80520"}],"curies":[{"name":"wp","href":"https:\/\/api.w.org\/{rel}","templated":true}]}}