{"id":80526,"date":"2025-11-28T09:53:14","date_gmt":"2025-11-28T12:53:14","guid":{"rendered":"http:\/\/sol.fm.br\/radio\/?p=80526"},"modified":"2025-11-28T09:53:16","modified_gmt":"2025-11-28T12:53:16","slug":"encontro-de-professores-aborda-em-palestra-ciclos-de-reinvencao-e-lideranca-humanizada","status":"publish","type":"post","link":"http:\/\/sol.fm.br\/radio\/encontro-de-professores-aborda-em-palestra-ciclos-de-reinvencao-e-lideranca-humanizada\/","title":{"rendered":"Encontro de professores aborda em palestra ciclos de reinven\u00e7\u00e3o e lideran\u00e7a humanizada"},"content":{"rendered":"<div id=\"dslc-theme-content\"><div id=\"dslc-theme-content-inner\"><p style=\"text-align: center;\"><em>Evento promovido pela Agptea ocorre em Porto Alegre e re\u00fane delega\u00e7\u00f5es de escolas t\u00e9cnicas agr\u00edcolas do Rio Grande do Sul<\/em><\/p>\n<p>A manh\u00e3 de programa\u00e7\u00e3o da 40\u00aa edi\u00e7\u00e3o do Encontro Estadual de Forma\u00e7\u00e3o para Professores de Ensino Agr\u00edcola nesta quinta-feira, 27 de novembro, contou com a palestra \u201cCarreira no Div\u00e3: A vida tamb\u00e9m tem safras\u201d, que trouxe a proposta para que os docentes revisitem a sua trajet\u00f3ria profissional e compreendam as diferentes fases que marcam a vida e o trabalho. O evento est\u00e1 sendo realizado no Hotel Embaixador, em Porto Alegre (RS), e \u00e9 uma promo\u00e7\u00e3o da Associa\u00e7\u00e3o Ga\u00facha de Professores T\u00e9cnicos de Ensino Agr\u00edcola (Agptea).<\/p>\n<p>A palestra foi ministrada pela psicanalista e administradora Renata Miranda, da Universidade Federal do Pampa, campus Ca\u00e7apava do Sul, e uma das coordenadoras do Projeto Montes B\u00e1rbaros, com media\u00e7\u00e3o de Ivanoi Brito, da diretoria da Agptea. Renata iniciou a sua fala destacando que \u00e9 preciso dar espa\u00e7o para novas experi\u00eancias, novos ciclos. Na sequ\u00eancia, citou exemplos de pessoas com carreiras lineares. <em>\u201cA linear segue uma trajet\u00f3ria est\u00e1vel e cont\u00ednua dentro de uma mesma \u00e1rea ou setor at\u00e9 se aposentar\u201d,<\/em> explicou, salientando que a pessoa fica confort\u00e1vel neste espa\u00e7o, \u201c<em>e est\u00e1 tudo bem\u201d.<\/em><\/p>\n<p>Renata seguiu falando sobre a carreira multipotencial, onde as pessoas t\u00eam interesses diversos e transitam por \u00e1reas diferentes ao longo da vida. <em>\u201cEssas pessoas sentem a necessidade de se reinventar a todo o instante e quando entendem isso alcan\u00e7am uma paz de esp\u00edrito e se sentem completos em seu ambiente de trabalho\u201d<\/em>, colocou, ligando essa mensagem ao trabalho do educador que <em>\u201cpode transformar processos a todo instante\"<\/em>. \u201c<em>O que diferencia as pessoas n\u00e3o \u00e9 a capacidade, mas o modo de operar. Enquanto um se aprofunda numa \u00fanica raiz, o outro floresce em m\u00faltiplos galhos\u201d<\/em>, sinalizou.<\/p>\n<p>A palestrante tamb\u00e9m abordou a Teoria dos Set\u00eanios.<em> \u201cA cada 7 anos voc\u00ea se torna uma pessoa nova. A nossa vida tem fases, ritmos, per\u00edodos de expans\u00e3o e de poda, e a carreira precisa acompanhar quem n\u00f3s estamos nos tornando, e n\u00e3o quem fomos l\u00e1 no in\u00edcio\u201d<\/em>, enfatizou. Renata tamb\u00e9m falou sobre a quest\u00e3o do trabalho n\u00e3o ser um fardo, mas um caminho de realiza\u00e7\u00e3o. Nesta parte fez uma reflex\u00e3o sobre lideran\u00e7a humanizada, dizendo que \u201c<em>por tr\u00e1s de um CNPJ existe um CPF e nenhum CNPJ vale um AVC\u201d.<\/em><\/p>\n<p>Renata encerrou a sua fala trazendo a import\u00e2ncia em ser feliz e n\u00e3o tentar agradar aos outros, e tra\u00e7ou v\u00e1rios perfis comportamentais. \u201c<em>\u00c9 importante saber para onde que se vai e o que nos acompanhou por toda a vida. Mantendo o que est\u00e1 na nossa ess\u00eancia. Felicidade precede o sucesso<\/em>\u201d, concluiu, dizendo, que a carreira precisa acompanhar quem estamos nos tornando e n\u00e3o quem fomos um dia.<\/p>\n<hr \/>\n<h6><strong>AgroEffective | Assessoria de Comunica\u00e7\u00e3o da Associa\u00e7\u00e3o Ga\u00facha de Professores T\u00e9cnicos de Ensino Agr\u00edcola (Agptea) | <span style=\"font-size: revert; color: initial;\">Foto: Nestor Tipa J\u00fanior\/AgroEffective |\u00a0<\/span>Texto: Rejane Costa\/AgroEffective<\/strong><\/h6>\n\n\n<center><iframe loading=\"lazy\" class=\"jmvplayer\" src=\"https:\/\/player.jmvstream.com\/lvw\/YYGWo5wfZuZ8fEW7Qoq1ISwhLSEDhU\" allowfullscreen allow=\"autoplay; fullscreen\" frameborder=\"0\" width=\"640\" height=\"360\" ><\/iframe><\/center>\n<\/div><\/div>","protected":false},"excerpt":{"rendered":"<p>Evento promovido pela Agptea ocorre em Porto Alegre e re\u00fane delega\u00e7\u00f5es de escolas t\u00e9cnicas agr\u00edcolas do Rio Grande do Sul A manh\u00e3 de programa\u00e7\u00e3o da 40\u00aa edi\u00e7\u00e3o do Encontro Estadual de Forma\u00e7\u00e3o para Professores de Ensino Agr\u00edcola nesta quinta-feira, 27 de novembro, contou com a palestra \u201cCarreira no Div\u00e3: A vida tamb\u00e9m tem safras\u201d, que [&hellip;]<\/p>\n","protected":false},"author":4,"featured_media":80527,"comment_status":"open","ping_status":"open","sticky":false,"template":"","format":"standard","meta":{"footnotes":""},"categories":[1],"tags":[],"class_list":["post-80526","post","type-post","status-publish","format-standard","has-post-thumbnail","hentry","category-sem-categoria"],"_links":{"self":[{"href":"http:\/\/sol.fm.br\/radio\/wp-json\/wp\/v2\/posts\/80526","targetHints":{"allow":["GET"]}}],"collection":[{"href":"http:\/\/sol.fm.br\/radio\/wp-json\/wp\/v2\/posts"}],"about":[{"href":"http:\/\/sol.fm.br\/radio\/wp-json\/wp\/v2\/types\/post"}],"author":[{"embeddable":true,"href":"http:\/\/sol.fm.br\/radio\/wp-json\/wp\/v2\/users\/4"}],"replies":[{"embeddable":true,"href":"http:\/\/sol.fm.br\/radio\/wp-json\/wp\/v2\/comments?post=80526"}],"version-history":[{"count":1,"href":"http:\/\/sol.fm.br\/radio\/wp-json\/wp\/v2\/posts\/80526\/revisions"}],"predecessor-version":[{"id":80528,"href":"http:\/\/sol.fm.br\/radio\/wp-json\/wp\/v2\/posts\/80526\/revisions\/80528"}],"wp:featuredmedia":[{"embeddable":true,"href":"http:\/\/sol.fm.br\/radio\/wp-json\/wp\/v2\/media\/80527"}],"wp:attachment":[{"href":"http:\/\/sol.fm.br\/radio\/wp-json\/wp\/v2\/media?parent=80526"}],"wp:term":[{"taxonomy":"category","embeddable":true,"href":"http:\/\/sol.fm.br\/radio\/wp-json\/wp\/v2\/categories?post=80526"},{"taxonomy":"post_tag","embeddable":true,"href":"http:\/\/sol.fm.br\/radio\/wp-json\/wp\/v2\/tags?post=80526"}],"curies":[{"name":"wp","href":"https:\/\/api.w.org\/{rel}","templated":true}]}}