{"id":80529,"date":"2025-11-28T10:08:41","date_gmt":"2025-11-28T13:08:41","guid":{"rendered":"http:\/\/sol.fm.br\/radio\/?p=80529"},"modified":"2025-11-28T10:08:43","modified_gmt":"2025-11-28T13:08:43","slug":"concluida-a-nona-fase-da-operacao-mute-no-sistema-prisional-do-rio-grande-do-sul","status":"publish","type":"post","link":"http:\/\/sol.fm.br\/radio\/concluida-a-nona-fase-da-operacao-mute-no-sistema-prisional-do-rio-grande-do-sul\/","title":{"rendered":"Conclu\u00edda a nona fase da Opera\u00e7\u00e3o Mute no sistema prisional do Rio Grande do Sul"},"content":{"rendered":"<div id=\"dslc-theme-content\"><div id=\"dslc-theme-content-inner\"><p style=\"text-align: center;\"><em>A Pol\u00edcia Penal do Estado participou da a\u00e7\u00e3o coordenada pela Secretaria Nacional de Pol\u00edticas Penais em pres\u00eddios de todo o pa\u00eds<\/em><\/p>\n<p dir=\"ltr\">Estabelecimentos prisionais dos 26 Estados e do Distrito Federal passaram, entre os dias 24 e 27 de novembro, por revistas gerais da Opera\u00e7\u00e3o Mute. A Pol\u00edcia Penal do Rio Grande do Sul integra a iniciativa da Secretaria Nacional de Pol\u00edticas Penais (Senappen) para combater as organiza\u00e7\u00f5es criminosas dentro das unidades e, com isso, contribuir para a redu\u00e7\u00e3o dos \u00edndices de viol\u00eancia em \u00e2mbito nacional.<\/p>\n<p dir=\"ltr\">As revistas simult\u00e2neas em galerias e celas buscam materiais il\u00edcitos, como aparelhos celulares, que ingressam de forma proibida. No Rio Grande do Sul, as a\u00e7\u00f5es ocorreram nas penitenci\u00e1rias de Porto Alegre (Pepoa), Modulada de Charqueadas (PMEC) e Modulada de Montenegro (PMEM), com uma movimenta\u00e7\u00e3o de 994 presos. Ao todo, foram apreendidos 170 celulares, 21 carregadores, 78 cabos USB, 58 fones de ouvido e 56 chips, al\u00e9m de outros itens.<\/p>\n<ul>\n<li dir=\"ltr\"><strong><a href=\"https:\/\/www.estado.rs.gov.br\/ultimas-noticias?pagina=3&amp;classificacao=1743966\" target=\"_blank\" rel=\"noopener\">Planejamento e integra\u00e7\u00e3o garantem os menores \u00edndices de criminalidade da hist\u00f3ria ga\u00facha<\/a><\/strong><\/li>\n<\/ul>\n<p dir=\"ltr\">Segundo o secret\u00e1rio de Sistemas Penal e Socioeducativo, Jorge Pozzobom, a Opera\u00e7\u00e3o Mute consolidou-se como uma importante ferramenta de combate ao crime organizado. <em>\"A Mute se alinha \u00e0s demais opera\u00e7\u00f5es que s\u00e3o realizadas sistematicamente pela Pol\u00edcia Penal e que se fortalecem diante dos diversos investimentos que o governo do Estado tem aplicado no sistema prisional, seja por meio da amplia\u00e7\u00e3o do quadro servidores, da aquisi\u00e7\u00e3o de novos equipamentos ou da ado\u00e7\u00e3o de novas tecnologias<\/em>\", afirmou.<\/p>\n<div id=\"attachment_80531\" style=\"width: 410px\" class=\"wp-caption alignleft\"><img loading=\"lazy\" decoding=\"async\" aria-describedby=\"caption-attachment-80531\" class=\"wp-image-80531 size-medium\" src=\"http:\/\/sol.fm.br\/radio\/wp-content\/uploads\/2025\/11\/31-2-400x267.jpeg\" alt=\"\" width=\"400\" height=\"267\" srcset=\"http:\/\/sol.fm.br\/radio\/wp-content\/uploads\/2025\/11\/31-2-400x267.jpeg 400w, http:\/\/sol.fm.br\/radio\/wp-content\/uploads\/2025\/11\/31-2-768x512.jpeg 768w, http:\/\/sol.fm.br\/radio\/wp-content\/uploads\/2025\/11\/31-2-600x400.jpeg 600w, http:\/\/sol.fm.br\/radio\/wp-content\/uploads\/2025\/11\/31-2.jpeg 945w\" sizes=\"auto, (max-width: 400px) 100vw, 400px\" \/><p id=\"caption-attachment-80531\" class=\"wp-caption-text\">Foto: Rodrigo Borba\/Ascom Pol\u00edcia Penal<\/p><\/div>\n<p dir=\"ltr\">A integra\u00e7\u00e3o da Pol\u00edcia Penal com os \u00f3rg\u00e3os de seguran\u00e7a estaduais e nacionais \u00e9 destacada pelo superintendente Sergio Dalcol. <em>\u201cEntendemos o papel fundamental da articula\u00e7\u00e3o como pol\u00edtica de seguran\u00e7a p\u00fablica. Nossos servidores t\u00eam demonstrado qualidade e efici\u00eancia nas a\u00e7\u00f5es estrat\u00e9gicas, como a Opera\u00e7\u00e3o Mute.\u201d<\/em><br \/><br \/><strong>Mobiliza\u00e7\u00e3o, mais seguran\u00e7a e investimentos<\/strong><\/p>\n<p dir=\"ltr\">Estiveram envolvidos 326 servidores das unidades prisionais, do Grupo de A\u00e7\u00f5es Especiais (Gaes), da 1\u00aa e da 10\u00aa delegacias penitenci\u00e1rias regionais, dos Grupos de Interven\u00e7\u00e3o R\u00e1pida (GIR-1 e GIR-10), do Departamento de Intelig\u00eancia Penitenci\u00e1ria, do Departamento de Intelig\u00eancia e Opera\u00e7\u00f5es Estrat\u00e9gicas (Diae) e do Departamento de Seguran\u00e7a e Execu\u00e7\u00e3o Penal (DSEP), al\u00e9m do apoio de policiais penais federais. As equipes do Diae atuaram de forma integrada, utilizando um equipamento de detec\u00e7\u00e3o de dispositivos eletr\u00f4nicos.<\/p>\n<ul>\n<li dir=\"ltr\"><strong><a href=\"https:\/\/www.estado.rs.gov.br\/governo-leite-investe-mais-de-r-1-3-bilhao-em-obras-no-sistema-prisional\" target=\"_blank\" rel=\"noopener\">Governo Eduardo Leite investe mais de R$ 1,3 bilh\u00e3o em obras no sistema prisional<\/a><\/strong><\/li>\n<\/ul>\n<p dir=\"ltr\">Entre 2019 e o final deste governo, em 2026, os investimentos para o sistema prisional ga\u00facho ultrapassar\u00e3o R$ 1,4 bilh\u00e3o com a constru\u00e7\u00e3o de novas penitenci\u00e1rias e a compra de equipamentos para o enfrentamento \u00e0 criminalidade. Ser\u00e3o criadas e requalificadas mais de 12 mil vagas para pessoas privadas de liberdade.\u00a0<\/p>\n<ul>\n<li dir=\"ltr\"><a href=\"https:\/\/www.estado.rs.gov.br\/mais-de-r-210-milhoes-terao-sido-investidos-pelo-governo-leite-em-equipamentos-no-sistema-prisional-gaucho-ate-2026\" target=\"_blank\" rel=\"noopener\"><strong>At\u00e9 2026, governo Leite ter\u00e1 investido mais de R$ 210 milh\u00f5es em equipamentos no sistema prisional ga\u00facho<\/strong><\/a><\/li>\n<\/ul>\n<p dir=\"ltr\">Entre os investimentos, foram aplicados recursos para modernizar equipamentos de seguran\u00e7a e ampliar o uso de tecnologia, como scanners e sistema de prote\u00e7\u00e3o antidrones. Essas a\u00e7\u00f5es garantem melhores condi\u00e7\u00f5es de trabalho \u00e0 Pol\u00edcia Penal e fortalecem a seguran\u00e7a p\u00fablica e o controle das unidades prisionais.<\/p>\n<hr \/>\n<h6><strong>GOV RS | Texto: Paulo Dutra\/Ascom Pol\u00edcia Penal | Edi\u00e7\u00e3o: Secom | Foto: Rafa Marin\/Ascom Pol\u00edcia Penal<\/strong><\/h6>\n\n\n<center><iframe loading=\"lazy\" class=\"jmvplayer\" src=\"https:\/\/player.jmvstream.com\/lvw\/YYGWo5wfZuZ8fEW7Qoq1ISwhLSEDhU\" allowfullscreen allow=\"autoplay; fullscreen\" frameborder=\"0\" width=\"640\" height=\"360\" ><\/iframe><\/center>\n<\/div><\/div>","protected":false},"excerpt":{"rendered":"<p>A Pol\u00edcia Penal do Estado participou da a\u00e7\u00e3o coordenada pela Secretaria Nacional de Pol\u00edticas Penais em pres\u00eddios de todo o pa\u00eds Estabelecimentos prisionais dos 26 Estados e do Distrito Federal passaram, entre os dias 24 e 27 de novembro, por revistas gerais da Opera\u00e7\u00e3o Mute. A Pol\u00edcia Penal do Rio Grande do Sul integra a [&hellip;]<\/p>\n","protected":false},"author":4,"featured_media":80530,"comment_status":"open","ping_status":"open","sticky":false,"template":"","format":"standard","meta":{"footnotes":""},"categories":[1],"tags":[],"class_list":["post-80529","post","type-post","status-publish","format-standard","has-post-thumbnail","hentry","category-sem-categoria"],"_links":{"self":[{"href":"http:\/\/sol.fm.br\/radio\/wp-json\/wp\/v2\/posts\/80529","targetHints":{"allow":["GET"]}}],"collection":[{"href":"http:\/\/sol.fm.br\/radio\/wp-json\/wp\/v2\/posts"}],"about":[{"href":"http:\/\/sol.fm.br\/radio\/wp-json\/wp\/v2\/types\/post"}],"author":[{"embeddable":true,"href":"http:\/\/sol.fm.br\/radio\/wp-json\/wp\/v2\/users\/4"}],"replies":[{"embeddable":true,"href":"http:\/\/sol.fm.br\/radio\/wp-json\/wp\/v2\/comments?post=80529"}],"version-history":[{"count":1,"href":"http:\/\/sol.fm.br\/radio\/wp-json\/wp\/v2\/posts\/80529\/revisions"}],"predecessor-version":[{"id":80532,"href":"http:\/\/sol.fm.br\/radio\/wp-json\/wp\/v2\/posts\/80529\/revisions\/80532"}],"wp:featuredmedia":[{"embeddable":true,"href":"http:\/\/sol.fm.br\/radio\/wp-json\/wp\/v2\/media\/80530"}],"wp:attachment":[{"href":"http:\/\/sol.fm.br\/radio\/wp-json\/wp\/v2\/media?parent=80529"}],"wp:term":[{"taxonomy":"category","embeddable":true,"href":"http:\/\/sol.fm.br\/radio\/wp-json\/wp\/v2\/categories?post=80529"},{"taxonomy":"post_tag","embeddable":true,"href":"http:\/\/sol.fm.br\/radio\/wp-json\/wp\/v2\/tags?post=80529"}],"curies":[{"name":"wp","href":"https:\/\/api.w.org\/{rel}","templated":true}]}}