{"id":80539,"date":"2025-11-28T10:24:52","date_gmt":"2025-11-28T13:24:52","guid":{"rendered":"http:\/\/sol.fm.br\/radio\/?p=80539"},"modified":"2025-11-28T10:24:55","modified_gmt":"2025-11-28T13:24:55","slug":"corpo-de-bombeiros-militar-realiza-formaturas-de-guarda-vidas-para-a-operacao-verao-total","status":"publish","type":"post","link":"http:\/\/sol.fm.br\/radio\/corpo-de-bombeiros-militar-realiza-formaturas-de-guarda-vidas-para-a-operacao-verao-total\/","title":{"rendered":"Corpo de Bombeiros Militar realiza formaturas de guarda-vidas para a Opera\u00e7\u00e3o Ver\u00e3o Total"},"content":{"rendered":"<div id=\"dslc-theme-content\"><div id=\"dslc-theme-content-inner\"><p class=\"artigo__subtitulo\" style=\"text-align: center;\"><em>Os 72 novos servidores v\u00e3o refor\u00e7ar a prote\u00e7\u00e3o dos banhistas no litoral ga\u00facho e em balne\u00e1rios de \u00e1gua doce<\/em><\/p>\n<p>O Corpo de Bombeiros Militar do Rio Grande do Sul (CBMRS) realizou as formaturas dos novos guarda-vidas civis tempor\u00e1rios, na segunda-feira (24\/11), em Tramanda\u00ed, e na ter\u00e7a-feira (25\/11), na Praia do Cassino, em Rio Grande. Os 72 novos servidores formados foram preparados para proteger banhistas no litoral ga\u00facho e em \u00e1guas internas (balne\u00e1rios) durante o pr\u00f3ximo ver\u00e3o.\u00a0<\/p>\n<p>Al\u00e9m desses novos, 216 guarda-vidas civis que j\u00e1 trabalharam na fun\u00e7\u00e3o anteriormente renovaram a certifica\u00e7\u00e3o\u00a0para a pr\u00f3xima temporada. No total, a previs\u00e3o \u00e9 de que at\u00e9 950 guarda-vidas atuem no ver\u00e3o 2025\/2026, incluindo os guarda-vidas civis tempor\u00e1rios, bombeiros militares e brigadianos. Parte deles iniciar\u00e1 as atividades na segunda-feira (1\/12)\u00a0nas praias do Litoral Norte, do Cassino e de S\u00e3o Jos\u00e9 do Norte.<\/p>\n<p><img loading=\"lazy\" decoding=\"async\" class=\"alignnone size-medium wp-image-80541 aligncenter\" src=\"http:\/\/sol.fm.br\/radio\/wp-content\/uploads\/2025\/11\/61-400x241.jpeg\" alt=\"\" width=\"400\" height=\"241\" srcset=\"http:\/\/sol.fm.br\/radio\/wp-content\/uploads\/2025\/11\/61-400x241.jpeg 400w, http:\/\/sol.fm.br\/radio\/wp-content\/uploads\/2025\/11\/61-768x462.jpeg 768w, http:\/\/sol.fm.br\/radio\/wp-content\/uploads\/2025\/11\/61.jpeg 945w\" sizes=\"auto, (max-width: 400px) 100vw, 400px\" \/><\/p>\n<p><strong>Forma\u00e7\u00e3o\u00a0<\/strong>\u00a0<\/p>\n<p><img loading=\"lazy\" decoding=\"async\" class=\"size-medium wp-image-80542 alignright\" src=\"http:\/\/sol.fm.br\/radio\/wp-content\/uploads\/2025\/11\/62-267x400.jpeg\" alt=\"\" width=\"267\" height=\"400\" srcset=\"http:\/\/sol.fm.br\/radio\/wp-content\/uploads\/2025\/11\/62-267x400.jpeg 267w, http:\/\/sol.fm.br\/radio\/wp-content\/uploads\/2025\/11\/62.jpeg 600w\" sizes=\"auto, (max-width: 267px) 100vw, 267px\" \/><\/p>\n<p>Ap\u00f3s semanas de instru\u00e7\u00f5es t\u00e9cnico-operacionais e est\u00e1gio em ambiente aqu\u00e1tico, os rec\u00e9m-formados est\u00e3o aptos a atuar nos postos de salvamento em todo o Estado, garantindo maior seguran\u00e7a para a popula\u00e7\u00e3o na temporada 2025\/2026.\u00a0\u00a0<\/p>\n<p>Durante o treinamento, os guarda-vidas tiveram acesso a\u00a0conte\u00fados\u00a0como: atendimento pr\u00e9-hospitalar em ambiente aqu\u00e1tico, procedimentos operacionais, t\u00e9cnicas de salvamento e resgate aqu\u00e1tico, graus de afogamento, condicionamento f\u00edsico espec\u00edfico, nata\u00e7\u00e3o utilit\u00e1ria e preven\u00e7\u00e3o ao afogamento.\u00a0\u00a0<\/p>\n<ul>\n<li><a href=\"https:\/\/estado.rs.gov.br\/guarda-vidas-civis-temporarios-tem-reajuste-salarial-proposto-pelo-governo-do-estado-aprovado\" target=\"_blank\" rel=\"noopener\"><strong>Guarda-vidas civis tempor\u00e1rios t\u00eam reajuste salarial proposto pelo governo do Estado aprovado<\/strong><\/a><\/li>\n<\/ul>\n<p><strong>Opera\u00e7\u00e3o Ver\u00e3o Total 2025\/2026\u00a0<\/strong>\u00a0<\/p>\n<p>O Governo do Rio Grande do Sul instituiu, por decreto, a Opera\u00e7\u00e3o Ver\u00e3o Total 2025\/2026, que est\u00e1\u00a0vigente desde\u00a01\u00ba de outubro\u00a0at\u00e9\u00a015 de abril de 2026. Nos primeiros meses, a iniciativa vai articular as a\u00e7\u00f5es de diferentes \u00f3rg\u00e3os estaduais a fim de garantir a presta\u00e7\u00e3o de servi\u00e7os p\u00fablicos voltados principalmente \u00e0s necessidades do per\u00edodo de maior movimenta\u00e7\u00e3o de turistas e veranistas, de dezembro a mar\u00e7o.\u00a0<\/p>\n<ul>\n<li><a href=\"https:\/\/estado.rs.gov.br\/estado-lanca-operacao-verao-total-2025-2026-para-reforcar-servicos-em-regioes-turisticas\" target=\"_blank\" rel=\"noopener\"><strong>Estado lan\u00e7a Opera\u00e7\u00e3o Ver\u00e3o Total 2025\/2026 para refor\u00e7ar servi\u00e7os em regi\u00f5es tur\u00edsticas<\/strong><\/a><\/li>\n<\/ul>\n<hr \/>\n<h6><strong>GOV RS | Texto: Ascom SSP | Edi\u00e7\u00e3o: Secom | Fotos: Ascom CBMRS<\/strong><\/h6>\n\n\n<center><iframe loading=\"lazy\" class=\"jmvplayer\" src=\"https:\/\/player.jmvstream.com\/lvw\/YYGWo5wfZuZ8fEW7Qoq1ISwhLSEDhU\" allowfullscreen allow=\"autoplay; fullscreen\" frameborder=\"0\" width=\"640\" height=\"360\" ><\/iframe><\/center>\n<\/div><\/div>","protected":false},"excerpt":{"rendered":"<p>Os 72 novos servidores v\u00e3o refor\u00e7ar a prote\u00e7\u00e3o dos banhistas no litoral ga\u00facho e em balne\u00e1rios de \u00e1gua doce O Corpo de Bombeiros Militar do Rio Grande do Sul (CBMRS) realizou as formaturas dos novos guarda-vidas civis tempor\u00e1rios, na segunda-feira (24\/11), em Tramanda\u00ed, e na ter\u00e7a-feira (25\/11), na Praia do Cassino, em Rio Grande. Os [&hellip;]<\/p>\n","protected":false},"author":4,"featured_media":80540,"comment_status":"open","ping_status":"open","sticky":false,"template":"","format":"standard","meta":{"footnotes":""},"categories":[1],"tags":[],"class_list":["post-80539","post","type-post","status-publish","format-standard","has-post-thumbnail","hentry","category-sem-categoria"],"_links":{"self":[{"href":"http:\/\/sol.fm.br\/radio\/wp-json\/wp\/v2\/posts\/80539","targetHints":{"allow":["GET"]}}],"collection":[{"href":"http:\/\/sol.fm.br\/radio\/wp-json\/wp\/v2\/posts"}],"about":[{"href":"http:\/\/sol.fm.br\/radio\/wp-json\/wp\/v2\/types\/post"}],"author":[{"embeddable":true,"href":"http:\/\/sol.fm.br\/radio\/wp-json\/wp\/v2\/users\/4"}],"replies":[{"embeddable":true,"href":"http:\/\/sol.fm.br\/radio\/wp-json\/wp\/v2\/comments?post=80539"}],"version-history":[{"count":1,"href":"http:\/\/sol.fm.br\/radio\/wp-json\/wp\/v2\/posts\/80539\/revisions"}],"predecessor-version":[{"id":80543,"href":"http:\/\/sol.fm.br\/radio\/wp-json\/wp\/v2\/posts\/80539\/revisions\/80543"}],"wp:featuredmedia":[{"embeddable":true,"href":"http:\/\/sol.fm.br\/radio\/wp-json\/wp\/v2\/media\/80540"}],"wp:attachment":[{"href":"http:\/\/sol.fm.br\/radio\/wp-json\/wp\/v2\/media?parent=80539"}],"wp:term":[{"taxonomy":"category","embeddable":true,"href":"http:\/\/sol.fm.br\/radio\/wp-json\/wp\/v2\/categories?post=80539"},{"taxonomy":"post_tag","embeddable":true,"href":"http:\/\/sol.fm.br\/radio\/wp-json\/wp\/v2\/tags?post=80539"}],"curies":[{"name":"wp","href":"https:\/\/api.w.org\/{rel}","templated":true}]}}