{"id":80544,"date":"2025-11-28T10:32:04","date_gmt":"2025-11-28T13:32:04","guid":{"rendered":"http:\/\/sol.fm.br\/radio\/?p=80544"},"modified":"2025-11-28T10:32:05","modified_gmt":"2025-11-28T13:32:05","slug":"producao-industrial-gaucha-cresce-em-outubro-mas-emprego-recua-aponta-pesquisa-do-sistema-fiergs","status":"publish","type":"post","link":"http:\/\/sol.fm.br\/radio\/producao-industrial-gaucha-cresce-em-outubro-mas-emprego-recua-aponta-pesquisa-do-sistema-fiergs\/","title":{"rendered":"Produ\u00e7\u00e3o industrial ga\u00facha cresce em outubro, mas emprego recua, aponta pesquisa do Sistema FIERGS"},"content":{"rendered":"<div id=\"dslc-theme-content\"><div id=\"dslc-theme-content-inner\"><p style=\"text-align: center;\"><em> Ap\u00f3s dois meses consecutivos de retra\u00e7\u00e3o, o \u00edndice de produ\u00e7\u00e3o registrou 51,6 pontos<\/em><\/p>\n<p><br \/><br \/>Ap\u00f3s dois meses consecutivos de retra\u00e7\u00e3o, o \u00edndice de produ\u00e7\u00e3o industrial do Rio Grande do Sul voltou a crescer em outubro na compara\u00e7\u00e3o com setembro, atingindo 51,6 pontos, resultado considerado abaixo do esperado para o per\u00edodo. Apesar da leve recupera\u00e7\u00e3o na atividade, o n\u00edvel de emprego seguiu em queda: o indicador marcou 46,4 pontos, a quinta redu\u00e7\u00e3o seguida e o pior patamar desde julho de 2023. Os dados integram a Sondagem Industrial RS, divulgada pelo Sistema FIERGS nesta quinta-feira (27).<\/p>\n<p>O presidente do Sistema FIERGS, Claudio Bier, avaliou que, embora o avan\u00e7o da produ\u00e7\u00e3o seja positivo, o ambiente econ\u00f4mico ainda imp\u00f5e cautela ao setor. \u201c<em>O crescimento da produ\u00e7\u00e3o \u00e9 uma not\u00edcia boa, embora menor que o esperado. O cen\u00e1rio de incertezas dom\u00e9sticas e juros elevados interferem na disposi\u00e7\u00e3o dos industriais em abrir novas vagas de emprego e investir. Precisamos continuar avan\u00e7ando nas negocia\u00e7\u00f5es com os Estados Unidos para reduzir as tarifas de exporta\u00e7\u00e3o e melhorar as expectativas econ\u00f4micas brasileiras\u201d,<\/em> afirmou.<\/p>\n<p>O levantamento mostrou tamb\u00e9m que a Utiliza\u00e7\u00e3o da Capacidade Instalada (UCI) ficou em 70% em outubro e segue oscilando entre 69% e 70% desde fevereiro. J\u00e1 o \u00edndice que compara a UCI ao n\u00edvel considerado usual registrou 44 pontos, abaixo do adequado para o m\u00eas. A \u00faltima vez que o setor operou dentro da normalidade foi em novembro de 2024, quando o indicador marcou 50,4 pontos.<br \/>Os estoques de produtos finais mantiveram trajet\u00f3ria de alta. O \u00edndice de evolu\u00e7\u00e3o mensal chegou a 51 pontos em outubro, s\u00e9timo m\u00eas consecutivo acima da linha de 50, o que indica crescimento em rela\u00e7\u00e3o ao m\u00eas anterior. O volume estocado tamb\u00e9m ultrapassou o planejado. O indicador subiu de 49,8 para 52 pontos, sinalizando excesso de estoque.<br \/><br \/><strong>EXPECTATIVAS<\/strong><br \/>Para os pr\u00f3ximos seis meses, o humor do industrial ga\u00facho permanece negativo. Em novembro, todos os \u00edndices de expectativas ficaram abaixo dos 50 pontos \u2013 e inferiores aos de outubro. A ind\u00fastria projeta queda na demanda (47,4 pontos), no emprego (45,4) e nas compras de mat\u00e9rias-primas (46,1).<br \/>As perspectivas para as exporta\u00e7\u00f5es tamb\u00e9m recuaram. O indicador atingiu 43,5 pontos, quarto m\u00eas consecutivo de expectativa de baixa, per\u00edodo que coincide com a entrada em vigor das tarifas impostas pelos Estados Unidos.<\/p>\n<p>O \u00edndice de propens\u00e3o a investir caiu dois pontos em novembro, registrando 55,5, mas a maioria dos industriais ga\u00fachos demonstra interesse em investir. No pen\u00faltimo m\u00eas do ano, quase 60% das empresas afirmaram ter planos de realizar investimentos nos pr\u00f3ximos seis meses.<\/p>\n<p>A pesquisa foi realizada com 146 empresas, sendo 34 pequenas, 45 m\u00e9dias e 67 grandes entre os dias 3 e 12 de novembro.<\/p>\n<p>Confira a pesquisa completa neste link: <a href=\"https:\/\/observatoriodaindustriars.org.br\/inteligencia-estrategica\/serie-historica-4\/\">https:\/\/observatoriodaindustriars.org.br\/inteligencia-estrategica\/serie-historica-4\/<\/a>.<\/p>\n<hr \/>\n<h6><strong>Sistema FIERGS | Comunica\u00e7\u00e3o - Ger\u00eancia de Comunica\u00e7\u00e3o Institucional<\/strong><\/h6>\n\n\n<center><iframe loading=\"lazy\" class=\"jmvplayer\" src=\"https:\/\/player.jmvstream.com\/lvw\/YYGWo5wfZuZ8fEW7Qoq1ISwhLSEDhU\" allowfullscreen allow=\"autoplay; fullscreen\" frameborder=\"0\" width=\"640\" height=\"360\" ><\/iframe><\/center>\n<\/div><\/div>","protected":false},"excerpt":{"rendered":"<p>Ap\u00f3s dois meses consecutivos de retra\u00e7\u00e3o, o \u00edndice de produ\u00e7\u00e3o registrou 51,6 pontos Ap\u00f3s dois meses consecutivos de retra\u00e7\u00e3o, o \u00edndice de produ\u00e7\u00e3o industrial do Rio Grande do Sul voltou a crescer em outubro na compara\u00e7\u00e3o com setembro, atingindo 51,6 pontos, resultado considerado abaixo do esperado para o per\u00edodo. Apesar da leve recupera\u00e7\u00e3o na atividade, [&hellip;]<\/p>\n","protected":false},"author":4,"featured_media":80545,"comment_status":"open","ping_status":"open","sticky":false,"template":"","format":"standard","meta":{"footnotes":""},"categories":[1],"tags":[],"class_list":["post-80544","post","type-post","status-publish","format-standard","has-post-thumbnail","hentry","category-sem-categoria"],"_links":{"self":[{"href":"http:\/\/sol.fm.br\/radio\/wp-json\/wp\/v2\/posts\/80544","targetHints":{"allow":["GET"]}}],"collection":[{"href":"http:\/\/sol.fm.br\/radio\/wp-json\/wp\/v2\/posts"}],"about":[{"href":"http:\/\/sol.fm.br\/radio\/wp-json\/wp\/v2\/types\/post"}],"author":[{"embeddable":true,"href":"http:\/\/sol.fm.br\/radio\/wp-json\/wp\/v2\/users\/4"}],"replies":[{"embeddable":true,"href":"http:\/\/sol.fm.br\/radio\/wp-json\/wp\/v2\/comments?post=80544"}],"version-history":[{"count":1,"href":"http:\/\/sol.fm.br\/radio\/wp-json\/wp\/v2\/posts\/80544\/revisions"}],"predecessor-version":[{"id":80546,"href":"http:\/\/sol.fm.br\/radio\/wp-json\/wp\/v2\/posts\/80544\/revisions\/80546"}],"wp:featuredmedia":[{"embeddable":true,"href":"http:\/\/sol.fm.br\/radio\/wp-json\/wp\/v2\/media\/80545"}],"wp:attachment":[{"href":"http:\/\/sol.fm.br\/radio\/wp-json\/wp\/v2\/media?parent=80544"}],"wp:term":[{"taxonomy":"category","embeddable":true,"href":"http:\/\/sol.fm.br\/radio\/wp-json\/wp\/v2\/categories?post=80544"},{"taxonomy":"post_tag","embeddable":true,"href":"http:\/\/sol.fm.br\/radio\/wp-json\/wp\/v2\/tags?post=80544"}],"curies":[{"name":"wp","href":"https:\/\/api.w.org\/{rel}","templated":true}]}}