{"id":80568,"date":"2025-12-01T10:31:42","date_gmt":"2025-12-01T13:31:42","guid":{"rendered":"http:\/\/sol.fm.br\/radio\/?p=80568"},"modified":"2025-12-01T10:31:44","modified_gmt":"2025-12-01T13:31:44","slug":"22a-regiao-tradicionalista-homenageia-voluntarios-e-realiza-integracao-com-show-de-paulinho-mixaria","status":"publish","type":"post","link":"http:\/\/sol.fm.br\/radio\/22a-regiao-tradicionalista-homenageia-voluntarios-e-realiza-integracao-com-show-de-paulinho-mixaria\/","title":{"rendered":"22\u00aa Regi\u00e3o Tradicionalista homenageia volunt\u00e1rios e realiza integra\u00e7\u00e3o com show de Paulinho Mixaria"},"content":{"rendered":"<div id=\"dslc-theme-content\"><div id=\"dslc-theme-content-inner\"><p class=\"x_yiv7604403359ydpc276a8d2yiv2388969596gmail-Standard\"><span data-olk-copy-source=\"MessageBody\">A 22\u00aa Regi\u00e3o Tradicionalista promoveu, na noite de quinta-feira (27), no CTG Sangue Nativo, em Parob\u00e9, o Terceiro Encontro de Integra\u00e7\u00e3o da 22\u00aa RT, reunindo entidades, lideran\u00e7as e tradicionalistas para um momento marcado por emo\u00e7\u00e3o, reconhecimento e apre\u00e7o pelas tradi\u00e7\u00f5es ga\u00fachas. Entre as autoridades participaram da integra\u00e7\u00e3o o coordenador da 22\u00aaRT Jo\u00e3o Rog\u00e9rio Machado; Deputado Estadual Joel Wilhelm; a atual 1\u00aa Prenda Mirim do RS, Isabeli de Lima; 1\u00aa Prenda Juvenil da 22\u00aa RT, Giovana Giovanini; Pe\u00e3o Farroupilha da 22\u00aa RT, Jos\u00e9 Augusto Lago de Mello; Conselheiro do MTG, Ricardo Glademir Haag.<\/span><\/p>\n<p class=\"x_yiv7604403359ydpc276a8d2yiv2388969596gmail-Standard\"><img loading=\"lazy\" decoding=\"async\" class=\"alignnone size-medium wp-image-80569 aligncenter\" src=\"http:\/\/sol.fm.br\/radio\/wp-content\/uploads\/2025\/12\/1-400x291.jpg\" alt=\"\" width=\"400\" height=\"291\" srcset=\"http:\/\/sol.fm.br\/radio\/wp-content\/uploads\/2025\/12\/1-400x291.jpg 400w, http:\/\/sol.fm.br\/radio\/wp-content\/uploads\/2025\/12\/1-768x558.jpg 768w, http:\/\/sol.fm.br\/radio\/wp-content\/uploads\/2025\/12\/1.jpg 1486w\" sizes=\"auto, (max-width: 400px) 100vw, 400px\" \/><\/p>\n<p class=\"x_yiv7604403359ydpc276a8d2yiv2388969596gmail-Standard\">Idealizado em 2023, o evento tem como prop\u00f3sito valorizar as pessoas que, de forma volunt\u00e1ria, dedicam-se a manter viva a cultura tradicionalista, seja dentro dos Centros de Tradi\u00e7\u00f5es Ga\u00fachas, seja em a\u00e7\u00f5es gerais de promo\u00e7\u00e3o cultural na regi\u00e3o.<\/p>\n<p class=\"x_yiv7604403359ydpc276a8d2yiv2388969596gmail-Standard\">A noite foi descrita pelos organizadores como <em>\u201crica em trocas, integra\u00e7\u00e3o e valoriza\u00e7\u00e3o da cultura ga\u00facha\u201d<\/em>, destacando os esfor\u00e7os coletivos que fortalecem cada CTG e Piquete.<\/p>\n<p class=\"x_yiv7604403359ydpc276a8d2yiv2388969596gmail-Standard\">\u00a0<\/p>\n<p class=\"x_yiv7604403359ydpc276a8d2yiv2388969596gmail-Standard\"><b>Emenda parlamentar fortalece a 22\u00aa RT<\/b><\/p>\n<p class=\"x_yiv7604403359ydpc276a8d2yiv2388969596gmail-Standard\">Durante a solenidade, o deputado estadual Joel Wilhelm entregou oficialmente o documento de destina\u00e7\u00e3o de Emenda Parlamentar no valor de R$ 50 mil para a Coordenadoria da 22\u00aa RT. O recurso, previsto para libera\u00e7\u00e3o em 2026, ser\u00e1 utilizado para aquisi\u00e7\u00e3o de equipamentos. Al\u00e9m disso, o deputado anunciou que as entidades da regi\u00e3o poder\u00e3o receber uma verba de R$ 50mil, e que as tratativas poder\u00e3o ser direcionadas ao seu gabinete. O coordenador Jo\u00e3o Rog\u00e9rio Machado destacou a import\u00e2ncia do apoio financeiro \u00e0s entidades tradicionalistas. <em>\u201cN\u00f3s, tradicionalistas, somos volunt\u00e1rios. Cada patr\u00e3o aqui presente sabe da dificuldade de manter sua entidade em dia. Receber essa not\u00edcia nos alegra muito, porque fortalece nosso trabalho, feito sempre por amor \u00e0s tradi\u00e7\u00f5es.\u201d<\/em><\/p>\n<p class=\"x_yiv7604403359ydpc276a8d2yiv2388969596gmail-Standard\">\u00a0<\/p>\n<p class=\"x_yiv7604403359ydpc276a8d2yiv2388969596gmail-Standard\"><b>Homenagens emocionam entidades da regi\u00e3o<\/b><\/p>\n<p class=\"x_yiv7604403359ydpc276a8d2yiv2388969596gmail-Standard\">Um dos momentos mais aguardados foi a entrega das homenagens a integrantes de entidades da 22\u00aa Regi\u00e3o Tradicionalista, reconhecendo quem dedica tempo e esfor\u00e7o para manter viva a cultura ga\u00facha.<\/p>\n<p class=\"x_yiv7604403359ydpc276a8d2yiv2388969596gmail-Standard\">\u00a0<\/p>\n<p class=\"x_yiv7604403359ydpc276a8d2yiv2388969596gmail-Standard\"><b>Foram homenageados representantes de 16 entidades, entre CTGs e Piquetes, contemplando as cidades de Igrejinha, Parob\u00e9, Riozinho, Rolante, \u00a0Taquara e Tr\u00eas Coroas. Confira:<\/b><\/p>\n<p class=\"x_yiv7604403359ydpc276a8d2yiv2388969596gmail-Standard\">1- CTG P\u00e9 da Serra (Riozinho) -\u00a0 Homenageado ENIO PRETO<\/p>\n<p class=\"x_yiv7604403359ydpc276a8d2yiv2388969596gmail-Standard\">2 - CTG Passo dos Tropeiros (Rolante) \u2013 Homenageada CELI MARLI DIEFENBACH<\/p>\n<p class=\"x_yiv7604403359ydpc276a8d2yiv2388969596gmail-Standard\">3 - CTG Guapos da Cabanha Liberdade (Rolante) -\u00a0 Homenageada EVA MARIA GOMES DE SOUZA<\/p>\n<p class=\"x_yiv7604403359ydpc276a8d2yiv2388969596gmail-Standard\">4 \u2013 Piquete de La\u00e7adores Tr\u00eas Est\u00e2ncias (Rolante) - Homenageado ENOQUE PRATES DOS REIS<\/p>\n<p class=\"x_yiv7604403359ydpc276a8d2yiv2388969596gmail-Standard\">5 - CTG Os Serranos (Rolante) - Homenageado SALCIONE DOS SANTOS BORGES<\/p>\n<p class=\"x_yiv7604403359ydpc276a8d2yiv2388969596gmail-Standard\">6 \u2013Piquete de La\u00e7adores Est\u00e2ncia Casa de Pedra (Igrejinha)- Homenageada ROSANE MARIA ROSA MACIEL SOARES\u00a0<\/p>\n<p class=\"x_yiv7604403359ydpc276a8d2yiv2388969596gmail-Standard\">7 - CTG Sentinela da Tradi\u00e7\u00e3o (Igrejinha) - Homenageado NERI DOS SANTOS<\/p>\n<p class=\"x_yiv7604403359ydpc276a8d2yiv2388969596gmail-Standard\">8 - CTG Rancho do Chimarr\u00e3o (Igrejinha) - Homenageado ANTONIO CARLOS HOFFMANN<\/p>\n<p class=\"x_yiv7604403359ydpc276a8d2yiv2388969596gmail-Standard\">9 - CTG Os Tauras da Colina (Igrejinha) - Homenageado GILBERTO MARINO KRUPP<\/p>\n<p class=\"x_yiv7604403359ydpc276a8d2yiv2388969596gmail-Standard\">10 \u2013 Piquete de La\u00e7adores Alma Campeira (Tr\u00eas Coroas) - Homenageado CARLOS FERNANDO BROCKER<\/p>\n<p class=\"x_yiv7604403359ydpc276a8d2yiv2388969596gmail-Standard\">11 - CTG Quer\u00eancia do Mundo Novo (Tr\u00eas Coroas) - Homenageada MARLI SCHELL<\/p>\n<p class=\"x_yiv7604403359ydpc276a8d2yiv2388969596gmail-Standard\">12 - CTG O Tropeiro Frederico Trott\u00a0 (Tr\u00eas Coroas) - Homenageada JOSIANE TOMASINI<\/p>\n<p class=\"x_yiv7604403359ydpc276a8d2yiv2388969596gmail-Standard\">13 - CTG \"O Fog\u00e3o Ga\u00facho\" (Taquara) - Homenageada VANIA ELIETE PORT<\/p>\n<p class=\"x_yiv7604403359ydpc276a8d2yiv2388969596gmail-Standard\">14 \u2013 Piquete de La\u00e7adores Vaqueanos da Tradi\u00e7\u00e3o (Taquara) - Homenageado FERNANDO TELES KIRSCH<\/p>\n<p class=\"x_yiv7604403359ydpc276a8d2yiv2388969596gmail-Standard\">15 - CTG Quer\u00eancia Azaleia (Parob\u00e9) - Homenageado VAL\u00c9RIO KREIN<\/p>\n<p class=\"x_yiv7604403359ydpc276a8d2yiv2388969596gmail-Standard\">16 \u2013 CTG Sangue Nativo (Parob\u00e9) - Homenageada CHRISTIANE ISABEL ARAUJO DA SILVA<\/p>\n<p class=\"x_yiv7604403359ydpc276a8d2yiv2388969596gmail-Standard\"><b>\u00a0<\/b><\/p>\n<p class=\"x_yiv7604403359ydpc276a8d2yiv2388969596gmail-Standard\"><b>Tamb\u00e9m foram entregues os t\u00edtulos de Patr\u00f5es Destaques de 2025 a:<\/b><\/p>\n<p class=\"x_yiv7604403359ydpc276a8d2yiv2388969596gmail-Standard\">Roberto Alexandre de Souza (PL Tr\u00eas Est\u00e2ncias, Rolante)<\/p>\n<p class=\"x_yiv7604403359ydpc276a8d2yiv2388969596gmail-Standard\">Auro Paulo Sander (CTG O Fog\u00e3o Ga\u00facho, Taquara)<\/p>\n<p class=\"x_yiv7604403359ydpc276a8d2yiv2388969596gmail-Standard\">Volnei Gilberto Fetter (CTG Sangue Nativo, Parob\u00e9)<\/p>\n<p class=\"x_yiv7604403359ydpc276a8d2yiv2388969596gmail-Standard\"><b>\u00a0<\/b><\/p>\n<p class=\"x_yiv7604403359ydpc276a8d2yiv2388969596gmail-Standard\"><b>E as distin\u00e7\u00f5es de Personalidades Destaques da 22\u00aa RT 2025 a:<\/b><\/p>\n<p class=\"x_yiv7604403359ydpc276a8d2yiv2388969596gmail-Standard\">Paulo Silva \u2013 Paulinho Mixaria<\/p>\n<p class=\"x_yiv7604403359ydpc276a8d2yiv2388969596gmail-Standard\">Clara Lisiane Faccio<\/p>\n<p class=\"x_yiv7604403359ydpc276a8d2yiv2388969596gmail-Standard\">Deputado Joel Wilhelm<\/p>\n<p class=\"x_yiv7604403359ydpc276a8d2yiv2388969596gmail-Standard\">Isabeli de Lima<\/p>\n<p class=\"x_yiv7604403359ydpc276a8d2yiv2388969596gmail-Standard\">Maicon Andrei Costa<\/p>\n<p>\u00a0<\/p>\n<p class=\"x_yiv7604403359ydpc276a8d2yiv2388969596gmail-Standard\"><img loading=\"lazy\" decoding=\"async\" class=\"size-medium wp-image-80571 alignleft\" src=\"http:\/\/sol.fm.br\/radio\/wp-content\/uploads\/2025\/12\/1.2-400x291.jpg\" alt=\"\" width=\"400\" height=\"291\" srcset=\"http:\/\/sol.fm.br\/radio\/wp-content\/uploads\/2025\/12\/1.2-400x291.jpg 400w, http:\/\/sol.fm.br\/radio\/wp-content\/uploads\/2025\/12\/1.2-768x559.jpg 768w, http:\/\/sol.fm.br\/radio\/wp-content\/uploads\/2025\/12\/1.2.jpg 1485w\" sizes=\"auto, (max-width: 400px) 100vw, 400px\" \/><\/p>\n<p class=\"x_yiv7604403359ydpc276a8d2yiv2388969596gmail-Standard\"><b>Show de Paulinho Mixaria encerra a noite com humor e mem\u00f3ria afetiva<\/b><\/p>\n<p class=\"x_yiv7604403359ydpc276a8d2yiv2388969596gmail-Standard\">O encerramento ficou por conta do artista Paulinho Mixaria, personalidade reconhecida nacionalmente mas com fortes ra\u00edzes na 22\u00aa Regi\u00e3o Tradicionalista, onde iniciou sua trajet\u00f3ria nos palcos. Com seu humor caracter\u00edstico e hist\u00f3rias que remetem \u00e0s viv\u00eancias do interior, Mixaria arrancou risadas e aplausos, fechando o evento com energia leve e emo\u00e7\u00e3o.<\/p>\n<hr \/>\n<h6><strong>Faculdades Integradas de Taquara - Faccat | Texto: Jornalista e Assessora de Imprensa da 22\u00aaRT, Claucia F da Silva | Cr\u00e9dito de fotos: J\u00falio Fotografias<\/strong><\/h6>\n\n\n<center><iframe loading=\"lazy\" class=\"jmvplayer\" src=\"https:\/\/player.jmvstream.com\/lvw\/YYGWo5wfZuZ8fEW7Qoq1ISwhLSEDhU\" allowfullscreen allow=\"autoplay; fullscreen\" frameborder=\"0\" width=\"640\" height=\"360\" ><\/iframe><\/center>\n<\/div><\/div>","protected":false},"excerpt":{"rendered":"<p>A 22\u00aa Regi\u00e3o Tradicionalista promoveu, na noite de quinta-feira (27), no CTG Sangue Nativo, em Parob\u00e9, o Terceiro Encontro de Integra\u00e7\u00e3o da 22\u00aa RT, reunindo entidades, lideran\u00e7as e tradicionalistas para um momento marcado por emo\u00e7\u00e3o, reconhecimento e apre\u00e7o pelas tradi\u00e7\u00f5es ga\u00fachas. Entre as autoridades participaram da integra\u00e7\u00e3o o coordenador da 22\u00aaRT Jo\u00e3o Rog\u00e9rio Machado; Deputado [&hellip;]<\/p>\n","protected":false},"author":4,"featured_media":80570,"comment_status":"open","ping_status":"open","sticky":false,"template":"","format":"standard","meta":{"footnotes":""},"categories":[1],"tags":[],"class_list":["post-80568","post","type-post","status-publish","format-standard","has-post-thumbnail","hentry","category-sem-categoria"],"_links":{"self":[{"href":"http:\/\/sol.fm.br\/radio\/wp-json\/wp\/v2\/posts\/80568","targetHints":{"allow":["GET"]}}],"collection":[{"href":"http:\/\/sol.fm.br\/radio\/wp-json\/wp\/v2\/posts"}],"about":[{"href":"http:\/\/sol.fm.br\/radio\/wp-json\/wp\/v2\/types\/post"}],"author":[{"embeddable":true,"href":"http:\/\/sol.fm.br\/radio\/wp-json\/wp\/v2\/users\/4"}],"replies":[{"embeddable":true,"href":"http:\/\/sol.fm.br\/radio\/wp-json\/wp\/v2\/comments?post=80568"}],"version-history":[{"count":1,"href":"http:\/\/sol.fm.br\/radio\/wp-json\/wp\/v2\/posts\/80568\/revisions"}],"predecessor-version":[{"id":80572,"href":"http:\/\/sol.fm.br\/radio\/wp-json\/wp\/v2\/posts\/80568\/revisions\/80572"}],"wp:featuredmedia":[{"embeddable":true,"href":"http:\/\/sol.fm.br\/radio\/wp-json\/wp\/v2\/media\/80570"}],"wp:attachment":[{"href":"http:\/\/sol.fm.br\/radio\/wp-json\/wp\/v2\/media?parent=80568"}],"wp:term":[{"taxonomy":"category","embeddable":true,"href":"http:\/\/sol.fm.br\/radio\/wp-json\/wp\/v2\/categories?post=80568"},{"taxonomy":"post_tag","embeddable":true,"href":"http:\/\/sol.fm.br\/radio\/wp-json\/wp\/v2\/tags?post=80568"}],"curies":[{"name":"wp","href":"https:\/\/api.w.org\/{rel}","templated":true}]}}