{"id":80579,"date":"2025-12-01T11:03:27","date_gmt":"2025-12-01T14:03:27","guid":{"rendered":"http:\/\/sol.fm.br\/radio\/?p=80579"},"modified":"2025-12-01T11:03:29","modified_gmt":"2025-12-01T14:03:29","slug":"governo-leite-da-largada-a-operacao-verao-total-2025-2026-com-930-guarda-vidas-em-praias-e-balnearios-do-rio-grande-do-sul","status":"publish","type":"post","link":"http:\/\/sol.fm.br\/radio\/governo-leite-da-largada-a-operacao-verao-total-2025-2026-com-930-guarda-vidas-em-praias-e-balnearios-do-rio-grande-do-sul\/","title":{"rendered":"Governo Leite d\u00e1 largada \u00e0 Opera\u00e7\u00e3o Ver\u00e3o Total 2025\/2026 com 930 guarda-vidas em praias e balne\u00e1rios do Rio Grande do Sul"},"content":{"rendered":"<div id=\"dslc-theme-content\"><div id=\"dslc-theme-content-inner\"><p class=\"artigo__subtitulo\" style=\"text-align: center;\"><em>Atividade come\u00e7a com refor\u00e7o de motos aqu\u00e1ticas e quadriciclos, permitindo mobilidade e cobertura preventiva mais eficientes<\/em><\/p>\n<p>A partir desta segunda-feira (1\u00ba\/12), veranistas e turistas no Rio Grande do Sul contar\u00e3o com a prote\u00e7\u00e3o de guarda-vidas, no Litoral Norte e Sul, al\u00e9m dos balne\u00e1rios de \u00e1gua doce do Estado. Institu\u00edda por decreto do governador Eduardo Leite, a Opera\u00e7\u00e3o Ver\u00e3o Total 2025\/2026 ter\u00e1 a atua\u00e7\u00e3o de 930 servidores em gurpo formados por civis, bombeiros e policiais militares.<\/p>\n<p>A a\u00e7\u00e3o tem como objetivo refor\u00e7ar a seguran\u00e7a dos banhistas durante a temporada, marcada pelo aumento do fluxo de veranistas ap\u00f3s o encerramento do ano letivo e a proximidade das festas de fim de ano.<\/p>\n<p>Nesta temporada, todas as praias do Litoral Norte e quatro no Cassino e S\u00e3o Jos\u00e9 do Norte, no Litoral Sul, contar\u00e3o tamb\u00e9m com o refor\u00e7o de motos aqu\u00e1ticas e quadriciclos, permitindo aos guarda-vidas a mobilidade e a capacidade de leitura constante sobre o movimento dos banhistas e a identifica\u00e7\u00e3o de locais de maior risco.<\/p>\n<ul>\n<li><strong><a href=\"https:\/\/estado.rs.gov.br\/corpo-de-bombeiros-militar-realiza-formaturas-de-guarda-vidas-para-a-operacao-verao-total\" target=\"_blank\" rel=\"noopener\">Corpo de Bombeiros Militar realiza formaturas de guarda-vidas para a Opera\u00e7\u00e3o Ver\u00e3o Total<\/a><\/strong><\/li>\n<\/ul>\n<p><strong>Formatura de refor\u00e7os<\/strong><\/p>\n<p>Na semana passada, foi realizada a formatura de 72 novos guarda-vidas civis tempor\u00e1rios. Durante o curso, os profissionais foram capacitados para o atendimento pr\u00e9-hospitalar em ambiente aqu\u00e1tico, procedimentos operacionais, t\u00e9cnicas de salvamento e resgate aqu\u00e1tico, graus de afogamento, condicionamento f\u00edsico espec\u00edfico, nata\u00e7\u00e3o utilit\u00e1ria e preven\u00e7\u00e3o ao afogamento.<\/p>\n<p>Al\u00e9m deles, outros 216 guarda-vidas civis que j\u00e1 atuaram em temporadas anteriores foram recertificados. Tamb\u00e9m ser\u00e3o integrados \u00e0 for\u00e7a-tarefa bombeiros militares e policiais militares, os quais receberam treinamento para atuar na fun\u00e7\u00e3o.<\/p>\n<p><strong>Estrat\u00e9gias de preven\u00e7\u00e3o<\/strong><br \/><br \/>As equipes de salvamento estar\u00e3o atentas a locais como \u00e1reas de mar aberto, regi\u00f5es pr\u00f3ximas a desembocaduras, barras e canais. Para isso, houve um planejamento detalhado para ampliar as estrat\u00e9gias de preven\u00e7\u00e3o, sinaliza\u00e7\u00e3o e orienta\u00e7\u00e3o ao p\u00fablico.<\/p>\n<p>A distribui\u00e7\u00e3o do efetivo em cada praia e balne\u00e1rio leva em conta o n\u00famero de banhistas, o fluxo do p\u00fablico, o hist\u00f3rico de ocorr\u00eancias e a densidade demogr\u00e1fica da \u00e1rea, garantindo um emprego mais eficiente e seguro dos recursos dispon\u00edveis.<\/p>\n<ul>\n<li><strong><a href=\"https:\/\/www.estado.rs.gov.br\/governador-eduardo-leite-entrega-mais-de-r-100-milhoes-em-viaturas-para-a-seguranca-publica\" target=\"_blank\" rel=\"noopener\">Governador Eduardo Leite entrega mais de R$ 100 milh\u00f5es em viaturas para a seguran\u00e7a p\u00fablica<\/a><\/strong><\/li>\n<\/ul>\n<p>Na temporada passada, foram registrados 904 salvamentos, sendo 769 no Litoral Norte, 59 no Litoral Sul e 76 em \u00e1guas internas. Para reduzir tais n\u00fameros, os guarda-vidas refor\u00e7am recomenda\u00e7\u00f5es essenciais:<\/p>\n<ul>\n<li>Sempre tome banho em \u00e1reas protegidas por guarda-vidas e siga as orienta\u00e7\u00f5es das bandeiras de sinaliza\u00e7\u00e3o<\/li>\n<li>\u2060Mantenha crian\u00e7as sempre ao alcance das m\u00e3os e utilize as pulseiras de identifica\u00e7\u00e3o fornecidas pelos guarda-vidas<\/li>\n<li>Evite entrar no mar sozinho, a companhia reduz o risco em emerg\u00eancias<\/li>\n<li>\u2060Nas praias, balne\u00e1rios e locais de \u00e1guas abrigadas: n\u00e3o utilize boias e colch\u00f5es infl\u00e1veis; eles podem virar facilmente e lev\u00e1-lo para longe da costa<\/li>\n<li>Respeite as mudan\u00e7as do mar: correntes, buracos e varia\u00e7\u00f5es de profundidade s\u00e3o comuns no nosso litoral e perigosas<\/li>\n<li>Jamais mergulhe de cabe\u00e7a em locais desconhecidos ou com pedras, canais e estruturas submersas;<\/li>\n<li>\u2060Em caso de ser puxado por uma corrente, mantenha a calma, nade paralelo \u00e0 praia e s\u00f3 depois retorne \u00e0 areia;<\/li>\n<li>Evite consumir \u00e1lcool antes de banhar-se \u2014 reflexos e percep\u00e7\u00e3o diminuem e aumentam o risco de afogamento<\/li>\n<li>Use protetor solar, hidrate-se e busque sombra nos hor\u00e1rios de calor mais intenso<\/li>\n<li>\u2060Obede\u00e7a \u00e0s orienta\u00e7\u00f5es dos guarda-vidas: eles conhecem o comportamento do mar e atuam para prevenir acidentes<\/li>\n<li>Procure sempre um local protegido por guarda-vidas: se podemos v\u00ea-los, podemos proteg\u00ea-lo<br \/><br \/><\/li>\n<li><a href=\"https:\/\/www.estado.rs.gov.br\/governo-leite-amplia-estrutura-dos-bombeiros-militares-no-combate-a-incendios-com-mais-veiculos-e-equipamentos\" target=\"_blank\" rel=\"noopener\"><strong>Governo Leite amplia estrutura dos Bombeiros Militares no combate a inc\u00eandios com mais ve\u00edculos e equipamentos<\/strong><\/a><\/li>\n<\/ul>\n<hr \/>\n<h6><strong>GOV RS | Texto: Let\u00edcia Jardim\/Ascom SSP-RS | Edi\u00e7\u00e3o: Secom | Foto: Ascom SSP-RS<\/strong><\/h6>\n\n\n<center><iframe loading=\"lazy\" class=\"jmvplayer\" src=\"https:\/\/player.jmvstream.com\/lvw\/YYGWo5wfZuZ8fEW7Qoq1ISwhLSEDhU\" allowfullscreen allow=\"autoplay; fullscreen\" frameborder=\"0\" width=\"640\" height=\"360\" ><\/iframe><\/center>\n<\/div><\/div>","protected":false},"excerpt":{"rendered":"<p>Atividade come\u00e7a com refor\u00e7o de motos aqu\u00e1ticas e quadriciclos, permitindo mobilidade e cobertura preventiva mais eficientes A partir desta segunda-feira (1\u00ba\/12), veranistas e turistas no Rio Grande do Sul contar\u00e3o com a prote\u00e7\u00e3o de guarda-vidas, no Litoral Norte e Sul, al\u00e9m dos balne\u00e1rios de \u00e1gua doce do Estado. Institu\u00edda por decreto do governador Eduardo Leite, [&hellip;]<\/p>\n","protected":false},"author":4,"featured_media":80580,"comment_status":"open","ping_status":"open","sticky":false,"template":"","format":"standard","meta":{"footnotes":""},"categories":[1],"tags":[],"class_list":["post-80579","post","type-post","status-publish","format-standard","has-post-thumbnail","hentry","category-sem-categoria"],"_links":{"self":[{"href":"http:\/\/sol.fm.br\/radio\/wp-json\/wp\/v2\/posts\/80579","targetHints":{"allow":["GET"]}}],"collection":[{"href":"http:\/\/sol.fm.br\/radio\/wp-json\/wp\/v2\/posts"}],"about":[{"href":"http:\/\/sol.fm.br\/radio\/wp-json\/wp\/v2\/types\/post"}],"author":[{"embeddable":true,"href":"http:\/\/sol.fm.br\/radio\/wp-json\/wp\/v2\/users\/4"}],"replies":[{"embeddable":true,"href":"http:\/\/sol.fm.br\/radio\/wp-json\/wp\/v2\/comments?post=80579"}],"version-history":[{"count":1,"href":"http:\/\/sol.fm.br\/radio\/wp-json\/wp\/v2\/posts\/80579\/revisions"}],"predecessor-version":[{"id":80581,"href":"http:\/\/sol.fm.br\/radio\/wp-json\/wp\/v2\/posts\/80579\/revisions\/80581"}],"wp:featuredmedia":[{"embeddable":true,"href":"http:\/\/sol.fm.br\/radio\/wp-json\/wp\/v2\/media\/80580"}],"wp:attachment":[{"href":"http:\/\/sol.fm.br\/radio\/wp-json\/wp\/v2\/media?parent=80579"}],"wp:term":[{"taxonomy":"category","embeddable":true,"href":"http:\/\/sol.fm.br\/radio\/wp-json\/wp\/v2\/categories?post=80579"},{"taxonomy":"post_tag","embeddable":true,"href":"http:\/\/sol.fm.br\/radio\/wp-json\/wp\/v2\/tags?post=80579"}],"curies":[{"name":"wp","href":"https:\/\/api.w.org\/{rel}","templated":true}]}}