{"id":80582,"date":"2025-12-01T11:12:01","date_gmt":"2025-12-01T14:12:01","guid":{"rendered":"http:\/\/sol.fm.br\/radio\/?p=80582"},"modified":"2025-12-01T11:12:05","modified_gmt":"2025-12-01T14:12:05","slug":"consevitis-rs-grava-nova-temporada-do-podcast-vai-de-vinho-brasileiro","status":"publish","type":"post","link":"http:\/\/sol.fm.br\/radio\/consevitis-rs-grava-nova-temporada-do-podcast-vai-de-vinho-brasileiro\/","title":{"rendered":"Consevitis-RS grava nova temporada do podcast Vai de Vinho Brasileiro"},"content":{"rendered":"<div id=\"dslc-theme-content\"><div id=\"dslc-theme-content-inner\"><p style=\"text-align: center;\"><i data-olk-copy-source=\"MessageBody\">Com 10 novos epis\u00f3dios, programas retornam em dezembro e refor\u00e7am produ\u00e7\u00e3o de conte\u00fados do setor vitivin\u00edcola nacional<\/i><\/p>\n<div><center>\n<p><img loading=\"lazy\" decoding=\"async\" class=\"alignnone size-medium wp-image-80584\" src=\"http:\/\/sol.fm.br\/radio\/wp-content\/uploads\/2025\/12\/51-400x300.jpg\" alt=\"\" width=\"400\" height=\"300\" srcset=\"http:\/\/sol.fm.br\/radio\/wp-content\/uploads\/2025\/12\/51-400x300.jpg 400w, http:\/\/sol.fm.br\/radio\/wp-content\/uploads\/2025\/12\/51-768x576.jpg 768w, http:\/\/sol.fm.br\/radio\/wp-content\/uploads\/2025\/12\/51.jpg 1280w\" sizes=\"auto, (max-width: 400px) 100vw, 400px\" \/><\/p>\n<p style=\"text-align: left;\">O Instituto de Gest\u00e3o, Planejamento e Desenvolvimento da Vitivinicultura do Estado do Rio Grande do Sul (Consevitis-RS) concluiu nesta sexta-feira (28) as grava\u00e7\u00f5es da segunda temporada do podcast Vai de Vinho Brasileiro, projeto voltado ao p\u00fablico experiente e a profissionais da vitivinicultura. Ser\u00e3o 10 novos epis\u00f3dios, com estreia marcada para 10 de dezembro e publica\u00e7\u00f5es quinzenais, sempre \u00e0s quartas-feiras. Assim como na primeira temporada, as grava\u00e7\u00f5es foram realizadas na Sala do Vinho Brasileiro, em Bento Gon\u00e7alves, na Serra Ga\u00facha.<\/p>\n<p style=\"text-align: left;\">A nova temporada reunir\u00e1 especialistas de diferentes \u00e1reas, alguns selecionados por meio de edital, outros convidados, novamente sob a condu\u00e7\u00e3o do host Daniel Perches. O conte\u00fado mant\u00e9m o foco em temas estrat\u00e9gicos para o setor, refor\u00e7ando o podcast como uma das a\u00e7\u00f5es do planejamento de comunica\u00e7\u00e3o do Consevitis-RS. A iniciativa \u00e9 realizada pelo instituto, em parceria com a Seapi, e conta com apoio do Sicredi.<\/p>\n<p style=\"text-align: left;\">Sucesso na primeira temporada, o tradicional quadro de perguntas e respostas r\u00e1pidas ao fim de cada epis\u00f3dio segue na segunda temporada do Vai de Vinho Brasileiro. O que ser\u00e1 que os convidados pensam sobre o \u201cpol\u00eamico\u201d h\u00e1bito de colocar gelo no vinho?<\/p>\n<p style=\"text-align: left;\">Os epis\u00f3dios ser\u00e3o disponibilizados em \u00e1udio e v\u00eddeo nos canais do Vinho Brasileiro no YouTube e Spotify. Cortes, novidades e informa\u00e7\u00f5es complementares ser\u00e3o divulgados no Instagram do Consevitis-RS.<\/p>\n<p style=\"text-align: left;\"><img loading=\"lazy\" decoding=\"async\" class=\"alignnone size-medium wp-image-80585 aligncenter\" src=\"http:\/\/sol.fm.br\/radio\/wp-content\/uploads\/2025\/12\/52-400x300.jpg\" alt=\"\" width=\"400\" height=\"300\" srcset=\"http:\/\/sol.fm.br\/radio\/wp-content\/uploads\/2025\/12\/52-400x300.jpg 400w, http:\/\/sol.fm.br\/radio\/wp-content\/uploads\/2025\/12\/52-768x576.jpg 768w, http:\/\/sol.fm.br\/radio\/wp-content\/uploads\/2025\/12\/52.jpg 1280w\" sizes=\"auto, (max-width: 400px) 100vw, 400px\" \/><\/p>\n<p style=\"text-align: left;\"><strong data-olk-copy-source=\"MessageBody\">Para maratonar enquanto a 2\u00aa temporada n\u00e3o chega<\/strong><\/p>\n<p style=\"text-align: left;\">A primeira temporada do\u00a0Vai de Vinho Brasileiro\u00a0est\u00e1 completa, com 10 epis\u00f3dios que abordam hist\u00f3ria, terroir, inova\u00e7\u00e3o, sustentabilidade, cultura, turismo e tend\u00eancias da vitivinicultura nacional. Com linguagem leve e informativa, o podcast se consolidou como um espa\u00e7o de conte\u00fado qualificado e valoriza\u00e7\u00e3o do vinho brasileiro, atraindo tanto consumidores experientes quanto iniciantes.<\/p>\n<p style=\"text-align: left;\">Os programas contam com entrevistas e an\u00e1lises de especialistas, apresentando temas como origens e evolu\u00e7\u00e3o da produ\u00e7\u00e3o nacional, caracter\u00edsticas do terroir brasileiro, potencial das variedades de uvas, pr\u00e1ticas sustent\u00e1veis, rela\u00e7\u00e3o entre vinho e gastronomia, rotas de enoturismo, inova\u00e7\u00e3o e tecnologia, protagonismo das mulheres no setor e perspectivas para o futuro da vitivinicultura.<\/p>\n<p style=\"text-align: left;\" aria-hidden=\"true\">\u00a0<\/p>\n<p style=\"text-align: left;\"><strong>Veja todos os epis\u00f3dios da primeira temporada no canal do Vinho Brasileiro no YouTube:<\/strong><\/p>\n<p style=\"text-align: left;\">::\u00a0<a title=\"https:\/\/www.youtube.com\/watch?v=v7fmNKE5PoY&amp;list=PL76Jv2ZSBSjn48JTl0_b6d1h0FNwc5b05&amp;index=11&amp;pp=iAQB\" href=\"https:\/\/www.youtube.com\/watch?v=v7fmNKE5PoY&amp;list=PL76Jv2ZSBSjn48JTl0_b6d1h0FNwc5b05&amp;index=11&amp;pp=iAQB\" target=\"_blank\" rel=\"noreferrer noopener\" shape=\"rect\" data-auth=\"NotApplicable\" data-linkindex=\"0\">Ep. 1: O que \u00e9 o Consevitis-RS?<\/a><\/p>\n<p style=\"text-align: left;\">::\u00a0<a title=\"https:\/\/www.youtube.com\/watch?v=T_1Oe6HhvNI&amp;list=PL76Jv2ZSBSjn48JTl0_b6d1h0FNwc5b05&amp;index=10&amp;pp=iAQB\" href=\"https:\/\/www.youtube.com\/watch?v=T_1Oe6HhvNI&amp;list=PL76Jv2ZSBSjn48JTl0_b6d1h0FNwc5b05&amp;index=10&amp;pp=iAQB\" target=\"_blank\" rel=\"noreferrer noopener\" shape=\"rect\" data-auth=\"NotApplicable\" data-linkindex=\"1\">Ep. 2: Hist\u00f3ria do Vinho Brasileiro<\/a><\/p>\n<p style=\"text-align: left;\">::\u00a0<a title=\"https:\/\/www.youtube.com\/watch?v=c0wIJfuRfXs&amp;list=PL76Jv2ZSBSjn48JTl0_b6d1h0FNwc5b05&amp;index=9&amp;pp=iAQB\" href=\"https:\/\/www.youtube.com\/watch?v=c0wIJfuRfXs&amp;list=PL76Jv2ZSBSjn48JTl0_b6d1h0FNwc5b05&amp;index=9&amp;pp=iAQB\" target=\"_blank\" rel=\"noreferrer noopener\" shape=\"rect\" data-auth=\"NotApplicable\" data-linkindex=\"2\">Ep. 3: Terroir Brasileiro: O que nos torna \u00fanicos?<\/a><\/p>\n<p style=\"text-align: left;\">::\u00a0<a title=\"https:\/\/www.youtube.com\/watch?v=hkofxiDqstk&amp;list=PL76Jv2ZSBSjn48JTl0_b6d1h0FNwc5b05&amp;index=8&amp;pp=iAQB0gcJCX4JAYcqIYzv\" href=\"https:\/\/www.youtube.com\/watch?v=hkofxiDqstk&amp;list=PL76Jv2ZSBSjn48JTl0_b6d1h0FNwc5b05&amp;index=8&amp;pp=iAQB0gcJCX4JAYcqIYzv\" target=\"_blank\" rel=\"noreferrer noopener\" shape=\"rect\" data-auth=\"NotApplicable\" data-linkindex=\"3\">Ep. 4: Uvas Brasileiras: Variedades e Potencial<\/a><\/p>\n<p style=\"text-align: left;\">::\u00a0<a title=\"https:\/\/www.youtube.com\/watch?v=al8DAYKci6c&amp;list=PL76Jv2ZSBSjn48JTl0_b6d1h0FNwc5b05&amp;index=7&amp;pp=iAQB\" href=\"https:\/\/www.youtube.com\/watch?v=al8DAYKci6c&amp;list=PL76Jv2ZSBSjn48JTl0_b6d1h0FNwc5b05&amp;index=7&amp;pp=iAQB\" target=\"_blank\" rel=\"noreferrer noopener\" shape=\"rect\" data-auth=\"NotApplicable\" data-linkindex=\"4\">Ep. 5: Sustentabilidade na Vitivinicultura<\/a><\/p>\n<p style=\"text-align: left;\">::\u00a0<a title=\"https:\/\/www.youtube.com\/watch?v=O4RK6M58iIY&amp;list=PL76Jv2ZSBSjn48JTl0_b6d1h0FNwc5b05&amp;index=6&amp;pp=iAQB\" href=\"https:\/\/www.youtube.com\/watch?v=O4RK6M58iIY&amp;list=PL76Jv2ZSBSjn48JTl0_b6d1h0FNwc5b05&amp;index=6&amp;pp=iAQB\" target=\"_blank\" rel=\"noreferrer noopener\" shape=\"rect\" data-auth=\"NotApplicable\" data-linkindex=\"5\">Ep. 6: Vinho e Cultura: O Papel do Vinho na Gastronomia Brasileira<\/a><\/p>\n<p style=\"text-align: left;\">::\u00a0<a title=\"https:\/\/www.youtube.com\/watch?v=pLu4SSbsTw4&amp;list=PL76Jv2ZSBSjn48JTl0_b6d1h0FNwc5b05&amp;index=5&amp;pp=iAQB\" href=\"https:\/\/www.youtube.com\/watch?v=pLu4SSbsTw4&amp;list=PL76Jv2ZSBSjn48JTl0_b6d1h0FNwc5b05&amp;index=5&amp;pp=iAQB\" target=\"_blank\" rel=\"noreferrer noopener\" shape=\"rect\" data-auth=\"NotApplicable\" data-linkindex=\"6\">Ep. 7: Turismo Enol\u00f3gico: Rotas do Vinho (Parte 1)<\/a><\/p>\n<p style=\"text-align: left;\">::\u00a0<a title=\"https:\/\/www.youtube.com\/watch?v=ciDY68dtMNg&amp;list=PL76Jv2ZSBSjn48JTl0_b6d1h0FNwc5b05&amp;index=4&amp;pp=iAQB\" href=\"https:\/\/www.youtube.com\/watch?v=ciDY68dtMNg&amp;list=PL76Jv2ZSBSjn48JTl0_b6d1h0FNwc5b05&amp;index=4&amp;pp=iAQB\" target=\"_blank\" rel=\"noreferrer noopener\" shape=\"rect\" data-auth=\"NotApplicable\" data-linkindex=\"7\">Ep. 7: Turismo Enol\u00f3gico: Rotas do Vinho (Parte 2)<\/a><\/p>\n<p style=\"text-align: left;\">::\u00a0<a title=\"https:\/\/www.youtube.com\/watch?v=n1Htxm1hVPw&amp;list=PL76Jv2ZSBSjn48JTl0_b6d1h0FNwc5b05&amp;index=3&amp;pp=iAQB\" href=\"https:\/\/www.youtube.com\/watch?v=n1Htxm1hVPw&amp;list=PL76Jv2ZSBSjn48JTl0_b6d1h0FNwc5b05&amp;index=3&amp;pp=iAQB\" target=\"_blank\" rel=\"noreferrer noopener\" shape=\"rect\" data-auth=\"NotApplicable\" data-linkindex=\"8\">Ep. 8: Inova\u00e7\u00e3o e Tecnologia na Produ\u00e7\u00e3o de Vinhos<\/a><\/p>\n<p style=\"text-align: left;\">::\u00a0<a title=\"https:\/\/www.youtube.com\/watch?v=ExGkSMNmDHk&amp;list=PL76Jv2ZSBSjn48JTl0_b6d1h0FNwc5b05&amp;index=2&amp;pp=iAQB\" href=\"https:\/\/www.youtube.com\/watch?v=ExGkSMNmDHk&amp;list=PL76Jv2ZSBSjn48JTl0_b6d1h0FNwc5b05&amp;index=2&amp;pp=iAQB\" target=\"_blank\" rel=\"noreferrer noopener\" shape=\"rect\" data-auth=\"NotApplicable\" data-linkindex=\"9\">Ep. 9: As Mulheres no Mundo do Vinho<\/a><\/p>\n<p style=\"text-align: left;\">::\u00a0<a title=\"https:\/\/www.youtube.com\/watch?v=vC-2xXgOQUw&amp;list=PL76Jv2ZSBSjn48JTl0_b6d1h0FNwc5b05&amp;index=1&amp;pp=iAQB\" href=\"https:\/\/www.youtube.com\/watch?v=vC-2xXgOQUw&amp;list=PL76Jv2ZSBSjn48JTl0_b6d1h0FNwc5b05&amp;index=1&amp;pp=iAQB\" target=\"_blank\" rel=\"noreferrer noopener\" shape=\"rect\" data-auth=\"NotApplicable\" data-linkindex=\"10\">Ep. 10: O Futuro do Vinho Brasileiro<\/a><\/p>\n<p style=\"text-align: left;\" aria-hidden=\"true\">\u00a0<\/p>\n<p style=\"text-align: left;\"><strong>Sobre o Consevitis-RS<\/strong><\/p>\n<p style=\"text-align: left;\">O Instituto de Gest\u00e3o, Planejamento e Desenvolvimento da Vitivinicultura do Estado do Rio Grande do Sul (Consevitis-RS) atua no apoio, difus\u00e3o e financiamento de demandas relacionadas \u00e0 produ\u00e7\u00e3o de uvas, vinhos, sucos de uva e demais produtos derivados no \u00e2mbito agr\u00edcola, produtivo, t\u00e9cnico, promocional, cultural, ambiental, jur\u00eddico e institucional. O instituto tamb\u00e9m est\u00e1 envolvido em programas de ensino, pesquisa, extens\u00e3o e inova\u00e7\u00e3o, visando ao constante desenvolvimento e aprimoramento do setor vitivin\u00edcola.<\/p>\n<hr \/>\n<h6 style=\"text-align: left;\"><strong>Sublinha! Comunica\u00e7\u00e3o | Assessoria de Imprensa - Consevitis-RS | Fotos: Consevitis-RS, divulga\u00e7\u00e3o<\/strong><\/h6>\n<\/center><\/div>\n\n\n<center><iframe loading=\"lazy\" class=\"jmvplayer\" src=\"https:\/\/player.jmvstream.com\/lvw\/YYGWo5wfZuZ8fEW7Qoq1ISwhLSEDhU\" allowfullscreen allow=\"autoplay; fullscreen\" frameborder=\"0\" width=\"640\" height=\"360\" ><\/iframe><\/center>\n<\/div><\/div>","protected":false},"excerpt":{"rendered":"<p>Com 10 novos epis\u00f3dios, programas retornam em dezembro e refor\u00e7am produ\u00e7\u00e3o de conte\u00fados do setor vitivin\u00edcola nacional O Instituto de Gest\u00e3o, Planejamento e Desenvolvimento da Vitivinicultura do Estado do Rio Grande do Sul (Consevitis-RS) concluiu nesta sexta-feira (28) as grava\u00e7\u00f5es da segunda temporada do podcast Vai de Vinho Brasileiro, projeto voltado ao p\u00fablico experiente e [&hellip;]<\/p>\n","protected":false},"author":4,"featured_media":80583,"comment_status":"open","ping_status":"open","sticky":false,"template":"","format":"standard","meta":{"footnotes":""},"categories":[1],"tags":[],"class_list":["post-80582","post","type-post","status-publish","format-standard","has-post-thumbnail","hentry","category-sem-categoria"],"_links":{"self":[{"href":"http:\/\/sol.fm.br\/radio\/wp-json\/wp\/v2\/posts\/80582","targetHints":{"allow":["GET"]}}],"collection":[{"href":"http:\/\/sol.fm.br\/radio\/wp-json\/wp\/v2\/posts"}],"about":[{"href":"http:\/\/sol.fm.br\/radio\/wp-json\/wp\/v2\/types\/post"}],"author":[{"embeddable":true,"href":"http:\/\/sol.fm.br\/radio\/wp-json\/wp\/v2\/users\/4"}],"replies":[{"embeddable":true,"href":"http:\/\/sol.fm.br\/radio\/wp-json\/wp\/v2\/comments?post=80582"}],"version-history":[{"count":1,"href":"http:\/\/sol.fm.br\/radio\/wp-json\/wp\/v2\/posts\/80582\/revisions"}],"predecessor-version":[{"id":80586,"href":"http:\/\/sol.fm.br\/radio\/wp-json\/wp\/v2\/posts\/80582\/revisions\/80586"}],"wp:featuredmedia":[{"embeddable":true,"href":"http:\/\/sol.fm.br\/radio\/wp-json\/wp\/v2\/media\/80583"}],"wp:attachment":[{"href":"http:\/\/sol.fm.br\/radio\/wp-json\/wp\/v2\/media?parent=80582"}],"wp:term":[{"taxonomy":"category","embeddable":true,"href":"http:\/\/sol.fm.br\/radio\/wp-json\/wp\/v2\/categories?post=80582"},{"taxonomy":"post_tag","embeddable":true,"href":"http:\/\/sol.fm.br\/radio\/wp-json\/wp\/v2\/tags?post=80582"}],"curies":[{"name":"wp","href":"https:\/\/api.w.org\/{rel}","templated":true}]}}