{"id":80588,"date":"2025-12-01T11:29:34","date_gmt":"2025-12-01T14:29:34","guid":{"rendered":"http:\/\/sol.fm.br\/radio\/?p=80588"},"modified":"2025-12-01T11:29:37","modified_gmt":"2025-12-01T14:29:37","slug":"pediatras-fazem-ato-de-mobilizacao-em-porto-alegre-em-defesa-da-presenca-do-especialista-na-atencao-primaria","status":"publish","type":"post","link":"http:\/\/sol.fm.br\/radio\/pediatras-fazem-ato-de-mobilizacao-em-porto-alegre-em-defesa-da-presenca-do-especialista-na-atencao-primaria\/","title":{"rendered":"Pediatras fazem ato de mobiliza\u00e7\u00e3o em Porto Alegre em defesa da presen\u00e7a do especialista na Aten\u00e7\u00e3o Prim\u00e1ria"},"content":{"rendered":"<div id=\"dslc-theme-content\"><div id=\"dslc-theme-content-inner\"><p style=\"text-align: center;\"><i data-olk-copy-source=\"MessageBody\">Ato organizado pela Sociedade de Pediatria do RS chamou a aten\u00e7\u00e3o para a urg\u00eancia de garantir cuidado qualificado para crian\u00e7as e adolescentes<\/i><\/p>\n<div>\n<p>O papel fundamental do pediatra no cuidado \u00e0s crian\u00e7as dentro do Sistema \u00danico de Sa\u00fade (SUS) ganhou destaque na manh\u00e3 deste domingo (30\/11) durante a a\u00e7\u00e3o \u201cPediatra na Aten\u00e7\u00e3o Prim\u00e1ria: cuidado desde o primeiro contato\u201d. A mobiliza\u00e7\u00e3o come\u00e7ou por volta das 10h, reunindo pediatras, fam\u00edlias, estudantes e representantes de entidades m\u00e9dicas em defesa de um atendimento qualificado desde os primeiros anos de vida.<\/p>\n<p>Idealizada pela Sociedade Brasileira de Pediatria (SBP) e desenvolvida no Rio Grande do Sul pela Sociedade de Pediatria do Rio Grande do Sul (SPRS), a iniciativa alertou para o impacto da aus\u00eancia do pediatra nas equipes de Aten\u00e7\u00e3o Prim\u00e1ria \u2014 situa\u00e7\u00e3o que compromete etapas essenciais do crescimento e do desenvolvimento, dificulta o diagn\u00f3stico precoce e contribui para a superlota\u00e7\u00e3o dos servi\u00e7os de urg\u00eancia e emerg\u00eancia. O presidente da entidade, Jos\u00e9 Paulo Vasconcellos Ferreira, destacou que a falta do especialista no primeiro n\u00edvel de aten\u00e7\u00e3o deixa milhares de crian\u00e7as sem avalia\u00e7\u00e3o adequada em uma etapa decisiva da vida.<\/p>\n<p><em>\u201cEstamos aqui trabalhando pela inclus\u00e3o dos pediatras na Aten\u00e7\u00e3o B\u00e1sica \u00e0 Sa\u00fade. Hoje sabemos que, nos postos, muitas crian\u00e7as j\u00e1 n\u00e3o s\u00e3o atendidas por pediatras e, em alguns casos, nem por profissionais m\u00e9dicos. A pessoa que mais conhece a crian\u00e7a, que entende seu desenvolvimento e suas necessidades, \u00e9 o pediatra<\/em>\u201d, afirmou.<\/p>\n<p style=\"text-align: center;\"><img loading=\"lazy\" decoding=\"async\" class=\"alignnone size-medium wp-image-80590\" src=\"http:\/\/sol.fm.br\/radio\/wp-content\/uploads\/2025\/12\/61-400x300.jpg\" alt=\"\" width=\"400\" height=\"300\" srcset=\"http:\/\/sol.fm.br\/radio\/wp-content\/uploads\/2025\/12\/61-400x300.jpg 400w, http:\/\/sol.fm.br\/radio\/wp-content\/uploads\/2025\/12\/61-768x576.jpg 768w, http:\/\/sol.fm.br\/radio\/wp-content\/uploads\/2025\/12\/61-1536x1152.jpg 1536w, http:\/\/sol.fm.br\/radio\/wp-content\/uploads\/2025\/12\/61-2048x1536.jpg 2048w\" sizes=\"auto, (max-width: 400px) 100vw, 400px\" \/> <img loading=\"lazy\" decoding=\"async\" class=\"alignnone size-medium wp-image-80591\" src=\"http:\/\/sol.fm.br\/radio\/wp-content\/uploads\/2025\/12\/62-400x300.jpg\" alt=\"\" width=\"400\" height=\"300\" srcset=\"http:\/\/sol.fm.br\/radio\/wp-content\/uploads\/2025\/12\/62-400x300.jpg 400w, http:\/\/sol.fm.br\/radio\/wp-content\/uploads\/2025\/12\/62-768x576.jpg 768w, http:\/\/sol.fm.br\/radio\/wp-content\/uploads\/2025\/12\/62-1536x1152.jpg 1536w, http:\/\/sol.fm.br\/radio\/wp-content\/uploads\/2025\/12\/62-2048x1536.jpg 2048w\" sizes=\"auto, (max-width: 400px) 100vw, 400px\" \/><\/p>\n<p>O 1\u00ba vice-presidente, Marcelo Pavese Porto, ressaltou que o acompanhamento especializado desde os primeiros anos \u00e9 determinante para um crescimento saud\u00e1vel.<\/p>\n<p><em>\u201cQuero destacar um ponto fundamental: a vigil\u00e2ncia do crescimento e do desenvolvimento infantil s\u00f3 pode ser realizada de forma adequada pelo pediatra. Para que a crian\u00e7a tenha um desenvolvimento saud\u00e1vel, \u00e9 necess\u00e1rio acompanhamento cont\u00ednuo e capacidade de identificar precocemente poss\u00edveis desvios. Ningu\u00e9m faz isso melhor do que o pediatra. Se desejamos construir uma sociedade mais saud\u00e1vel, tudo come\u00e7a na inf\u00e2ncia \u2014 e quem conduz esse processo \u00e9 o pediatra<\/em>\u201d, disse.<\/p>\n<p>A a\u00e7\u00e3o contou ainda com apoio institucional da Associa\u00e7\u00e3o M\u00e9dica do Rio Grande do Sul (AMRIGS).<\/p>\n<p><em>\u201cEsta campanha \u00e9 extremamente importante para a sa\u00fade das crian\u00e7as e para a resolutividade do cuidado nessa faixa et\u00e1ria. Precisamos garantir a presen\u00e7a do pediatra nos postos de sa\u00fade, e a AMRIGS est\u00e1 ao lado da Sociedade de Pediatria do Rio Grande do Sul nessa demanda t\u00e3o essencial<\/em>\u201d, destacou o presidente da AMRIGS, Dr. Gerson Junqueira Jr.<\/p>\n<p>O ato tamb\u00e9m teve a presen\u00e7a do deputado estadual Dr. Thiago Duarte, que refor\u00e7ou a inten\u00e7\u00e3o de trabalhar, no legislativo estadual, uma proposta que garanta a inclus\u00e3o do pediatra nas unidades b\u00e1sicas dos munic\u00edpios ga\u00fachos.<\/p>\n<p><em>\u201cA presen\u00e7a do pediatra nos postos de sa\u00fade \u00e9 fundamental para reduzir a mortalidade materna e infantil. Precisamos construir uma legisla\u00e7\u00e3o estadual que estabele\u00e7a, de forma obrigat\u00f3ria, a presen\u00e7a desse profissional, come\u00e7ando pelos munic\u00edpios maiores. Estou plenamente disposto a trabalhar junto com voc\u00eas para aprimorar a sa\u00fade das crian\u00e7as no nosso estado. O pediatra \u00e9 o cl\u00ednico da crian\u00e7a<\/em>\u201d, salientou.<\/p>\n<p>A iniciativa integra um movimento nacional idealizado pela Sociedade Brasileira de Pediatria (SBP), que promoveu mobiliza\u00e7\u00f5es simult\u00e2neas em todos os estados brasileiros para reafirmar que o cuidado infantil come\u00e7a na Aten\u00e7\u00e3o Prim\u00e1ria \u2014 e come\u00e7a com o pediatra.<\/p>\n<p aria-hidden=\"true\">\u00a0<\/p>\n<\/div>\n<div><strong>Sobre a Sociedade de Pediatria do RS<\/strong><br \/><br \/>A Sociedade de Pediatria do Rio Grande do Sul foi fundada em 25 de junho de 1936 com o nome de Sociedade de Pediatria e Puericultura do Rio Grande do Sul pelo Prof. Raul Moreira e um grupo de m\u00e9dicos precursores da forma\u00e7\u00e3o pedi\u00e1trica no Estado. A entidade cresceu e se desenvolveu com o esp\u00edrito de seus idealizadores, que, preocupados com os avan\u00e7os da \u00e1rea m\u00e9dica e da pr\u00f3pria especialidade, uniram esfor\u00e7os na constru\u00e7\u00e3o de uma entidade que congregasse os colegas que a cada ano se multiplicavam no atendimento espec\u00edfico da popula\u00e7\u00e3o infantil. Atualmente conta com cerca de 1.750 s\u00f3cios, e se constitui em orgulho para a classe m\u00e9dica brasileira e, em especial, para a fam\u00edlia pedi\u00e1trica.<\/div>\n<hr \/>\n<h6><strong>PlayPress | SPRS - Sociedade de Pediatria do Rio Grande do Sul | Reda\u00e7\u00e3o e fotos: Marcelo Matusiak<\/strong><\/h6>\n\n\n<center><iframe loading=\"lazy\" class=\"jmvplayer\" src=\"https:\/\/player.jmvstream.com\/lvw\/YYGWo5wfZuZ8fEW7Qoq1ISwhLSEDhU\" allowfullscreen allow=\"autoplay; fullscreen\" frameborder=\"0\" width=\"640\" height=\"360\" ><\/iframe><\/center>\n<\/div><\/div>","protected":false},"excerpt":{"rendered":"<p>Ato organizado pela Sociedade de Pediatria do RS chamou a aten\u00e7\u00e3o para a urg\u00eancia de garantir cuidado qualificado para crian\u00e7as e adolescentes O papel fundamental do pediatra no cuidado \u00e0s crian\u00e7as dentro do Sistema \u00danico de Sa\u00fade (SUS) ganhou destaque na manh\u00e3 deste domingo (30\/11) durante a a\u00e7\u00e3o \u201cPediatra na Aten\u00e7\u00e3o Prim\u00e1ria: cuidado desde o [&hellip;]<\/p>\n","protected":false},"author":4,"featured_media":80589,"comment_status":"open","ping_status":"open","sticky":false,"template":"","format":"standard","meta":{"footnotes":""},"categories":[1],"tags":[],"class_list":["post-80588","post","type-post","status-publish","format-standard","has-post-thumbnail","hentry","category-sem-categoria"],"_links":{"self":[{"href":"http:\/\/sol.fm.br\/radio\/wp-json\/wp\/v2\/posts\/80588","targetHints":{"allow":["GET"]}}],"collection":[{"href":"http:\/\/sol.fm.br\/radio\/wp-json\/wp\/v2\/posts"}],"about":[{"href":"http:\/\/sol.fm.br\/radio\/wp-json\/wp\/v2\/types\/post"}],"author":[{"embeddable":true,"href":"http:\/\/sol.fm.br\/radio\/wp-json\/wp\/v2\/users\/4"}],"replies":[{"embeddable":true,"href":"http:\/\/sol.fm.br\/radio\/wp-json\/wp\/v2\/comments?post=80588"}],"version-history":[{"count":1,"href":"http:\/\/sol.fm.br\/radio\/wp-json\/wp\/v2\/posts\/80588\/revisions"}],"predecessor-version":[{"id":80592,"href":"http:\/\/sol.fm.br\/radio\/wp-json\/wp\/v2\/posts\/80588\/revisions\/80592"}],"wp:featuredmedia":[{"embeddable":true,"href":"http:\/\/sol.fm.br\/radio\/wp-json\/wp\/v2\/media\/80589"}],"wp:attachment":[{"href":"http:\/\/sol.fm.br\/radio\/wp-json\/wp\/v2\/media?parent=80588"}],"wp:term":[{"taxonomy":"category","embeddable":true,"href":"http:\/\/sol.fm.br\/radio\/wp-json\/wp\/v2\/categories?post=80588"},{"taxonomy":"post_tag","embeddable":true,"href":"http:\/\/sol.fm.br\/radio\/wp-json\/wp\/v2\/tags?post=80588"}],"curies":[{"name":"wp","href":"https:\/\/api.w.org\/{rel}","templated":true}]}}