{"id":80601,"date":"2025-12-01T14:29:49","date_gmt":"2025-12-01T17:29:49","guid":{"rendered":"http:\/\/sol.fm.br\/radio\/?p=80601"},"modified":"2025-12-01T14:29:51","modified_gmt":"2025-12-01T17:29:51","slug":"rotina-de-prevencao-e-a-chave-para-combater-a-dengue-no-sul","status":"publish","type":"post","link":"http:\/\/sol.fm.br\/radio\/rotina-de-prevencao-e-a-chave-para-combater-a-dengue-no-sul\/","title":{"rendered":"Rotina de preven\u00e7\u00e3o \u00e9 a chave para combater a dengue no Sul"},"content":{"rendered":"<div id=\"dslc-theme-content\"><div id=\"dslc-theme-content-inner\"><p class=\"x_yiv5051318563ydp680843ffyiv8877783603MsoNormal\" align=\"center\"><i><span data-olk-copy-source=\"MessageBody\">Especialista refor\u00e7a que a conscientiza\u00e7\u00e3o e a vigil\u00e2ncia constante s\u00e3o fundamentais<\/span><\/i><\/p>\n<p class=\"x_yiv5051318563ydp680843ffyiv8877783603MsoNormal\">\u00a0<\/p>\n<p class=\"x_yiv5051318563ydp680843ffyiv8877783603MsoNormal\">Mesmo com redu\u00e7\u00f5es expressivas nos casos de dengue na regi\u00e3o Sul do Brasil, a vigil\u00e2ncia constante \u00e9 essencial, pois a arbovirose continua sendo uma amea\u00e7a latente, especialmente em per\u00edodos de calor e chuva. Desta maneira, a mobiliza\u00e7\u00e3o de a\u00e7\u00f5es de combate ao mosquito\u00a0<i>Aedes aegypti<\/i>, transmissor da doen\u00e7a, passa a ser fundamental, buscando reduzir os casos e garantir \u00edndices de mortalidade cada vez mais baixos.<\/p>\n<p class=\"x_yiv5051318563ydp680843ffyiv8877783603MsoNormal\">Embora a temperatura da regi\u00e3o Sul seja historicamente mais amena do que a do Norte do pa\u00eds, o ac\u00famulo de \u00e1gua decorrente das fortes chuvas e enchentes, como as registradas recentemente no Rio Grande do Sul em 2024 e no Paran\u00e1 agora em 2025, criou condi\u00e7\u00f5es favor\u00e1veis para a prolifera\u00e7\u00e3o do\u00a0<i>Aedes aegypti<\/i>. \u201c<em>A combina\u00e7\u00e3o de clima moderado com \u00e1gua parada facilitou a multiplica\u00e7\u00e3o do mosquito em uma \u00e1rea antes considerada menos vulner\u00e1vel devido \u00e0s temperaturas mais baixas<\/em>\u201d, explica o infectologista da Hapvida, Rafael Mialski.<\/p>\n<p class=\"x_yiv5051318563ydp680843ffyiv8877783603MsoNormal\">\u00a0<\/p>\n<p class=\"x_yiv5051318563ydp680843ffyiv8877783603MsoNormal\"><b>Aten\u00e7\u00e3o aos sintomas da dengue<\/b><\/p>\n<p class=\"x_yiv5051318563ydp680843ffyiv8877783603MsoNormal\">Nesse contexto, estar atento aos principais sintomas que diferenciam a dengue de outras viroses comuns tamb\u00e9m \u00e9 uma forma de combate. Segundo o infectologista, apesar de alguns quadros virais apresentarem sintomas como dor de garganta, tosse, espirros e nariz entupido, esses sinais n\u00e3o s\u00e3o caracter\u00edsticos da dengue. <em>\u201cEla causa principalmente uma dor no corpo muito intensa que, por vezes, pode lembrar a gripe influenza, mas sem sintomas respirat\u00f3rios<\/em>\u201d, refor\u00e7a.<\/p>\n<p class=\"x_yiv5051318563ydp680843ffyiv8877783603MsoNormal\">\u201c<em>O que mais se destaca \u00e9 a dor de cabe\u00e7a atr\u00e1s dos olhos, a chamada dor retro-orbit\u00e1ria, um dos sinais mais t\u00edpicos da dengue, al\u00e9m da vermelhid\u00e3o no corpo, que geralmente n\u00e3o aparece nos resfriados comuns, e a febre alta, que \u00e9 menos comum nas viroses mais leves\u201d<\/em>, completa o especialista.<\/p>\n<p class=\"x_yiv5051318563ydp680843ffyiv8877783603MsoNormal\">O paciente deve procurar atendimento assim que surgirem os primeiros sintomas, para receber orienta\u00e7\u00e3o adequada e realizar o diagn\u00f3stico diferencial com outras doen\u00e7as. O infectologista refor\u00e7a que, ap\u00f3s a reclassifica\u00e7\u00e3o das formas graves da dengue, n\u00e3o \u00e9 necess\u00e1rio, nem recomendado, esperar por sangramentos para buscar ajuda, j\u00e1 que esse \u00e9 apenas um dos poss\u00edveis sinais de complica\u00e7\u00e3o. Dor abdominal intensa, v\u00f4mitos persistentes, desmaios e outros sintomas de alerta costumam surgir justamente quando a febre desaparece, criando uma falsa impress\u00e3o de melhora. Por isso, esse \u00e9 um momento cr\u00edtico que exige aten\u00e7\u00e3o. Al\u00e9m disso, sangramentos espont\u00e2neos na gengiva, urina ou pele tamb\u00e9m indicam risco e devem levar o paciente a procurar assist\u00eancia m\u00e9dica imediatamente.<\/p>\n<p class=\"x_yiv5051318563ydp680843ffyiv8877783603MsoNormal\">\u00a0<\/p>\n<p class=\"x_yiv5051318563ydp680843ffyiv8877783603MsoNormal\"><b>Preven\u00e7\u00e3o e teleconsulta para casos leves ou para suspeitas de dengue<\/b><\/p>\n<p class=\"x_yiv5051318563ydp680843ffyiv8877783603MsoNormal\">A dengue \u00e9 uma arbovirose, termo que depende de um vetor \u2013 neste caso, o mosquito. Portanto, todas as condi\u00e7\u00f5es que favorecem a prolifera\u00e7\u00e3o do\u00a0<i>Aedes aegypti<\/i>\u00a0aumentam a circula\u00e7\u00e3o do v\u00edrus. Locais com ac\u00famulo de \u00e1gua parada, como vasos, piscinas, caixas-d\u2019\u00e1gua e calhas, representam um risco elevado. Para se precaver, \u00e9 recomendado tampar ralos e limpar calhas com frequ\u00eancia, tratar piscinas, colocar terra nos pratinhos de vaso e at\u00e9 mesmo redobrar a aten\u00e7\u00e3o para as plantas que podem acumular \u00e1gua. Al\u00e9m disso, repelentes, telas nas janelas, roupas com mangas e cal\u00e7as compridas reduzem drasticamente o risco de infec\u00e7\u00e3o, segundo Mialski.<\/p>\n<p class=\"x_yiv5051318563ydp680843ffyiv8877783603MsoNormal\">Dessa forma, conhecer os sintomas da dengue e identific\u00e1-la, tanto em suas formas leves quanto graves, tornou-se parte importante da rotina. Nesse cen\u00e1rio, a preven\u00e7\u00e3o por meio do combate ao mosquito \u00e9 a estrat\u00e9gia mais eficaz no enfrentamento da doen\u00e7a.<\/p>\n<p class=\"x_yiv5051318563ydp680843ffyiv8877783603MsoNormal\">\u00a0<\/p>\n<p class=\"x_yiv5051318563ydp680843ffyiv8877783603MsoNormal\">Em casos mais leves, o paciente pode recorrer a uma avalia\u00e7\u00e3o inicial por meio de teleconsulta. O atendimento traz comodidade e praticidade sem a necessidade de deslocamento. De acordo com as particularidades do quadro cl\u00ednico, o manejo ser\u00e1 orientado pelo m\u00e9dico respons\u00e1vel.<\/p>\n<p class=\"x_yiv5051318563ydp680843ffyiv8877783603MsoNormal\">Atualmente, a Hapvida oferece mais de 20 especialidades m\u00e9dicas dispon\u00edveis nos canais de atendimento, como cl\u00ednicos gerais, infectologistas e pediatras. Em casos nos quais n\u00e3o h\u00e1 emerg\u00eancia m\u00e9dica, a teleconsulta se adequa perfeitamente. Por\u00e9m, diante de sintomas mais graves, n\u00e3o se deve deixar de procurar o servi\u00e7o presencial de sa\u00fade.<\/p>\n<p class=\"x_yiv5051318563ydp680843ffyiv8877783603MsoNormal\">\u00a0<\/p>\n<p class=\"x_yiv5051318563ydp680843ffyiv8877783603MsoNormal\"><b>Sobre a Hapvida<\/b><\/p>\n<p class=\"x_yiv5051318563ydp680843ffyiv8877783603MsoNormal\">Com 80 anos de experi\u00eancia, a Hapvida \u00e9 hoje a maior empresa de sa\u00fade integrada da Am\u00e9rica Latina. A companhia, que possui mais de 73 mil colaboradores, atende 16 milh\u00f5es de benefici\u00e1rios de sa\u00fade e odontologia espalhados pelas cinco regi\u00f5es do Brasil.<\/p>\n<p class=\"x_yiv5051318563ydp680843ffyiv8877783603MsoNormal\">Todo o aparato foi constru\u00eddo a partir de uma vis\u00e3o voltada ao cuidado de ponta a ponta, a partir de 86 hospitais, 78 prontos atendimentos, 363 cl\u00ednicas m\u00e9dicas e 305 centros de diagn\u00f3stico por imagem e coleta laboratorial, al\u00e9m de unidades especificamente voltadas ao cuidado preventivo e cr\u00f4nico. Dessa combina\u00e7\u00e3o de neg\u00f3cios, apoiada em qualidade m\u00e9dica e inova\u00e7\u00e3o, resulta uma empresa com os melhores recursos humanos e tecnol\u00f3gicos para os seus clientes.<\/p>\n<hr \/>\n<h6><strong>Martha Becker Connections\u00a0<\/strong><\/h6>\n\n\n<center><iframe loading=\"lazy\" class=\"jmvplayer\" src=\"https:\/\/player.jmvstream.com\/lvw\/YYGWo5wfZuZ8fEW7Qoq1ISwhLSEDhU\" allowfullscreen allow=\"autoplay; fullscreen\" frameborder=\"0\" width=\"640\" height=\"360\" ><\/iframe><\/center>\n<\/div><\/div>","protected":false},"excerpt":{"rendered":"<p>Especialista refor\u00e7a que a conscientiza\u00e7\u00e3o e a vigil\u00e2ncia constante s\u00e3o fundamentais \u00a0 Mesmo com redu\u00e7\u00f5es expressivas nos casos de dengue na regi\u00e3o Sul do Brasil, a vigil\u00e2ncia constante \u00e9 essencial, pois a arbovirose continua sendo uma amea\u00e7a latente, especialmente em per\u00edodos de calor e chuva. Desta maneira, a mobiliza\u00e7\u00e3o de a\u00e7\u00f5es de combate ao mosquito\u00a0Aedes [&hellip;]<\/p>\n","protected":false},"author":4,"featured_media":80602,"comment_status":"open","ping_status":"open","sticky":false,"template":"","format":"standard","meta":{"footnotes":""},"categories":[1],"tags":[],"class_list":["post-80601","post","type-post","status-publish","format-standard","has-post-thumbnail","hentry","category-sem-categoria"],"_links":{"self":[{"href":"http:\/\/sol.fm.br\/radio\/wp-json\/wp\/v2\/posts\/80601","targetHints":{"allow":["GET"]}}],"collection":[{"href":"http:\/\/sol.fm.br\/radio\/wp-json\/wp\/v2\/posts"}],"about":[{"href":"http:\/\/sol.fm.br\/radio\/wp-json\/wp\/v2\/types\/post"}],"author":[{"embeddable":true,"href":"http:\/\/sol.fm.br\/radio\/wp-json\/wp\/v2\/users\/4"}],"replies":[{"embeddable":true,"href":"http:\/\/sol.fm.br\/radio\/wp-json\/wp\/v2\/comments?post=80601"}],"version-history":[{"count":1,"href":"http:\/\/sol.fm.br\/radio\/wp-json\/wp\/v2\/posts\/80601\/revisions"}],"predecessor-version":[{"id":80603,"href":"http:\/\/sol.fm.br\/radio\/wp-json\/wp\/v2\/posts\/80601\/revisions\/80603"}],"wp:featuredmedia":[{"embeddable":true,"href":"http:\/\/sol.fm.br\/radio\/wp-json\/wp\/v2\/media\/80602"}],"wp:attachment":[{"href":"http:\/\/sol.fm.br\/radio\/wp-json\/wp\/v2\/media?parent=80601"}],"wp:term":[{"taxonomy":"category","embeddable":true,"href":"http:\/\/sol.fm.br\/radio\/wp-json\/wp\/v2\/categories?post=80601"},{"taxonomy":"post_tag","embeddable":true,"href":"http:\/\/sol.fm.br\/radio\/wp-json\/wp\/v2\/tags?post=80601"}],"curies":[{"name":"wp","href":"https:\/\/api.w.org\/{rel}","templated":true}]}}