{"id":80608,"date":"2025-12-02T10:09:12","date_gmt":"2025-12-02T13:09:12","guid":{"rendered":"http:\/\/sol.fm.br\/radio\/?p=80608"},"modified":"2025-12-02T10:09:14","modified_gmt":"2025-12-02T13:09:14","slug":"governo-leite-repassa-r-4-milhoes-ao-hospital-municipal-de-novo-hamburgo-para-aquisicao-de-angiografo","status":"publish","type":"post","link":"http:\/\/sol.fm.br\/radio\/governo-leite-repassa-r-4-milhoes-ao-hospital-municipal-de-novo-hamburgo-para-aquisicao-de-angiografo\/","title":{"rendered":"Governo Leite repassa R$ 4 milh\u00f5es ao Hospital Municipal de Novo Hamburgo para aquisi\u00e7\u00e3o de angi\u00f3grafo"},"content":{"rendered":"<div id=\"dslc-theme-content\"><div id=\"dslc-theme-content-inner\"><p class=\"artigo__subtitulo\" style=\"text-align: center;\"><em>O novo equipamento permite a realiza\u00e7\u00e3o de exames card\u00edacos, neurol\u00f3gicos e vasculares com imagens em 3D de alta precis\u00e3o<\/em><\/p>\n<p>O governo do Estado, por meio da Secretaria da Sa\u00fade (SES), repassou R$ 4 milh\u00f5es \u00e0 prefeitura de Novo Hamburgo para a compra e a instala\u00e7\u00e3o de um angi\u00f3grafo no Hospital Municipal. A titular da SES, Arita Bergmann, assinou a portaria que destina os recursos nesta segunda-feira (1\/12). O equipamento \u00e9 essencial para diagn\u00f3sticos e interven\u00e7\u00f5es de alta complexidade em \u00e1reas card\u00edacas, neurol\u00f3gicas e vasculares, como angioplastias, tratamento de aneurismas e implantes de v\u00e1lvulas. O hospital \u00e9 refer\u00eancia para 23 munic\u00edpios da regi\u00e3o.<\/p>\n<p>A prefeitura tamb\u00e9m far\u00e1 uma contrapartida de R$ 880 mil, totalizando quase R$ 4,9 milh\u00f5es de investimento. O novo equipamento ser\u00e1 instalado no hospital administrado pela Funda\u00e7\u00e3o de Sa\u00fade de Novo Hamburgo, que passar\u00e1 a assumir o servi\u00e7o de hemodin\u00e2mica, antes terceirizado.<\/p>\n<p>O angi\u00f3grafo permite a realiza\u00e7\u00e3o de procedimentos de diagn\u00f3stico e intervencionistas de natureza card\u00edaca, neurol\u00f3gica e vascular perif\u00e9rica. O aparelho permite a realiza\u00e7\u00e3o de angioplastias, implantes de v\u00e1lvulas TAVI (que substitui a v\u00e1lvula a\u00f3rtica do cora\u00e7\u00e3o sem necessidade de cirurgia aberta) e tratamento de aneurismas.<\/p>\n<p>A tecnologia traz diversos benef\u00edcios para os pacientes, como mais seguran\u00e7a, redu\u00e7\u00e3o da exposi\u00e7\u00e3o \u00e0 radia\u00e7\u00e3o e recupera\u00e7\u00e3o mais r\u00e1pida, gra\u00e7as aos m\u00e9todos minimamente invasivos. Al\u00e9m de melhorar a qualidade do atendimento, a aquisi\u00e7\u00e3o do angi\u00f3grafo \u00e9 um investimento estrat\u00e9gico para o hospital, pois amplia sua capacidade de realizar procedimentos complexos e reduz custos com terceiriza\u00e7\u00e3o e transporte de pacientes.<\/p>\n<p>Com tecnologia de alta precis\u00e3o e diagn\u00f3stico em 3D, o novo angi\u00f3grafo otimiza o fluxo de trabalho da equipe e aumenta a efici\u00eancia operacional, garantindo um atendimento mais qualificado \u00e0 popula\u00e7\u00e3o. O novo aparelho ir\u00e1 substituir o atual, que possui tecnologia mais antiga.<\/p>\n<p><strong>Mais investimentos<\/strong><\/p>\n<p>Arita destacou outros investimentos j\u00e1 realizados no Hospital Municipal, al\u00e9m de projetos em tramita\u00e7\u00e3o. \u201c<em>Queremos no pr\u00f3ximo ano assinar o repasse para a amplia\u00e7\u00e3o do centro de parto normal e a reforma dos quartos PPP (pr\u00e9-parto, parto e p\u00f3s-parto), onde o governo do Estado deve aplicar mais de R$ 2,5 milh\u00f5es<\/em>\u201d, disse. <em>\u201cH\u00e1 ainda o processo para a reforma da Unidade de Interna\u00e7\u00e3o \u00c1guia, que ficou danificada por um inc\u00eandio ocorrido em janeiro deste ano, cuja obra deve receber R$ 1,3 milh\u00e3o do governo estadual\u201d<\/em>, acrescentou.<\/p>\n<p>O prefeito Gustavo Fink aproveitou a oportunidade para apresentar informa\u00e7\u00f5es atualizadas de um outro repasse estadual para o hospital: R$ 10,6 milh\u00f5es, destinados para a constru\u00e7\u00e3o do Anexo 2 em 2022. Conforme informou, a prefeitura far\u00e1, nos pr\u00f3ximos dias, a licita\u00e7\u00e3o com uma nova empresa para a continuidade da obra, que visa aumentar a capacidade de atendimento, incluindo a disponibiliza\u00e7\u00e3o de mais leitos e a implanta\u00e7\u00e3o de novos servi\u00e7os, como mais salas cir\u00fargicas e centro de diagn\u00f3stico por imagem.<\/p>\n<p><strong>Avan\u00e7ar na Sa\u00fade qualifica rede de hemodin\u00e2mica no RS<\/strong><\/p>\n<p>O Hospital Municipal de Novo Hamburgo \u00e9 o sexto no Estado a receber investimento da Secretaria da Sa\u00fade para qualifica\u00e7\u00e3o da \u00e1rea de hemodin\u00e2mica com a aquisi\u00e7\u00e3o de angi\u00f3grafo. O Programa Avan\u00e7ar Mais na Sa\u00fade aplicou outros R$ 18 milh\u00f5es na compra desse tipo de aparelho para hospitais de Iju\u00ed, Pelotas (dois equipamentos), Porto Alegre (dois equipamentos) e Santa Cruz do Sul.<\/p>\n<ul>\n<li><a href=\"https:\/\/estado.rs.gov.br\/com-r-3-9-milhoes-do-avancar-mais-na-saude-leite-inaugura-novo-aparelho-de-diagnostico-cardiaco-em-santa-cruz-do-sul\" target=\"_blank\" rel=\"noopener\"><strong>Com R$ 3,9 milh\u00f5es do Avan\u00e7ar Mais na Sa\u00fade, Leite inaugura novo aparelho de diagn\u00f3stico card\u00edaco em Santa Cruz do Sul<\/strong><\/a><\/li>\n<li><a href=\"https:\/\/estado.rs.gov.br\/hospitais-da-regiao-missioneira-sao-beneficiados-com-r-75-milhoes-do-avancar-mais-na-saude\" target=\"_blank\" rel=\"noopener\"><strong>Hospitais da regi\u00e3o Missioneira s\u00e3o beneficiados com R$ 75 milh\u00f5es do Avan\u00e7ar Mais na Sa\u00fade<\/strong><\/a><\/li>\n<li><a href=\"https:\/\/estado.rs.gov.br\/governador-realiza-entregas-para-a-area-da-saude-em-rio-grande-e-pelotas\" target=\"_blank\" rel=\"noopener\"><strong>Governador realiza entregas para a \u00e1rea da sa\u00fade em Rio Grande e Pelotas<\/strong><\/a><\/li>\n<\/ul>\n<hr \/>\n<h6><strong>GOV RS | Texto: Ascom SES | Edi\u00e7\u00e3o: Secom | Foto: Arthur Vargas\/Ascom SES<\/strong><\/h6>\n\n\n<center><iframe loading=\"lazy\" class=\"jmvplayer\" src=\"https:\/\/player.jmvstream.com\/lvw\/YYGWo5wfZuZ8fEW7Qoq1ISwhLSEDhU\" allowfullscreen allow=\"autoplay; fullscreen\" frameborder=\"0\" width=\"640\" height=\"360\" ><\/iframe><\/center>\n<\/div><\/div>","protected":false},"excerpt":{"rendered":"<p>O novo equipamento permite a realiza\u00e7\u00e3o de exames card\u00edacos, neurol\u00f3gicos e vasculares com imagens em 3D de alta precis\u00e3o O governo do Estado, por meio da Secretaria da Sa\u00fade (SES), repassou R$ 4 milh\u00f5es \u00e0 prefeitura de Novo Hamburgo para a compra e a instala\u00e7\u00e3o de um angi\u00f3grafo no Hospital Municipal. A titular da SES, [&hellip;]<\/p>\n","protected":false},"author":4,"featured_media":80609,"comment_status":"open","ping_status":"open","sticky":false,"template":"","format":"standard","meta":{"footnotes":""},"categories":[1],"tags":[],"class_list":["post-80608","post","type-post","status-publish","format-standard","has-post-thumbnail","hentry","category-sem-categoria"],"_links":{"self":[{"href":"http:\/\/sol.fm.br\/radio\/wp-json\/wp\/v2\/posts\/80608","targetHints":{"allow":["GET"]}}],"collection":[{"href":"http:\/\/sol.fm.br\/radio\/wp-json\/wp\/v2\/posts"}],"about":[{"href":"http:\/\/sol.fm.br\/radio\/wp-json\/wp\/v2\/types\/post"}],"author":[{"embeddable":true,"href":"http:\/\/sol.fm.br\/radio\/wp-json\/wp\/v2\/users\/4"}],"replies":[{"embeddable":true,"href":"http:\/\/sol.fm.br\/radio\/wp-json\/wp\/v2\/comments?post=80608"}],"version-history":[{"count":1,"href":"http:\/\/sol.fm.br\/radio\/wp-json\/wp\/v2\/posts\/80608\/revisions"}],"predecessor-version":[{"id":80610,"href":"http:\/\/sol.fm.br\/radio\/wp-json\/wp\/v2\/posts\/80608\/revisions\/80610"}],"wp:featuredmedia":[{"embeddable":true,"href":"http:\/\/sol.fm.br\/radio\/wp-json\/wp\/v2\/media\/80609"}],"wp:attachment":[{"href":"http:\/\/sol.fm.br\/radio\/wp-json\/wp\/v2\/media?parent=80608"}],"wp:term":[{"taxonomy":"category","embeddable":true,"href":"http:\/\/sol.fm.br\/radio\/wp-json\/wp\/v2\/categories?post=80608"},{"taxonomy":"post_tag","embeddable":true,"href":"http:\/\/sol.fm.br\/radio\/wp-json\/wp\/v2\/tags?post=80608"}],"curies":[{"name":"wp","href":"https:\/\/api.w.org\/{rel}","templated":true}]}}