{"id":80617,"date":"2025-12-02T10:56:19","date_gmt":"2025-12-02T13:56:19","guid":{"rendered":"http:\/\/sol.fm.br\/radio\/?p=80617"},"modified":"2025-12-02T10:56:21","modified_gmt":"2025-12-02T13:56:21","slug":"com-apoio-do-governo-do-estado-delegacao-do-rio-grande-do-sul-conquista-99-medalhas-nas-paralimpiadas-escolares-2025","status":"publish","type":"post","link":"http:\/\/sol.fm.br\/radio\/com-apoio-do-governo-do-estado-delegacao-do-rio-grande-do-sul-conquista-99-medalhas-nas-paralimpiadas-escolares-2025\/","title":{"rendered":"Com apoio do governo do Estado, delega\u00e7\u00e3o do Rio Grande do Sul conquista 99 medalhas nas Paralimp\u00edadas Escolares 2025"},"content":{"rendered":"<div id=\"dslc-theme-content\"><div id=\"dslc-theme-content-inner\"><p class=\"artigo__subtitulo\" style=\"text-align: center;\"><em>Resultado manteve os atletas na nona posi\u00e7\u00e3o no ranking nacional<\/em><\/p>\n<p dir=\"ltr\">O Estado, por meio da Secretaria do Esporte e Lazer (SEL), garantiu as passagens a\u00e9reas e uniformes para a delega\u00e7\u00e3o do Rio Grande do Sul que conquistou 99 medalhas nas Paralimp\u00edadas Escolares 2025. A competi\u00e7\u00e3o ocorreu no Centro de Treinamento Paral\u00edmpico, entre 17 e 28 de novembro, em S\u00e3o Paulo. A equipe t\u00e9cnica da pasta, que foi chefiada pelo assessor do Departamento de Desenvolvimento do Esporte e Lazer, Amilton Lima, ficou respons\u00e1vel pela coordena\u00e7\u00e3o de credenciamentos, hospedagem, transporte e organiza\u00e7\u00e3o interna dos integrantes da equipe.<\/p>\n<p dir=\"ltr\">Os atletas competiram em oito modalidades \u2014 atletismo, basquete 3x3 em cadeira de rodas, nata\u00e7\u00e3o, v\u00f4lei sentado, futebol PC (paralisia cerebral), parabadminton, t\u00eanis de mesa e bocha paral\u00edmpica \u2014 e conquistaram 45 medalhas de ouro, 34 de prata e 20 de bronze. O desempenho manteve a delega\u00e7\u00e3o na nona posi\u00e7\u00e3o do ranking nacional.<\/p>\n<p dir=\"ltr\">Para o titular da SEL, Juliano Franczak, o Ga\u00facho da Geral, as Paralimp\u00edadas Escolares representam oportunidade, inclus\u00e3o e transforma\u00e7\u00e3o de vidas. <em>\u201dCada medalha conquistada pela nossa delega\u00e7\u00e3o \u00e9 o reflexo do talento, da supera\u00e7\u00e3o e da dedica\u00e7\u00e3o desses atletas, que nos enchem de orgulho. Como secret\u00e1rio do Esporte e Lazer, refor\u00e7o que investir no paradesporto \u00e9 investir em igualdade, em dignidade e em futuro<\/em>\", destaca.<\/p>\n<p dir=\"ltr\"><strong>Recorde de inscritos com paratletas de todo o Brasil<\/strong><\/p>\n<p dir=\"ltr\">Antes das Paralimp\u00edadas Escolares, a SEL organiza o Campeonato Paradesportivo Estudantil do Rio Grande do Sul (Paracergs), al\u00e9m de apoiar a realiza\u00e7\u00e3o da etapa regional do Meeting Paral\u00edmpico, evento realizado pelo Comit\u00ea Paral\u00edmpico Brasileiro (CPB). Ambas as competi\u00e7\u00f5es s\u00e3o classificat\u00f3rias para etapa nacional do evento.<\/p>\n<p dir=\"ltr\">Organizadas pelo CPB, as paralimp\u00edadas s\u00e3o consideradas o maior encontro do mundo para paratletas em idade escolar. Nesta edi\u00e7\u00e3o de 2025, foi batido o recorde de participantes, com 2.056 paratletas inscritos, dos 26 Estados da federa\u00e7\u00e3o e do Distrito Federal. O n\u00famero supera os 2.013 inscritos, de 2024.\u00a0<\/p>\n<p dir=\"ltr\">No total 15 modalidades foram disputadas nesta edi\u00e7\u00e3o de 2025: atletismo, basquete 3x3 em cadeira de rodas, futebol de cegos, goalball, halterofilismo, taekwondo, t\u00eanis em cadeira de rodas e r\u00fagbi em cadeiras de rodas, nata\u00e7\u00e3o, v\u00f4lei sentado, futebol PC - paralisia cerebral, jud\u00f4, parabadminton, t\u00eanis de mesa e bocha paral\u00edmpica.<\/p>\n<p dir=\"ltr\"><strong>Medalhas conquistadas pela equipe do Rio Grande do Sul:<\/strong><\/p>\n<ul>\n<li dir=\"ltr\"><strong>Atletismo:<br \/><\/strong>17 ouro<br \/>13 prata<br \/>10 bronze<br \/><br \/><\/li>\n<li dir=\"ltr\"><strong>Bocha:<br \/><\/strong>2 prata<br \/><br \/><\/li>\n<li dir=\"ltr\"><strong>Nata\u00e7\u00e3o:<br \/><\/strong>25 ouro<br \/>15 prata<br \/>6 bronze<br \/><br \/><\/li>\n<li dir=\"ltr\"><strong>Parabadminton:<br \/><\/strong>3 ouro<br \/>1 prata<br \/>1 bronze<br \/><br \/><\/li>\n<li dir=\"ltr\"><strong>T\u00eanis de Mesa:<br \/><\/strong>2 prata<br \/>3 bronze<br \/><br \/><\/li>\n<li dir=\"ltr\"><strong>V\u00f4lei sentado:<br \/><\/strong>1 prata<\/li>\n<\/ul>\n<hr \/>\n<h6><strong>GOV RS | Texto: Ascom SEL | Edi\u00e7\u00e3o: Secom | Foto: Ascom SEL<\/strong><\/h6>\n\n\n<center><iframe loading=\"lazy\" class=\"jmvplayer\" src=\"https:\/\/player.jmvstream.com\/lvw\/YYGWo5wfZuZ8fEW7Qoq1ISwhLSEDhU\" allowfullscreen allow=\"autoplay; fullscreen\" frameborder=\"0\" width=\"640\" height=\"360\" ><\/iframe><\/center>\n<\/div><\/div>","protected":false},"excerpt":{"rendered":"<p>Resultado manteve os atletas na nona posi\u00e7\u00e3o no ranking nacional O Estado, por meio da Secretaria do Esporte e Lazer (SEL), garantiu as passagens a\u00e9reas e uniformes para a delega\u00e7\u00e3o do Rio Grande do Sul que conquistou 99 medalhas nas Paralimp\u00edadas Escolares 2025. A competi\u00e7\u00e3o ocorreu no Centro de Treinamento Paral\u00edmpico, entre 17 e 28 [&hellip;]<\/p>\n","protected":false},"author":4,"featured_media":80618,"comment_status":"open","ping_status":"open","sticky":false,"template":"","format":"standard","meta":{"footnotes":""},"categories":[1],"tags":[],"class_list":["post-80617","post","type-post","status-publish","format-standard","has-post-thumbnail","hentry","category-sem-categoria"],"_links":{"self":[{"href":"http:\/\/sol.fm.br\/radio\/wp-json\/wp\/v2\/posts\/80617","targetHints":{"allow":["GET"]}}],"collection":[{"href":"http:\/\/sol.fm.br\/radio\/wp-json\/wp\/v2\/posts"}],"about":[{"href":"http:\/\/sol.fm.br\/radio\/wp-json\/wp\/v2\/types\/post"}],"author":[{"embeddable":true,"href":"http:\/\/sol.fm.br\/radio\/wp-json\/wp\/v2\/users\/4"}],"replies":[{"embeddable":true,"href":"http:\/\/sol.fm.br\/radio\/wp-json\/wp\/v2\/comments?post=80617"}],"version-history":[{"count":1,"href":"http:\/\/sol.fm.br\/radio\/wp-json\/wp\/v2\/posts\/80617\/revisions"}],"predecessor-version":[{"id":80619,"href":"http:\/\/sol.fm.br\/radio\/wp-json\/wp\/v2\/posts\/80617\/revisions\/80619"}],"wp:featuredmedia":[{"embeddable":true,"href":"http:\/\/sol.fm.br\/radio\/wp-json\/wp\/v2\/media\/80618"}],"wp:attachment":[{"href":"http:\/\/sol.fm.br\/radio\/wp-json\/wp\/v2\/media?parent=80617"}],"wp:term":[{"taxonomy":"category","embeddable":true,"href":"http:\/\/sol.fm.br\/radio\/wp-json\/wp\/v2\/categories?post=80617"},{"taxonomy":"post_tag","embeddable":true,"href":"http:\/\/sol.fm.br\/radio\/wp-json\/wp\/v2\/tags?post=80617"}],"curies":[{"name":"wp","href":"https:\/\/api.w.org\/{rel}","templated":true}]}}