{"id":80627,"date":"2025-12-02T11:13:51","date_gmt":"2025-12-02T14:13:51","guid":{"rendered":"http:\/\/sol.fm.br\/radio\/?p=80627"},"modified":"2025-12-02T11:13:53","modified_gmt":"2025-12-02T14:13:53","slug":"guarda-vidas-iniciam-operacao-preventiva-no-litoral-gaucho-para-a-temporada-2025-2026","status":"publish","type":"post","link":"http:\/\/sol.fm.br\/radio\/guarda-vidas-iniciam-operacao-preventiva-no-litoral-gaucho-para-a-temporada-2025-2026\/","title":{"rendered":"Guarda-vidas iniciam opera\u00e7\u00e3o preventiva no litoral ga\u00facho para a temporada 2025\/2026"},"content":{"rendered":"<div id=\"dslc-theme-content\"><div id=\"dslc-theme-content-inner\"><p class=\"artigo__subtitulo\" style=\"text-align: center;\"><em>Efetivo conta com quadriciclos, motos aqu\u00e1ticas e treinamento especializado para salvamentos<\/em><\/p>\n<p dir=\"ltr\">Esta segunda-feira (1\/12) marca o in\u00edcio das atividades dos 288 guarda-vidas civis tempor\u00e1rios que atuar\u00e3o no litoral e balne\u00e1rios de \u00e1gua doce durante o ver\u00e3o 2025\/2026. Junto aos bombeiros militares, parte deles vinha atuando desde outubro como parte do treinamento, e, a partir de hoje, todo o efetivo j\u00e1 come\u00e7a a se instalar nos principais pontos do Litoral.<\/p>\n<ul>\n<li dir=\"ltr\"><a href=\"https:\/\/www.estado.rs.gov.br\/governo-leite-da-largada-a-operacao-verao-total-2025-2026-com-930-guarda-vidas-em-praias-e-balnearios-do-rio-grande-do-sul\" target=\"_blank\" rel=\"noopener\"><strong>Governo Leite d\u00e1 largada \u00e0 Opera\u00e7\u00e3o Ver\u00e3o Total 2025\/2026 com 930 guarda-vidas em praias e balne\u00e1rios<\/strong><\/a><\/li>\n<\/ul>\n<p dir=\"ltr\">Segundo o tenente-coronel do Corpo de Bombeiros Militar, Vin\u00edcius Lang, os guarda-vidas iniciam a temporada com refor\u00e7o. <em>\u201cNa areia, eles far\u00e3o patrulhamento e dar\u00e3o orienta\u00e7\u00e3o aos banhistas a p\u00e9 e com quadriciclos. E contar\u00e3o com motos aqu\u00e1ticas, que garantem mais agilidade nos deslocamentos e eventuais salvamentos\u201d.\u00a0<\/em><\/p>\n<p dir=\"ltr\"><strong>Forma\u00e7\u00e3o e recertifica\u00e7\u00e3o\u00a0<\/strong><\/p>\n<p dir=\"ltr\">No primeiro dia de atividades, o tempo nublado desencorajou o banho de mar e n\u00e3o foram registrados salvamentos. O foco das atividades foi preven\u00e7\u00e3o e orienta\u00e7\u00e3o. Os pontos de risco - como \u00e1reas de mar aberto, regi\u00f5es pr\u00f3ximas a desembocaduras, barras e canais - j\u00e1 est\u00e3o demarcados com bandeiras indicando as condi\u00e7\u00f5es para banho. <em>\u201cOs guarda-vidas fazem leitura constante do movimento dos banhistas, que devem ficar atentos ao apito preventivo, que alerta para o comportamento inseguro que pode acabar em acidentes\u201d<\/em>, disse Lang.\u00a0<\/p>\n<ul>\n<li dir=\"ltr\"><a href=\"https:\/\/www.estado.rs.gov.br\/corpo-de-bombeiros-militar-realiza-formaturas-de-guarda-vidas-para-a-operacao-verao-total\" target=\"_blank\" rel=\"noopener\"><strong>Corpo de Bombeiros Militar realiza formaturas de guarda-vidas para a Opera\u00e7\u00e3o Ver\u00e3o Total<\/strong><\/a><\/li>\n<\/ul>\n<p dir=\"ltr\">Na semana passada, foram realizadas as formaturas de 72 novos guarda-vidas civis tempor\u00e1rios. Durante o curso, eles foram capacitados para o atendimento pr\u00e9-hospitalar em ambiente aqu\u00e1tico, procedimentos operacionais, t\u00e9cnicas de salvamento e resgate aqu\u00e1tico, graus de afogamento, condicionamento f\u00edsico espec\u00edfico, nata\u00e7\u00e3o utilit\u00e1ria e preven\u00e7\u00e3o ao afogamento.\u00a0\u00a0<\/p>\n<ul>\n<li dir=\"ltr\"><a href=\"https:\/\/www.estado.rs.gov.br\/guarda-vidas-civis-temporarios-tem-reajuste-salarial-proposto-pelo-governo-do-estado-aprovado\" target=\"_blank\" rel=\"noopener\"><strong>Guarda-vidas civis tempor\u00e1rios t\u00eam reajuste salarial proposto pelo governo do Estado aprovado<\/strong><\/a><\/li>\n<\/ul>\n<p dir=\"ltr\">Al\u00e9m deles, outros 216 guarda-vidas civis que j\u00e1 atuaram em temporadas anteriores foram recertificados. Tamb\u00e9m ser\u00e3o integrados \u00e0 for\u00e7a-tarefa bombeiros militares e brigadianos que receberam treinamento para atuar durante toda a temporada.<\/p>\n<ul>\n<li dir=\"ltr\"><a href=\"https:\/\/www.estado.rs.gov.br\/estado-lanca-operacao-verao-total-2025-2026-para-reforcar-servicos-em-regioes-turisticas\" target=\"_blank\" rel=\"noopener\"><strong>Estado lan\u00e7a Opera\u00e7\u00e3o Ver\u00e3o Total 2025\/2026 para refor\u00e7ar servi\u00e7os em regi\u00f5es tur\u00edsticas<\/strong><\/a><\/li>\n<\/ul>\n<hr \/>\n<h6><strong>GOV RS | Texto: Let\u00edcia Jardim\/Ascom SSP | Edi\u00e7\u00e3o: Secom | Foto: Ascom\/CBMRS<\/strong><\/h6>\n\n\n<center><iframe loading=\"lazy\" class=\"jmvplayer\" src=\"https:\/\/player.jmvstream.com\/lvw\/YYGWo5wfZuZ8fEW7Qoq1ISwhLSEDhU\" allowfullscreen allow=\"autoplay; fullscreen\" frameborder=\"0\" width=\"640\" height=\"360\" ><\/iframe><\/center>\n<\/div><\/div>","protected":false},"excerpt":{"rendered":"<p>Efetivo conta com quadriciclos, motos aqu\u00e1ticas e treinamento especializado para salvamentos Esta segunda-feira (1\/12) marca o in\u00edcio das atividades dos 288 guarda-vidas civis tempor\u00e1rios que atuar\u00e3o no litoral e balne\u00e1rios de \u00e1gua doce durante o ver\u00e3o 2025\/2026. Junto aos bombeiros militares, parte deles vinha atuando desde outubro como parte do treinamento, e, a partir de [&hellip;]<\/p>\n","protected":false},"author":4,"featured_media":80628,"comment_status":"open","ping_status":"open","sticky":false,"template":"","format":"standard","meta":{"footnotes":""},"categories":[1],"tags":[],"class_list":["post-80627","post","type-post","status-publish","format-standard","has-post-thumbnail","hentry","category-sem-categoria"],"_links":{"self":[{"href":"http:\/\/sol.fm.br\/radio\/wp-json\/wp\/v2\/posts\/80627","targetHints":{"allow":["GET"]}}],"collection":[{"href":"http:\/\/sol.fm.br\/radio\/wp-json\/wp\/v2\/posts"}],"about":[{"href":"http:\/\/sol.fm.br\/radio\/wp-json\/wp\/v2\/types\/post"}],"author":[{"embeddable":true,"href":"http:\/\/sol.fm.br\/radio\/wp-json\/wp\/v2\/users\/4"}],"replies":[{"embeddable":true,"href":"http:\/\/sol.fm.br\/radio\/wp-json\/wp\/v2\/comments?post=80627"}],"version-history":[{"count":1,"href":"http:\/\/sol.fm.br\/radio\/wp-json\/wp\/v2\/posts\/80627\/revisions"}],"predecessor-version":[{"id":80629,"href":"http:\/\/sol.fm.br\/radio\/wp-json\/wp\/v2\/posts\/80627\/revisions\/80629"}],"wp:featuredmedia":[{"embeddable":true,"href":"http:\/\/sol.fm.br\/radio\/wp-json\/wp\/v2\/media\/80628"}],"wp:attachment":[{"href":"http:\/\/sol.fm.br\/radio\/wp-json\/wp\/v2\/media?parent=80627"}],"wp:term":[{"taxonomy":"category","embeddable":true,"href":"http:\/\/sol.fm.br\/radio\/wp-json\/wp\/v2\/categories?post=80627"},{"taxonomy":"post_tag","embeddable":true,"href":"http:\/\/sol.fm.br\/radio\/wp-json\/wp\/v2\/tags?post=80627"}],"curies":[{"name":"wp","href":"https:\/\/api.w.org\/{rel}","templated":true}]}}