{"id":80630,"date":"2025-12-02T11:20:36","date_gmt":"2025-12-02T14:20:36","guid":{"rendered":"http:\/\/sol.fm.br\/radio\/?p=80630"},"modified":"2025-12-02T11:20:38","modified_gmt":"2025-12-02T14:20:38","slug":"o-que-a-engenharia-e-o-everest-ensinam-sobre-lideranca-e-crescimento-pessoal","status":"publish","type":"post","link":"http:\/\/sol.fm.br\/radio\/o-que-a-engenharia-e-o-everest-ensinam-sobre-lideranca-e-crescimento-pessoal\/","title":{"rendered":"O que a engenharia e o Everest ensinam sobre lideran\u00e7a e crescimento pessoal?"},"content":{"rendered":"<div id=\"dslc-theme-content\"><div id=\"dslc-theme-content-inner\"><p style=\"text-align: center;\"><em>Gestor de projetos que chegou ao acampamento-base da maior montanha do mundo mostra como planejamento, consist\u00eancia e an\u00e1lise de riscos podem fortalecer a lideran\u00e7a pessoal e profissional<\/em><\/p>\n<p data-olk-copy-source=\"MessageBody\">Em um mundo dominado pela pressa e pela inconst\u00e2ncia, apenas resistir j\u00e1 n\u00e3o \u00e9 o bastante. \u00c9 preciso aprender a se tornar mais forte com os impactos sofridos. \u00c9 exatamente essa a base do conceito de\u00a0<em>Autolideran\u00e7a Antifr\u00e1gil<\/em>, detalhado em livro hom\u00f4nimo, criado por\u00a0Victor de Almeida Moreira.<\/p>\n<p>Engenheiro de produ\u00e7\u00e3o e gestor de projetos com experi\u00eancia nos maiores projetos do pa\u00eds e em grandes companhias mundiais, como Vale, Deloitte, Hatch, Anglo American e MRN, o autor se inspira nas ideias de Nassim Nicholas Taleb sobre antifragilidade, e cria um framework in\u00e9dito que conecta l\u00f3gica e emo\u00e7\u00e3o, raz\u00e3o e prop\u00f3sito. O objetivo \u00e9 adaptar e aplicar ferramentas e estrat\u00e9gias da engenharia e da gest\u00e3o \u00e0 vida, para o leitor encarar a pr\u00f3pria exist\u00eancia como o mais desafiador e relevante projeto que pode conduzir.<\/p>\n<p>Na obra, o gestor de projetos apresenta um modelo pr\u00e1tico, estruturado em sete A\u2019s, que formam o mapa da autolideran\u00e7a:\u00a0Autoconsci\u00eancia, para diagnosticar o ponto de partida;\u00a0Autorreflex\u00e3o, para alinhar decis\u00f5es ao prop\u00f3sito e aos valores;\u00a0Autorresponsabilidade, que transforma inten\u00e7\u00f5es em resultados;\u00a0Autoigni\u00e7\u00e3o, para gerar a\u00e7\u00e3o disciplinada;\u00a0Autorregula\u00e7\u00e3o, para ajustar rotas e corrigir desvios;\u00a0Autocuidado e Autocontrole,para sustentar energia e maturidade emocional.<\/p>\n<p>Esses A\u2019s n\u00e3o s\u00e3o apenas conceitos, mas sistemas inteiros validados e aplicados por Victor em sua pr\u00f3pria trajet\u00f3ria, inclusive durante a expedi\u00e7\u00e3o ao Campo Base do Everest, experi\u00eancia que simboliza o \u00e1pice da autogest\u00e3o f\u00edsica e mental. Cada passo naquela montanha exigiu as mesmas habilidades que conduzem grandes transforma\u00e7\u00f5es corporativas e de vida: clareza de objetivos, gest\u00e3o de energia, leitura de riscos e disciplina para continuar mesmo quando a recompensa parece distante.<\/p>\n<p style=\"text-align: right;\"><em>A abordagem para a vida deve ser a mesma.<br clear=\"none\" \/>Para encararmos grandes desafios ou buscarmos alcan\u00e7ar metas significativas,<br clear=\"none\" \/>\u00e9 essencial entendermos o \u201cterreno\u201d, os recursos, equipar-nos com as ferramentas adequadas e desenvolver planos estrat\u00e9gicos.<\/em><br clear=\"none\" \/>(Autolideran\u00e7a Antifr\u00e1gil, pg 48)<\/p>\n<p>Mais do que um livro de desenvolvimento pessoal,\u00a0<em>Autolideran\u00e7a Antifr\u00e1gil \u2013 Estrat\u00e9gias para uma vida invenc\u00edvel<\/em>\u00a0\u00e9 um manual de engenharia humana, unindo racioc\u00ednio e sensibilidade para ensinar o leitor a pensar estrategicamente sobre si mesmo para prosperar diante da complexidade do mundo atual.<\/p>\n<p>Ao longo das p\u00e1ginas, Victor desconstr\u00f3i o mito do sucesso f\u00e1cil e demonstra que progresso e conforto raramente coexistem. A cada cap\u00edtulo, o autor mostra que os mesmos princ\u00edpios que garantem o sucesso de grandes empreendimentos, como planejamento, const\u00e2ncia, an\u00e1lise de riscos e capacidade de adapta\u00e7\u00e3o, tamb\u00e9m podem orientar decis\u00f5es de carreira, lideran\u00e7a e prop\u00f3sito de vida.<\/p>\n<p><strong>Ficha t\u00e9cnica<\/strong><\/p>\n<p><strong>T\u00edtulo:\u00a0<\/strong>Autolideran\u00e7a Antifr\u00e1gil - Estrat\u00e9gias para uma vida invenc\u00edvel<br clear=\"none\" \/><strong>Autor:\u00a0<\/strong>Victor de Almeida Moreira<strong><br clear=\"none\" \/><\/strong><strong>Editora:<\/strong>\u00a0Originius<br clear=\"none\" \/><strong>P\u00e1ginas:<\/strong>\u00a0256<br clear=\"none\" \/><strong>ISBN:<\/strong> 978-65-01-43810-8<br clear=\"none\" \/><strong>Link de venda:<\/strong>\u00a0<a title=\"https:\/\/amzn.to\/43Pfyxe\" href=\"https:\/\/amzn.to\/43Pfyxe\" target=\"_blank\" rel=\"noreferrer noopener\" shape=\"rect\" data-auth=\"NotApplicable\" data-linkindex=\"0\">Amazon<\/a><\/p>\n<p><img loading=\"lazy\" decoding=\"async\" class=\" wp-image-80632\" src=\"http:\/\/sol.fm.br\/radio\/wp-content\/uploads\/2025\/12\/51-1-267x400.jpg\" alt=\"\" width=\"199\" height=\"298\" srcset=\"http:\/\/sol.fm.br\/radio\/wp-content\/uploads\/2025\/12\/51-1-267x400.jpg 267w, http:\/\/sol.fm.br\/radio\/wp-content\/uploads\/2025\/12\/51-1-768x1152.jpg 768w, http:\/\/sol.fm.br\/radio\/wp-content\/uploads\/2025\/12\/51-1-1024x1536.jpg 1024w, http:\/\/sol.fm.br\/radio\/wp-content\/uploads\/2025\/12\/51-1-1365x2048.jpg 1365w, http:\/\/sol.fm.br\/radio\/wp-content\/uploads\/2025\/12\/51-1-scaled.jpg 1707w\" sizes=\"auto, (max-width: 199px) 100vw, 199px\" \/><\/p>\n<p><strong>Sobre o autor<\/strong><\/p>\n<p><em>Victor de Almeida Moreira<\/em>\u00e9 movido pela busca incans\u00e1vel pela excel\u00eancia. Engenheiro de Produ\u00e7\u00e3o com MBA em Engenharia de Custos, \u00e9 certificado como Project Management Professional\u00ae (PMP) e Certified Cost Professional\u00ae (CCP). Ao longo de uma trajet\u00f3ria marcada por grandes conquistas, atuou em posi\u00e7\u00f5es de lideran\u00e7a em empresas como Vale, Deloitte, Hatch, Anglo American e MRN, sendo pe\u00e7a-chave na gest\u00e3o de alguns dos maiores projetos do Brasil. Reconhecido por sua capacidade de transformar desafios em solu\u00e7\u00f5es de alto valor, Victor alia vis\u00e3o estrat\u00e9gica \u00e0 execu\u00e7\u00e3o de impacto. Mais do que resultados extraordin\u00e1rios, construiu uma reputa\u00e7\u00e3o s\u00f3lida como l\u00edder inspirador, capaz de desenvolver talentos e potencializar equipes multidisciplinares. Sua miss\u00e3o \u00e9 formar pessoas antifr\u00e1geis, preparadas para prosperar diante das adversidades por meio de uma abordagem que une t\u00e9cnica, prop\u00f3sito e, sobretudo, o desenvolvimento humano.<\/p>\n<hr \/>\n<h6><strong>Assessoria de Imprensa - LC |\u00a0LC \u2013 Ag\u00eancia de Comunica\u00e7\u00e3o | Fotos: Arquivo pessoal<\/strong><\/h6>\n\n\n<center><iframe loading=\"lazy\" class=\"jmvplayer\" src=\"https:\/\/player.jmvstream.com\/lvw\/YYGWo5wfZuZ8fEW7Qoq1ISwhLSEDhU\" allowfullscreen allow=\"autoplay; fullscreen\" frameborder=\"0\" width=\"640\" height=\"360\" ><\/iframe><\/center>\n<\/div><\/div>","protected":false},"excerpt":{"rendered":"<p>Gestor de projetos que chegou ao acampamento-base da maior montanha do mundo mostra como planejamento, consist\u00eancia e an\u00e1lise de riscos podem fortalecer a lideran\u00e7a pessoal e profissional Em um mundo dominado pela pressa e pela inconst\u00e2ncia, apenas resistir j\u00e1 n\u00e3o \u00e9 o bastante. \u00c9 preciso aprender a se tornar mais forte com os impactos sofridos. [&hellip;]<\/p>\n","protected":false},"author":4,"featured_media":80631,"comment_status":"open","ping_status":"open","sticky":false,"template":"","format":"standard","meta":{"footnotes":""},"categories":[1],"tags":[],"class_list":["post-80630","post","type-post","status-publish","format-standard","has-post-thumbnail","hentry","category-sem-categoria"],"_links":{"self":[{"href":"http:\/\/sol.fm.br\/radio\/wp-json\/wp\/v2\/posts\/80630","targetHints":{"allow":["GET"]}}],"collection":[{"href":"http:\/\/sol.fm.br\/radio\/wp-json\/wp\/v2\/posts"}],"about":[{"href":"http:\/\/sol.fm.br\/radio\/wp-json\/wp\/v2\/types\/post"}],"author":[{"embeddable":true,"href":"http:\/\/sol.fm.br\/radio\/wp-json\/wp\/v2\/users\/4"}],"replies":[{"embeddable":true,"href":"http:\/\/sol.fm.br\/radio\/wp-json\/wp\/v2\/comments?post=80630"}],"version-history":[{"count":1,"href":"http:\/\/sol.fm.br\/radio\/wp-json\/wp\/v2\/posts\/80630\/revisions"}],"predecessor-version":[{"id":80633,"href":"http:\/\/sol.fm.br\/radio\/wp-json\/wp\/v2\/posts\/80630\/revisions\/80633"}],"wp:featuredmedia":[{"embeddable":true,"href":"http:\/\/sol.fm.br\/radio\/wp-json\/wp\/v2\/media\/80631"}],"wp:attachment":[{"href":"http:\/\/sol.fm.br\/radio\/wp-json\/wp\/v2\/media?parent=80630"}],"wp:term":[{"taxonomy":"category","embeddable":true,"href":"http:\/\/sol.fm.br\/radio\/wp-json\/wp\/v2\/categories?post=80630"},{"taxonomy":"post_tag","embeddable":true,"href":"http:\/\/sol.fm.br\/radio\/wp-json\/wp\/v2\/tags?post=80630"}],"curies":[{"name":"wp","href":"https:\/\/api.w.org\/{rel}","templated":true}]}}