{"id":80634,"date":"2025-12-02T11:27:51","date_gmt":"2025-12-02T14:27:51","guid":{"rendered":"http:\/\/sol.fm.br\/radio\/?p=80634"},"modified":"2025-12-02T11:27:53","modified_gmt":"2025-12-02T14:27:53","slug":"expovizinhos-reforca-avanco-da-genetica-hereford-e-braford-no-parana","status":"publish","type":"post","link":"http:\/\/sol.fm.br\/radio\/expovizinhos-reforca-avanco-da-genetica-hereford-e-braford-no-parana\/","title":{"rendered":"ExpoVizinhos refor\u00e7a avan\u00e7o da gen\u00e9tica Hereford e Braford no Paran\u00e1"},"content":{"rendered":"<div id=\"dslc-theme-content\"><div id=\"dslc-theme-content-inner\"><p style=\"text-align: center;\"><em>Mostra realizada em Dois Vizinhos reuniu exemplares das ra\u00e7as Hereford e Braford nas categorias argola e r\u00fastico<\/em><\/p>\n<p>A Associa\u00e7\u00e3o Brasileira de Hereford e Braford (ABHB) marcou presen\u00e7a na ExpoVizinhos, realizada no Parque de Exposi\u00e7\u00f5es de Dois Vizinhos (PR), com julgamentos que evidenciaram qualidade gen\u00e9tica e evolu\u00e7\u00e3o das ra\u00e7as. A mostra, organizada pela Comiss\u00e3o de Exposi\u00e7\u00f5es e Feiras do N\u00facleo For\u00e7a Cara Branca de Hereford e Braford do Sudoeste do Paran\u00e1 (NFCB), integrou oficialmente o calend\u00e1rio de exposi\u00e7\u00f5es da entidade e reuniu exemplares das categorias argola e r\u00fastico.<\/p>\n<p>Na categoria Hereford argola, a Cabanha Vento Aragano, de Francisco Beltr\u00e3o (PR), conquistou os principais t\u00edtulos entre as f\u00eameas e machos na categoria Polled Hereford PO. A f\u00eamea tatuagem 037 foi escolhida campe\u00e3 terneira e grande campe\u00e3. J\u00e1 a Agropecu\u00e1ria S\u00e3o Francisco, de Dois Vizinhos, ficou com a campe\u00e3 vaquilhona maior, tatuagem 324. Nos machos, a Vento Aragano levou o t\u00edtulo de campe\u00e3o terneiro e grande campe\u00e3o com o exemplar tatuagem 036.<\/p>\n<p>Entre as f\u00eameas Braford argola, a grande campe\u00e3 foi a campe\u00e3 terneira menor tatuagem 0002, da Cabanha Missioneira, de Seara (SC). A f\u00eamea tatuagem FIVC030, da Fazenda 2A, de Palmas (PR), ficou com o t\u00edtulo de campe\u00e3 terneira. Nos machos, o campe\u00e3o terneiro menor e grande campe\u00e3o foi o tatuagem 04, da Fazenda Alvorada, de \u00c1gua Doce (SC).<\/p>\n<p>Nos r\u00fasticos Hereford, a Cabanha Vento Aragano, de Francisco Beltr\u00e3o (PR), venceu entre as f\u00eameas Polled Hereford PO com a vaca tatuagem 22, eleita melhor vaca adulta e melhor vaca r\u00fastica. Na categoria Polled Hereford PC, o lote campe\u00e3o de vaquilhona e lote grande campe\u00e3o ficou com a BGL Florestal e Agropecu\u00e1ria LTDA., de General Carneiro (PR), com as f\u00eameas tatuagens 0222, 0923 e 1222. A Fazenda Alto Alegre, de General Carneiro (PR), garantiu o t\u00edtulo de melhor vaquilhona e melhor r\u00fastica com a f\u00eamea tatuagem 0823.<\/p>\n<p>Entre os machos Polled Hereford PO, o melhor j\u00fanior e melhor r\u00fastico foi o tatuagem 98, da Agropecu\u00e1ria S\u00e3o Francisco, de Dois Vizinhos. No Polled Hereford PC, o lote campe\u00e3o terneiro e lote grande campe\u00e3o ficou com as f\u00eameas de| tatuagens: 0222, 0923 e 1222, da BGL Florestal e Agropecu\u00e1ria, de General Carneiro. A Fazenda 2A, de Palmas, venceu a categoria melhor dois anos e melhor r\u00fastico com o tatuagem 3829.<\/p>\n<p>No Braford r\u00fastico, o lote campe\u00e3o terneira e lote grande campe\u00e3o entre as f\u00eameas foi para a Fazenda Caracarai, de Palmas (PR), com as tatuagens 34, 54 e 57. Nos machos, a Fazenda 2A, de Palmas, garantiu o lote campe\u00e3o j\u00fanior e lote grande campe\u00e3o com os animais tatuagens FIV34, FIV35 e FIV36. O t\u00edtulo de melhor tr\u00eas anos e melhor r\u00fastico foi para o exemplar tatuagem I68, da Agropecu\u00e1ria Graminho, de Mangerinha (PR) e o t\u00edtulo de melhor terneira e melhor r\u00fastica, ficou com a f\u00eamea tatuagem 104, da Fazenda Caracarai, de Palmas.<\/p>\n<hr \/>\n<h6><strong>AgroEffective | Assessoria de Comunica\u00e7\u00e3o da Associa\u00e7\u00e3o Brasileira de Hereford e Braford (ABHB) | <span style=\"font-size: revert; color: initial;\">Foto: ABHB\/Divulga\u00e7\u00e3o |\u00a0<\/span>Texto: Nestor Tipa J\u00fanior\/AgroEffective<\/strong><\/h6>\n\n\n<center><iframe loading=\"lazy\" class=\"jmvplayer\" src=\"https:\/\/player.jmvstream.com\/lvw\/YYGWo5wfZuZ8fEW7Qoq1ISwhLSEDhU\" allowfullscreen allow=\"autoplay; fullscreen\" frameborder=\"0\" width=\"640\" height=\"360\" ><\/iframe><\/center>\n<\/div><\/div>","protected":false},"excerpt":{"rendered":"<p>Mostra realizada em Dois Vizinhos reuniu exemplares das ra\u00e7as Hereford e Braford nas categorias argola e r\u00fastico A Associa\u00e7\u00e3o Brasileira de Hereford e Braford (ABHB) marcou presen\u00e7a na ExpoVizinhos, realizada no Parque de Exposi\u00e7\u00f5es de Dois Vizinhos (PR), com julgamentos que evidenciaram qualidade gen\u00e9tica e evolu\u00e7\u00e3o das ra\u00e7as. A mostra, organizada pela Comiss\u00e3o de Exposi\u00e7\u00f5es [&hellip;]<\/p>\n","protected":false},"author":4,"featured_media":80635,"comment_status":"open","ping_status":"open","sticky":false,"template":"","format":"standard","meta":{"footnotes":""},"categories":[1],"tags":[],"class_list":["post-80634","post","type-post","status-publish","format-standard","has-post-thumbnail","hentry","category-sem-categoria"],"_links":{"self":[{"href":"http:\/\/sol.fm.br\/radio\/wp-json\/wp\/v2\/posts\/80634","targetHints":{"allow":["GET"]}}],"collection":[{"href":"http:\/\/sol.fm.br\/radio\/wp-json\/wp\/v2\/posts"}],"about":[{"href":"http:\/\/sol.fm.br\/radio\/wp-json\/wp\/v2\/types\/post"}],"author":[{"embeddable":true,"href":"http:\/\/sol.fm.br\/radio\/wp-json\/wp\/v2\/users\/4"}],"replies":[{"embeddable":true,"href":"http:\/\/sol.fm.br\/radio\/wp-json\/wp\/v2\/comments?post=80634"}],"version-history":[{"count":1,"href":"http:\/\/sol.fm.br\/radio\/wp-json\/wp\/v2\/posts\/80634\/revisions"}],"predecessor-version":[{"id":80636,"href":"http:\/\/sol.fm.br\/radio\/wp-json\/wp\/v2\/posts\/80634\/revisions\/80636"}],"wp:featuredmedia":[{"embeddable":true,"href":"http:\/\/sol.fm.br\/radio\/wp-json\/wp\/v2\/media\/80635"}],"wp:attachment":[{"href":"http:\/\/sol.fm.br\/radio\/wp-json\/wp\/v2\/media?parent=80634"}],"wp:term":[{"taxonomy":"category","embeddable":true,"href":"http:\/\/sol.fm.br\/radio\/wp-json\/wp\/v2\/categories?post=80634"},{"taxonomy":"post_tag","embeddable":true,"href":"http:\/\/sol.fm.br\/radio\/wp-json\/wp\/v2\/tags?post=80634"}],"curies":[{"name":"wp","href":"https:\/\/api.w.org\/{rel}","templated":true}]}}