{"id":80637,"date":"2025-12-02T15:13:21","date_gmt":"2025-12-02T18:13:21","guid":{"rendered":"http:\/\/sol.fm.br\/radio\/?p=80637"},"modified":"2025-12-02T15:13:23","modified_gmt":"2025-12-02T18:13:23","slug":"sesc-rs-apresenta-quarteto-de-cordas-presto-no-20o-natal-magico-de-taquara","status":"publish","type":"post","link":"http:\/\/sol.fm.br\/radio\/sesc-rs-apresenta-quarteto-de-cordas-presto-no-20o-natal-magico-de-taquara\/","title":{"rendered":"Sesc\/RS apresenta Quarteto de Cordas Presto no 20\u00ba Natal M\u00e1gico de Taquara"},"content":{"rendered":"<div id=\"dslc-theme-content\"><div id=\"dslc-theme-content-inner\"><p dir=\"ltr\" style=\"text-align: center;\"><em>Espet\u00e1culo gratuito integra a programa\u00e7\u00e3o especial na Pra\u00e7a Marechal Deodoro nesta ter\u00e7a-feira (02\/12)<\/em><\/p>\n<p dir=\"ltr\"><span data-olk-copy-source=\"MessageBody\">A magia do Natal tomar\u00e1 conta de Taquara nesta ter\u00e7a-feira, 02 de dezembro, \u00e0s 20h. A Pra\u00e7a Marechal Deodoro ser\u00e1 o cen\u00e1rio da apresenta\u00e7\u00e3o do Quarteto de Cordas Presto, dentro da programa\u00e7\u00e3o do 20\u00ba Natal M\u00e1gico de Taquara, realizado pela Prefeitura Municipal com o apoio do\u00a0<\/span>Sesc. Composto por dois violinos, viola e violoncelo, o grupo leva ao p\u00fablico a delicadeza e a for\u00e7a da m\u00fasica erudita em um espet\u00e1culo gratuito e aberto a toda a comunidade. A apresenta\u00e7\u00e3o promete emocionar moradores e visitantes, oferecendo um momento de contempla\u00e7\u00e3o e celebra\u00e7\u00e3o em meio \u00e0s festividades natalinas. O evento acontece na Rua J\u00falio de Castilhos, no Centro de Taquara, e n\u00e3o exige inscri\u00e7\u00e3o pr\u00e9via. A participa\u00e7\u00e3o \u00e9 totalmente gratuita.<\/p>\n<p dir=\"ltr\"><strong>Arte Sesc \u2013\u00a0<\/strong>\u00c9 um dos pilares priorit\u00e1rios para o Sesc\/RS e tem como prop\u00f3sitos a valoriza\u00e7\u00e3o da arte e a dissemina\u00e7\u00e3o da cultura para a sociedade de forma democr\u00e1tica e acess\u00edvel, com a\u00e7\u00f5es que proporcionem a forma\u00e7\u00e3o de plateias dos mais diferentes p\u00fablicos. Dessa forma, promove atividades culturais de teatro, m\u00fasica, artes pl\u00e1sticas, circo, literatura e cinema, com uma intensa troca de experi\u00eancias para ampliar o acesso \u00e0 produ\u00e7\u00e3o art\u00edstica.<\/p>\n<p dir=\"ltr\"><strong>20\u00ba Natal M\u00e1gico de Taquara - Sesc Taquara<\/strong><\/p>\n<p dir=\"ltr\"><strong>Data<\/strong>:\u00a002\/12 (ter\u00e7a-feira)<\/p>\n<p dir=\"ltr\"><strong>Hor\u00e1rio<\/strong>:\u00a020h<\/p>\n<p dir=\"ltr\"><strong>Local<\/strong>:\u00a0Pra\u00e7a Marechal Deodoro<\/p>\n<p dir=\"ltr\"><em>Atividade gratuita<\/em><\/p>\n<hr \/>\n<h6><strong>Moglia Comunica\u00e7\u00e3o Empresarial<\/strong><\/h6>\n\n\n<center><iframe loading=\"lazy\" class=\"jmvplayer\" src=\"https:\/\/player.jmvstream.com\/lvw\/YYGWo5wfZuZ8fEW7Qoq1ISwhLSEDhU\" allowfullscreen allow=\"autoplay; fullscreen\" frameborder=\"0\" width=\"640\" height=\"360\" ><\/iframe><\/center>\n<\/div><\/div>","protected":false},"excerpt":{"rendered":"<p>Espet\u00e1culo gratuito integra a programa\u00e7\u00e3o especial na Pra\u00e7a Marechal Deodoro nesta ter\u00e7a-feira (02\/12) A magia do Natal tomar\u00e1 conta de Taquara nesta ter\u00e7a-feira, 02 de dezembro, \u00e0s 20h. A Pra\u00e7a Marechal Deodoro ser\u00e1 o cen\u00e1rio da apresenta\u00e7\u00e3o do Quarteto de Cordas Presto, dentro da programa\u00e7\u00e3o do 20\u00ba Natal M\u00e1gico de Taquara, realizado pela Prefeitura Municipal [&hellip;]<\/p>\n","protected":false},"author":4,"featured_media":80638,"comment_status":"open","ping_status":"open","sticky":false,"template":"","format":"standard","meta":{"footnotes":""},"categories":[1],"tags":[],"class_list":["post-80637","post","type-post","status-publish","format-standard","has-post-thumbnail","hentry","category-sem-categoria"],"_links":{"self":[{"href":"http:\/\/sol.fm.br\/radio\/wp-json\/wp\/v2\/posts\/80637","targetHints":{"allow":["GET"]}}],"collection":[{"href":"http:\/\/sol.fm.br\/radio\/wp-json\/wp\/v2\/posts"}],"about":[{"href":"http:\/\/sol.fm.br\/radio\/wp-json\/wp\/v2\/types\/post"}],"author":[{"embeddable":true,"href":"http:\/\/sol.fm.br\/radio\/wp-json\/wp\/v2\/users\/4"}],"replies":[{"embeddable":true,"href":"http:\/\/sol.fm.br\/radio\/wp-json\/wp\/v2\/comments?post=80637"}],"version-history":[{"count":1,"href":"http:\/\/sol.fm.br\/radio\/wp-json\/wp\/v2\/posts\/80637\/revisions"}],"predecessor-version":[{"id":80639,"href":"http:\/\/sol.fm.br\/radio\/wp-json\/wp\/v2\/posts\/80637\/revisions\/80639"}],"wp:featuredmedia":[{"embeddable":true,"href":"http:\/\/sol.fm.br\/radio\/wp-json\/wp\/v2\/media\/80638"}],"wp:attachment":[{"href":"http:\/\/sol.fm.br\/radio\/wp-json\/wp\/v2\/media?parent=80637"}],"wp:term":[{"taxonomy":"category","embeddable":true,"href":"http:\/\/sol.fm.br\/radio\/wp-json\/wp\/v2\/categories?post=80637"},{"taxonomy":"post_tag","embeddable":true,"href":"http:\/\/sol.fm.br\/radio\/wp-json\/wp\/v2\/tags?post=80637"}],"curies":[{"name":"wp","href":"https:\/\/api.w.org\/{rel}","templated":true}]}}