{"id":80644,"date":"2025-12-03T09:07:44","date_gmt":"2025-12-03T12:07:44","guid":{"rendered":"http:\/\/sol.fm.br\/radio\/?p=80644"},"modified":"2025-12-03T09:07:48","modified_gmt":"2025-12-03T12:07:48","slug":"rede-de-farmacias-sao-joao-inaugura-sua-1a-loja-tematica-da-nivea-em-florianopolis-sc","status":"publish","type":"post","link":"http:\/\/sol.fm.br\/radio\/rede-de-farmacias-sao-joao-inaugura-sua-1a-loja-tematica-da-nivea-em-florianopolis-sc\/","title":{"rendered":"Rede de Farm\u00e1cias S\u00e3o Jo\u00e3o inaugura sua 1\u00aa loja tem\u00e1tica da NIVEA em Florian\u00f3polis\/SC"},"content":{"rendered":"<div id=\"dslc-theme-content\"><div id=\"dslc-theme-content-inner\"><p style=\"text-align: center;\"><em>Unidade 24h abre no dia 5 de dezembro, em Canasvieiras, com ativa\u00e7\u00f5es especiais, brindes e personaliza\u00e7\u00e3o da tradicional latinha azul<\/em><\/p>\n<p>\u00a0<\/p>\n<p>A Rede de Farm\u00e1cias S\u00e3o Jo\u00e3o inaugura no pr\u00f3ximo dia 5 de dezembro sua primeira loja tem\u00e1tica da NIVEA, em Florian\u00f3polis (SC). Localizada na Rua Ap\u00f3stolo Paschoal, 684, Canasvieiras, a nova unidade funcionar\u00e1 24 horas por dia, oferecendo ao p\u00fablico uma experi\u00eancia exclusiva da marca durante toda a temporada de ver\u00e3o.<\/p>\n<p>Para celebrar a abertura, a Rede S\u00e3o Jo\u00e3o preparou uma programa\u00e7\u00e3o especial com ativa\u00e7\u00f5es, distribui\u00e7\u00e3o de brindes e ofertas promocionais. Entre as atra\u00e7\u00f5es mais aguardadas, est\u00e1 a possibilidade de no dia da inaugura\u00e7\u00e3o (05\/12), o consumidor personalizar a tradicional latinha azul da NIVEA com a grava\u00e7\u00e3o do seu nome no produto.<\/p>\n<p>A loja tem\u00e1tica permanecer\u00e1 ativa at\u00e9 o final de fevereiro de 2026, proporcionando a moradores e turistas uma imers\u00e3o no universo NIVEA, com ambienta\u00e7\u00e3o diferenciada e produtos especialmente selecionados para o per\u00edodo.<\/p>\n<p>\u00a0<\/p>\n<p><strong>Sobre a S\u00e3o Jo\u00e3o<\/strong><\/p>\n<p>A Rede de Farm\u00e1cias S\u00e3o Jo\u00e3o \u00e9 a maior empresa do segmento no Sul do Brasil e a 4\u00aa maior rede varejista de medicamentos do pa\u00eds, conforme ranking da Abrafarma - Associa\u00e7\u00e3o Brasileira de Redes de Farm\u00e1cias e Drogarias. Com mais de 1200 lojas, est\u00e1 presente nos estados do Rio Grande do Sul, Santa Catarina e Paran\u00e1.<\/p>\n<p>Comprometida com as melhores pr\u00e1ticas do ESG (Environmental, Social and Governance), para alcan\u00e7ar um desenvolvimento sustent\u00e1vel nas \u00e1reas ambiental, social e financeira, a S\u00e3o Jo\u00e3o tamb\u00e9m preza pelo respeito \u00e0 diversidade, pluralidade e incentivo \u00e0 inclus\u00e3o social.<\/p>\n<p>\u00a0<\/p>\n<p><em>Farm\u00e1cias S\u00e3o Jo\u00e3o em um s\u00f3 click:<\/em><\/p>\n<p>Site: <a href=\"http:\/\/www.saojoaofarmacias.com.br\/\">www.saojoaofarmacias.com.br<\/a><\/p>\n<hr \/>\n<h6><strong>Rede de Farm\u00e1cias S\u00e3o Jo\u00e3o<\/strong><\/h6>\n\n\n<center><iframe loading=\"lazy\" class=\"jmvplayer\" src=\"https:\/\/player.jmvstream.com\/lvw\/YYGWo5wfZuZ8fEW7Qoq1ISwhLSEDhU\" allowfullscreen allow=\"autoplay; fullscreen\" frameborder=\"0\" width=\"640\" height=\"360\" ><\/iframe><\/center>\n<\/div><\/div>","protected":false},"excerpt":{"rendered":"<p>Unidade 24h abre no dia 5 de dezembro, em Canasvieiras, com ativa\u00e7\u00f5es especiais, brindes e personaliza\u00e7\u00e3o da tradicional latinha azul \u00a0 A Rede de Farm\u00e1cias S\u00e3o Jo\u00e3o inaugura no pr\u00f3ximo dia 5 de dezembro sua primeira loja tem\u00e1tica da NIVEA, em Florian\u00f3polis (SC). Localizada na Rua Ap\u00f3stolo Paschoal, 684, Canasvieiras, a nova unidade funcionar\u00e1 24 [&hellip;]<\/p>\n","protected":false},"author":4,"featured_media":80645,"comment_status":"open","ping_status":"open","sticky":false,"template":"","format":"standard","meta":{"footnotes":""},"categories":[1],"tags":[],"class_list":["post-80644","post","type-post","status-publish","format-standard","has-post-thumbnail","hentry","category-sem-categoria"],"_links":{"self":[{"href":"http:\/\/sol.fm.br\/radio\/wp-json\/wp\/v2\/posts\/80644","targetHints":{"allow":["GET"]}}],"collection":[{"href":"http:\/\/sol.fm.br\/radio\/wp-json\/wp\/v2\/posts"}],"about":[{"href":"http:\/\/sol.fm.br\/radio\/wp-json\/wp\/v2\/types\/post"}],"author":[{"embeddable":true,"href":"http:\/\/sol.fm.br\/radio\/wp-json\/wp\/v2\/users\/4"}],"replies":[{"embeddable":true,"href":"http:\/\/sol.fm.br\/radio\/wp-json\/wp\/v2\/comments?post=80644"}],"version-history":[{"count":1,"href":"http:\/\/sol.fm.br\/radio\/wp-json\/wp\/v2\/posts\/80644\/revisions"}],"predecessor-version":[{"id":80646,"href":"http:\/\/sol.fm.br\/radio\/wp-json\/wp\/v2\/posts\/80644\/revisions\/80646"}],"wp:featuredmedia":[{"embeddable":true,"href":"http:\/\/sol.fm.br\/radio\/wp-json\/wp\/v2\/media\/80645"}],"wp:attachment":[{"href":"http:\/\/sol.fm.br\/radio\/wp-json\/wp\/v2\/media?parent=80644"}],"wp:term":[{"taxonomy":"category","embeddable":true,"href":"http:\/\/sol.fm.br\/radio\/wp-json\/wp\/v2\/categories?post=80644"},{"taxonomy":"post_tag","embeddable":true,"href":"http:\/\/sol.fm.br\/radio\/wp-json\/wp\/v2\/tags?post=80644"}],"curies":[{"name":"wp","href":"https:\/\/api.w.org\/{rel}","templated":true}]}}