{"id":80650,"date":"2025-12-03T09:21:40","date_gmt":"2025-12-03T12:21:40","guid":{"rendered":"http:\/\/sol.fm.br\/radio\/?p=80650"},"modified":"2025-12-03T09:21:42","modified_gmt":"2025-12-03T12:21:42","slug":"ibeta-acelera-agenda-tecnologica-da-mobilidade-urbana-com-base-no-campus-da-industria-da-fiep","status":"publish","type":"post","link":"http:\/\/sol.fm.br\/radio\/ibeta-acelera-agenda-tecnologica-da-mobilidade-urbana-com-base-no-campus-da-industria-da-fiep\/","title":{"rendered":"IBETA acelera agenda tecnol\u00f3gica da mobilidade urbana com base no Campus da Ind\u00fastria da FIEP"},"content":{"rendered":"<div id=\"dslc-theme-content\"><div id=\"dslc-theme-content-inner\"><p style=\"text-align: center;\"><i data-olk-copy-source=\"MessageBody\">Instala\u00e7\u00e3o no Campus da Ind\u00fastria integra o IBETA ao principal ecossistema de mobilidade e inova\u00e7\u00e3o do Paran\u00e1<\/i><\/p>\n<div>\n<p>O Instituto Brasileiro de Estudos T\u00e9cnicos Avan\u00e7ados (IBETA) d\u00e1 um novo e importante passo para fortalecer a inova\u00e7\u00e3o aplicada \u00e0 mobilidade sustent\u00e1vel no Brasil. A partir de 2026, o instituto passa a operar como Centro de Pesquisa e Inova\u00e7\u00e3o em Mobilidade, instalado no Habitat Mobilidade \u2013 Campus da Ind\u00fastria da FIEP, em Curitiba. A iniciativa consolida o Paran\u00e1 como um dos principais polos nacionais de tecnologia e solu\u00e7\u00f5es para cidades inteligentes.<\/p>\n<p>Com a integra\u00e7\u00e3o ao ecossistema da FIEP, o IBETA passa a compor a vertical de Cidades Inteligentes, conectando-se a empresas, ind\u00fastrias, startups e institui\u00e7\u00f5es dedicadas a \u00e1reas como eletrifica\u00e7\u00e3o, hidrog\u00eanio, tokeniza\u00e7\u00e3o, rob\u00f3tica m\u00f3vel, log\u00edstica digital, novos materiais e descarboniza\u00e7\u00e3o. O movimento amplia a capacidade de desenvolvimento tecnol\u00f3gico do instituto e acelera projetos voltados \u00e0 efici\u00eancia, sustentabilidade e inova\u00e7\u00e3o na mobilidade urbana.<\/p>\n<p>Refer\u00eancia nacional em Verifica\u00e7\u00e3o Independente, Governan\u00e7a de Contratos de Concess\u00e3o e Sistemas de Gest\u00e3o em Mobilidade, o IBETA n\u00e3o passa por uma mudan\u00e7a de atua\u00e7\u00e3o, mas por uma evolu\u00e7\u00e3o estrutural. Suas compet\u00eancias t\u00e9cnicas permanecem, agora potencializadas por um ambiente de pesquisa aplicada, valida\u00e7\u00e3o tecnol\u00f3gica e inova\u00e7\u00e3o aberta dentro da FIEP.<\/p>\n<p>Segundo Willian Keller, diretor do IBETA, o momento representa uma virada estrat\u00e9gica para o futuro da mobilidade brasileira. \u201cEstar dentro da FIEP, ao lado de um dos ecossistemas de inova\u00e7\u00e3o mais relevantes do pa\u00eds, \u00e9 decisivo para o futuro da mobilidade no Brasil. Isso nos permite acelerar novas solu\u00e7\u00f5es, conectando tecnologia, governan\u00e7a e sustentabilidade em benef\u00edcio das cidades e da popula\u00e7\u00e3o.\u201d<\/p>\n<p>\u201c<em>Esse movimento n\u00e3o \u00e9 apenas uma expans\u00e3o operacional. Ele potencializa o que j\u00e1 fazemos: transformar dados e tecnologia em decis\u00f5es seguras, eficientes e transparentes para o poder p\u00fablico, operadores e cidad\u00e3os.<\/em>\u201d, enfatiza Keller.<\/p>\n<p>Para o Conselheiro do IBETA, F\u00e1bio Siebert, a nova fase se traduz em impacto direto para o ecossistema nacional de mobilidade. <em>\u201cO IBETA se consolida como um centro de refer\u00eancia pela combina\u00e7\u00e3o de ci\u00eancia de dados, governan\u00e7a e tecnologia. Intensificar o desenvolvimento tecnol\u00f3gico dentro do ambiente da FIEP permite ampliar resultados para todo o pa\u00eds, impulsionando cidades mais inteligentes, sustent\u00e1veis e conectadas.\u201d<\/em><\/p>\n<p>Com o avan\u00e7o, o Paran\u00e1 refor\u00e7a seu protagonismo no cen\u00e1rio nacional ao reunir centros de pesquisa, empresas e institui\u00e7\u00f5es dedicadas \u00e0 mobilidade, criando um ambiente favor\u00e1vel \u00e0 inova\u00e7\u00e3o cont\u00ednua. Ao longo de 2026, o IBETA deve anunciar novos projetos dedicados \u00e0 melhoria da qualidade do transporte p\u00fablico, sustentabilidade operacional, digitaliza\u00e7\u00e3o de contratos de concess\u00e3o e solu\u00e7\u00f5es inteligentes para planejamento urbano.<\/p>\n<hr \/>\n<h6><strong>Estilo Editorial Comunica\u00e7\u00e3o | Foto: Luiz Costa<\/strong><\/h6>\n<\/div>\n\n\n<center><iframe loading=\"lazy\" class=\"jmvplayer\" src=\"https:\/\/player.jmvstream.com\/lvw\/YYGWo5wfZuZ8fEW7Qoq1ISwhLSEDhU\" allowfullscreen allow=\"autoplay; fullscreen\" frameborder=\"0\" width=\"640\" height=\"360\" ><\/iframe><\/center>\n<\/div><\/div>","protected":false},"excerpt":{"rendered":"<p>Instala\u00e7\u00e3o no Campus da Ind\u00fastria integra o IBETA ao principal ecossistema de mobilidade e inova\u00e7\u00e3o do Paran\u00e1 O Instituto Brasileiro de Estudos T\u00e9cnicos Avan\u00e7ados (IBETA) d\u00e1 um novo e importante passo para fortalecer a inova\u00e7\u00e3o aplicada \u00e0 mobilidade sustent\u00e1vel no Brasil. A partir de 2026, o instituto passa a operar como Centro de Pesquisa e [&hellip;]<\/p>\n","protected":false},"author":4,"featured_media":80651,"comment_status":"open","ping_status":"open","sticky":false,"template":"","format":"standard","meta":{"footnotes":""},"categories":[1],"tags":[],"class_list":["post-80650","post","type-post","status-publish","format-standard","has-post-thumbnail","hentry","category-sem-categoria"],"_links":{"self":[{"href":"http:\/\/sol.fm.br\/radio\/wp-json\/wp\/v2\/posts\/80650","targetHints":{"allow":["GET"]}}],"collection":[{"href":"http:\/\/sol.fm.br\/radio\/wp-json\/wp\/v2\/posts"}],"about":[{"href":"http:\/\/sol.fm.br\/radio\/wp-json\/wp\/v2\/types\/post"}],"author":[{"embeddable":true,"href":"http:\/\/sol.fm.br\/radio\/wp-json\/wp\/v2\/users\/4"}],"replies":[{"embeddable":true,"href":"http:\/\/sol.fm.br\/radio\/wp-json\/wp\/v2\/comments?post=80650"}],"version-history":[{"count":1,"href":"http:\/\/sol.fm.br\/radio\/wp-json\/wp\/v2\/posts\/80650\/revisions"}],"predecessor-version":[{"id":80652,"href":"http:\/\/sol.fm.br\/radio\/wp-json\/wp\/v2\/posts\/80650\/revisions\/80652"}],"wp:featuredmedia":[{"embeddable":true,"href":"http:\/\/sol.fm.br\/radio\/wp-json\/wp\/v2\/media\/80651"}],"wp:attachment":[{"href":"http:\/\/sol.fm.br\/radio\/wp-json\/wp\/v2\/media?parent=80650"}],"wp:term":[{"taxonomy":"category","embeddable":true,"href":"http:\/\/sol.fm.br\/radio\/wp-json\/wp\/v2\/categories?post=80650"},{"taxonomy":"post_tag","embeddable":true,"href":"http:\/\/sol.fm.br\/radio\/wp-json\/wp\/v2\/tags?post=80650"}],"curies":[{"name":"wp","href":"https:\/\/api.w.org\/{rel}","templated":true}]}}