{"id":80657,"date":"2025-12-03T09:41:00","date_gmt":"2025-12-03T12:41:00","guid":{"rendered":"http:\/\/sol.fm.br\/radio\/?p=80657"},"modified":"2025-12-03T09:41:04","modified_gmt":"2025-12-03T12:41:04","slug":"comercio-exterior-brasileiro-em-2025-turbulencias-recordes-e-um-alerta-para-a-documentacao-tecnica","status":"publish","type":"post","link":"http:\/\/sol.fm.br\/radio\/comercio-exterior-brasileiro-em-2025-turbulencias-recordes-e-um-alerta-para-a-documentacao-tecnica\/","title":{"rendered":"Com\u00e9rcio exterior brasileiro em 2025: turbul\u00eancias, recordes e um alerta para a documenta\u00e7\u00e3o t\u00e9cnica"},"content":{"rendered":"<div id=\"dslc-theme-content\"><div id=\"dslc-theme-content-inner\"><p data-olk-copy-source=\"MessageBody\">Em um ano marcado por choques tarif\u00e1rios, reconfigura\u00e7\u00f5es de rotas de exporta\u00e7\u00e3o e recordes na corrente de com\u00e9rcio, o com\u00e9rcio exterior brasileiro vive 2025 sob forte tens\u00e3o e com desafios in\u00e9ditos para quem exporta. Nesse cen\u00e1rio de incertezas, a tradu\u00e7\u00e3o t\u00e9cnica e a conformidade documental se tornaram mais do que um detalhe: viraram requisito estrat\u00e9gico para garantir competitividade e acesso ao mercado global.<\/p>\n<p>Segundo dados oficiais, o Brasil bateu, em outubro de 2025, recordes de exporta\u00e7\u00e3o, importa\u00e7\u00e3o e corrente de com\u00e9rcio acumulada. As exporta\u00e7\u00f5es somaram US$ 289,7 bilh\u00f5es e as importa\u00e7\u00f5es US$ 237,3 bilh\u00f5es no acumulado do ano, resultando em saldo positivo de US$ 52,3 bilh\u00f5es e corrente de com\u00e9rcio de US$ 527,1 bilh\u00f5es.<\/p>\n<p>Apesar desse desempenho agregado, muitos exportadores sentiram os efeitos do chamado \u201ctarifa\u00e7o\u201d dos EUA. Com sobretaxas sobre uma parte significativa dos produtos brasileiros enviados ao mercado americano, exporta\u00e7\u00f5es sofreram quedas importantes para determinados setores.<\/p>\n<p>A retra\u00e7\u00e3o em mercados tradicionais e a instabilidade cambial levaram empresas a buscar novos destinos, abrir rotas alternativas e reestruturar cadeias log\u00edsticas, o que intensificou a complexidade documental e regulat\u00f3ria.<\/p>\n<p><strong>O novo \u201ccampo minado\u201d documental<\/strong><\/p>\n<p>Com os fluxos globais mais vol\u00e1teis, regulamenta\u00e7\u00f5es mais r\u00edgidas e fiscaliza\u00e7\u00e3o internacional crescente, documentos de exporta\u00e7\u00e3o deixaram de ser \u201cburocracia secund\u00e1ria\u201d para se tornarem centrais. Entre os desafios:<\/p>\n<ul>\n<li><strong>Comprova\u00e7\u00e3o de origem, rastreabilidade e conformidade regulat\u00f3ria:\u00a0<\/strong>cada vez mais exigidas por importadores e autoridades estrangeiras.<\/li>\n<li><strong>Tradu\u00e7\u00e3o t\u00e9cnica e juramentada correta<\/strong>: particularmente para laudos, fichas de seguran\u00e7a (SDS), certificados de an\u00e1lise, rotulagem bil\u00edngue e documenta\u00e7\u00e3o t\u00e9cnica de insumos e mat\u00e9rias-primas.<\/li>\n<li><strong>Volume alto de dossi\u00eas e contratos complexos:\u00a0<\/strong>com m\u00faltiplos mercados-destino, exigindo versionamento e gest\u00e3o documental robusta.<\/li>\n<li><strong>Prazo reduzido para adequa\u00e7\u00f5es:\u00a0<\/strong>com a oscila\u00e7\u00e3o de tarifas e mudan\u00e7as regulat\u00f3rias, exportadores t\u00eam menos tempo para corrigir erros, e uma documenta\u00e7\u00e3o falha pode representar perda de embarque, multas ou rejei\u00e7\u00e3o de carga.<\/li>\n<\/ul>\n<p><img loading=\"lazy\" decoding=\"async\" class=\"alignleft wp-image-80659 size-medium\" src=\"http:\/\/sol.fm.br\/radio\/wp-content\/uploads\/2025\/12\/41-266x400.jpg\" alt=\"\" width=\"266\" height=\"400\" srcset=\"http:\/\/sol.fm.br\/radio\/wp-content\/uploads\/2025\/12\/41-266x400.jpg 266w, http:\/\/sol.fm.br\/radio\/wp-content\/uploads\/2025\/12\/41-768x1154.jpg 768w, http:\/\/sol.fm.br\/radio\/wp-content\/uploads\/2025\/12\/41-1022x1536.jpg 1022w, http:\/\/sol.fm.br\/radio\/wp-content\/uploads\/2025\/12\/41-1363x2048.jpg 1363w, http:\/\/sol.fm.br\/radio\/wp-content\/uploads\/2025\/12\/41-scaled.jpg 1703w\" sizes=\"auto, (max-width: 266px) 100vw, 266px\" \/><\/p>\n<p><em>\u201cNum ano em que o mercado global se desconfigurou, n\u00e3o basta competir em pre\u00e7o ou escala, quem n\u00e3o tiver papelada afiada pode ficar fora. Uma tradu\u00e7\u00e3o t\u00e9cnica mal feita, um laudo ou certificado fora da norma: isso basta para travar tudo<\/em>\u201d, alerta Gabriel Del Bello, fundador da Gold Tradu\u00e7\u00f5es.<\/p>\n<p>Neste contexto, a Gold Tradu\u00e7\u00f5es se firmou como parceira estrat\u00e9gica de exportadores.<\/p>\n<p><em>\u201cEste ano mostrou que a diferen\u00e7a entre embarcar ou ver um cont\u00eainer parado est\u00e1 muitas vezes na tradu\u00e7\u00e3o correta e na documenta\u00e7\u00e3o impec\u00e1vel, n\u00e3o no pre\u00e7o<\/em>\u201d, completa Del Bello.<\/p>\n<p>Para quem exporta e quer evitar surpresas no pr\u00f3ximo ano, o especialista d\u00e1 dicas e recomenda alguns pontos para exportadores enfrentarem 2026 com seguran\u00e7a:<\/p>\n<ol>\n<li>Mapear todos os mercados de destino e suas exig\u00eancias regulat\u00f3rias antes de fechar contratos;<\/li>\n<li>Priorizar tradu\u00e7\u00f5es t\u00e9cnicas\/juramentadas de documentos cr\u00edticos \u2014 laudos, SDS, certificados de origem, rotulagem;<\/li>\n<li>Implementar controle documental com versionamento e hist\u00f3rico de revis\u00f5es;<\/li>\n<li>Ter servi\u00e7o de compliance ou consultoria regulat\u00f3ria para acompanhar mudan\u00e7as internacionais;<\/li>\n<li>Preparar dossi\u00eas completos para cada exporta\u00e7\u00e3o, considerando especificidades de cada mercado.<\/li>\n<\/ol>\n<p>\u201c<em>Quem entrar 2026 com checklist pronto, documentos alinhados e compliance t\u00e9cnico tem vantagem competitiva e seguran\u00e7a para operar globalmente mesmo em ambiente vol\u00e1til<\/em>\u201d, conclui Del Bello.<\/p>\n<hr \/>\n<h6><strong>Ag\u00eancia Erigo | Fotos: Divulga\u00e7\u00e3o<\/strong><\/h6>\n\n\n<center><iframe loading=\"lazy\" class=\"jmvplayer\" src=\"https:\/\/player.jmvstream.com\/lvw\/YYGWo5wfZuZ8fEW7Qoq1ISwhLSEDhU\" allowfullscreen allow=\"autoplay; fullscreen\" frameborder=\"0\" width=\"640\" height=\"360\" ><\/iframe><\/center>\n<\/div><\/div>","protected":false},"excerpt":{"rendered":"<p>Em um ano marcado por choques tarif\u00e1rios, reconfigura\u00e7\u00f5es de rotas de exporta\u00e7\u00e3o e recordes na corrente de com\u00e9rcio, o com\u00e9rcio exterior brasileiro vive 2025 sob forte tens\u00e3o e com desafios in\u00e9ditos para quem exporta. Nesse cen\u00e1rio de incertezas, a tradu\u00e7\u00e3o t\u00e9cnica e a conformidade documental se tornaram mais do que um detalhe: viraram requisito estrat\u00e9gico [&hellip;]<\/p>\n","protected":false},"author":4,"featured_media":80658,"comment_status":"open","ping_status":"open","sticky":false,"template":"","format":"standard","meta":{"footnotes":""},"categories":[1],"tags":[],"class_list":["post-80657","post","type-post","status-publish","format-standard","has-post-thumbnail","hentry","category-sem-categoria"],"_links":{"self":[{"href":"http:\/\/sol.fm.br\/radio\/wp-json\/wp\/v2\/posts\/80657","targetHints":{"allow":["GET"]}}],"collection":[{"href":"http:\/\/sol.fm.br\/radio\/wp-json\/wp\/v2\/posts"}],"about":[{"href":"http:\/\/sol.fm.br\/radio\/wp-json\/wp\/v2\/types\/post"}],"author":[{"embeddable":true,"href":"http:\/\/sol.fm.br\/radio\/wp-json\/wp\/v2\/users\/4"}],"replies":[{"embeddable":true,"href":"http:\/\/sol.fm.br\/radio\/wp-json\/wp\/v2\/comments?post=80657"}],"version-history":[{"count":1,"href":"http:\/\/sol.fm.br\/radio\/wp-json\/wp\/v2\/posts\/80657\/revisions"}],"predecessor-version":[{"id":80660,"href":"http:\/\/sol.fm.br\/radio\/wp-json\/wp\/v2\/posts\/80657\/revisions\/80660"}],"wp:featuredmedia":[{"embeddable":true,"href":"http:\/\/sol.fm.br\/radio\/wp-json\/wp\/v2\/media\/80658"}],"wp:attachment":[{"href":"http:\/\/sol.fm.br\/radio\/wp-json\/wp\/v2\/media?parent=80657"}],"wp:term":[{"taxonomy":"category","embeddable":true,"href":"http:\/\/sol.fm.br\/radio\/wp-json\/wp\/v2\/categories?post=80657"},{"taxonomy":"post_tag","embeddable":true,"href":"http:\/\/sol.fm.br\/radio\/wp-json\/wp\/v2\/tags?post=80657"}],"curies":[{"name":"wp","href":"https:\/\/api.w.org\/{rel}","templated":true}]}}