{"id":80661,"date":"2025-12-03T10:00:22","date_gmt":"2025-12-03T13:00:22","guid":{"rendered":"http:\/\/sol.fm.br\/radio\/?p=80661"},"modified":"2025-12-03T10:00:24","modified_gmt":"2025-12-03T13:00:24","slug":"governo-prorroga-inscricoes-do-programa-mei-rs-calamidades-ate-marco-de-2026","status":"publish","type":"post","link":"http:\/\/sol.fm.br\/radio\/governo-prorroga-inscricoes-do-programa-mei-rs-calamidades-ate-marco-de-2026\/","title":{"rendered":"Governo prorroga inscri\u00e7\u00f5es do Programa MEI RS Calamidades at\u00e9 mar\u00e7o de 2026"},"content":{"rendered":"<div id=\"dslc-theme-content\"><div id=\"dslc-theme-content-inner\"><p style=\"text-align: center;\"><em>Iniciativa oferece aux\u00edlio financeiro de R$ 1,5 mil<\/em><\/p>\n<p>O prazo de inscri\u00e7\u00f5es da segunda fase do Programa MEI RS Calamidades foi prorrogado at\u00e9 31 de mar\u00e7o de 2026. A iniciativa do governo do Estado, realizada por meio da Secretaria de Trabalho e Desenvolvimento Profissional (STDP), apoia microempreendedores individuais atingidos pelas enchentes de 2024. A decis\u00e3o foi publicada no Di\u00e1rio Oficial do Estado (DOE) nesta ter\u00e7a-feira (3\/12).<\/p>\n<ul>\n<li><strong><a href=\"https:\/\/forms.office.com\/pages\/responsepage.aspx?id=CdncFcCN6UCh5c7LBTzdGvONiSjEt-5Fp5xpKaa9u0JUODNMR1VVV1FDOEpHVVk0NEhFVTFCQVhGNS4u&amp;route=shorturl\" target=\"_blank\" rel=\"noopener\">Formul\u00e1rio para inscri\u00e7\u00e3o<\/a><\/strong><\/li>\n<\/ul>\n<p>O secret\u00e1rio de Trabalho e Desenvolvimento Profissional, Gilmar Sossella, destacou a import\u00e2ncia de ampliar o per\u00edodo de cadastro<em>. \u201cAinda s\u00e3o mais de 9 mil pessoas que n\u00e3o buscaram o direito que t\u00eam. Dispomos de recursos para atender mais microempreendedores e auxili\u00e1-los na retomada dos seus neg\u00f3cios, n\u00e3o apenas com repasse direto, mas tamb\u00e9m com capacita\u00e7\u00e3o que fortalece a sustentabilidade desses empreendimentos\u201d<\/em>, afirmou.<\/p>\n<p>A iniciativa oferece aux\u00edlio financeiro de R$ 1,5 mil, por meio da conta Caixa Tem, da Caixa Econ\u00f4mica Federal, para todos os habilitados; consultoria gratuita de neg\u00f3cios, executada pela Pontif\u00edcia Universidade Cat\u00f3lica do Rio Grande do Sul (PUCRS); e, ao final, uma segunda parcela de R$ 1,5 mil, paga pelo Banrisul, para quem concluir a consultoria e abrir uma conta empresarial gratuita no banco.<\/p>\n<p>Os crit\u00e9rios para participar s\u00e3o:<\/p>\n<ul>\n<li>ter endere\u00e7o cadastrado em munic\u00edpio com estado de calamidade decretado e localizado na mancha de inunda\u00e7\u00e3o;<\/li>\n<li>estar com CNPJ ativo e CPF regular;<\/li>\n<li>ter faturamento nos anos de 2023 ou 2024;<\/li>\n<li>n\u00e3o ter sido beneficiado previamente por outro programa estadual voltado aos atingidos pelos eventos meteorol\u00f3gicos.<\/li>\n<\/ul>\n<p>O MEI RS Calamidades integra o\u00a0<strong><a href=\"https:\/\/planoriogrande.rs.gov.br\/inicial\" target=\"_blank\" rel=\"noopener\">Plano Rio Grande<\/a><\/strong>. Liderado pelo governador Eduardo Leite, o plano \u00e9 o programa de Estado criado para proteger a popula\u00e7\u00e3o, reconstruir o Rio Grande do Sul e torn\u00e1-lo ainda mais forte e resiliente, preparado para o futuro.<\/p>\n<p>O investimento total desde o lan\u00e7amento da iniciativa ultrapassa R$ 108 milh\u00f5es, provenientes do Pix SOS Rio Grande do Sul e do Fundo do Plano Rio Grande (Funrigs).<\/p>\n<p><strong>Novo cronograma<\/strong><\/p>\n<p>A divulga\u00e7\u00e3o dos candidatos contemplados ap\u00f3s a prorroga\u00e7\u00e3o ocorrer\u00e1 em 24 de abril de 2026. Os microempreendedores n\u00e3o habilitados poder\u00e3o apresentar recursos de 25 de abril a 1\u00ba de maio. O dep\u00f3sito da primeira parcela est\u00e1 previsto para 11 de maio.<\/p>\n<p><strong>Servi\u00e7o<\/strong><\/p>\n<ul>\n<li><strong>O qu\u00ea:<\/strong>\u00a0prorroga\u00e7\u00e3o das inscri\u00e7\u00f5es do Programa MEI RS Calamidades 2<\/li>\n<li><strong>Quando:<\/strong>\u00a0at\u00e9 31 de mar\u00e7o de 2026<\/li>\n<li><strong>Como:<\/strong>\u00a0preenchimento de formul\u00e1rio on-line<\/li>\n<li><strong>Quem pode se inscrever:<\/strong>\u00a0microempreendedores individuais que atendam aos crit\u00e9rios, n\u00e3o beneficiados na primeira fase do programa.<\/li>\n<\/ul>\n<hr \/>\n<h6><strong>GOV RS | Texto: Ascom STDP | Edi\u00e7\u00e3o: Secom<\/strong><\/h6>\n\n\n<center><iframe loading=\"lazy\" class=\"jmvplayer\" src=\"https:\/\/player.jmvstream.com\/lvw\/YYGWo5wfZuZ8fEW7Qoq1ISwhLSEDhU\" allowfullscreen allow=\"autoplay; fullscreen\" frameborder=\"0\" width=\"640\" height=\"360\" ><\/iframe><\/center>\n<\/div><\/div>","protected":false},"excerpt":{"rendered":"<p>Iniciativa oferece aux\u00edlio financeiro de R$ 1,5 mil O prazo de inscri\u00e7\u00f5es da segunda fase do Programa MEI RS Calamidades foi prorrogado at\u00e9 31 de mar\u00e7o de 2026. A iniciativa do governo do Estado, realizada por meio da Secretaria de Trabalho e Desenvolvimento Profissional (STDP), apoia microempreendedores individuais atingidos pelas enchentes de 2024. A decis\u00e3o [&hellip;]<\/p>\n","protected":false},"author":4,"featured_media":80662,"comment_status":"open","ping_status":"open","sticky":false,"template":"","format":"standard","meta":{"footnotes":""},"categories":[1],"tags":[],"class_list":["post-80661","post","type-post","status-publish","format-standard","has-post-thumbnail","hentry","category-sem-categoria"],"_links":{"self":[{"href":"http:\/\/sol.fm.br\/radio\/wp-json\/wp\/v2\/posts\/80661","targetHints":{"allow":["GET"]}}],"collection":[{"href":"http:\/\/sol.fm.br\/radio\/wp-json\/wp\/v2\/posts"}],"about":[{"href":"http:\/\/sol.fm.br\/radio\/wp-json\/wp\/v2\/types\/post"}],"author":[{"embeddable":true,"href":"http:\/\/sol.fm.br\/radio\/wp-json\/wp\/v2\/users\/4"}],"replies":[{"embeddable":true,"href":"http:\/\/sol.fm.br\/radio\/wp-json\/wp\/v2\/comments?post=80661"}],"version-history":[{"count":1,"href":"http:\/\/sol.fm.br\/radio\/wp-json\/wp\/v2\/posts\/80661\/revisions"}],"predecessor-version":[{"id":80663,"href":"http:\/\/sol.fm.br\/radio\/wp-json\/wp\/v2\/posts\/80661\/revisions\/80663"}],"wp:featuredmedia":[{"embeddable":true,"href":"http:\/\/sol.fm.br\/radio\/wp-json\/wp\/v2\/media\/80662"}],"wp:attachment":[{"href":"http:\/\/sol.fm.br\/radio\/wp-json\/wp\/v2\/media?parent=80661"}],"wp:term":[{"taxonomy":"category","embeddable":true,"href":"http:\/\/sol.fm.br\/radio\/wp-json\/wp\/v2\/categories?post=80661"},{"taxonomy":"post_tag","embeddable":true,"href":"http:\/\/sol.fm.br\/radio\/wp-json\/wp\/v2\/tags?post=80661"}],"curies":[{"name":"wp","href":"https:\/\/api.w.org\/{rel}","templated":true}]}}