{"id":80679,"date":"2025-12-03T10:27:19","date_gmt":"2025-12-03T13:27:19","guid":{"rendered":"http:\/\/sol.fm.br\/radio\/?p=80679"},"modified":"2025-12-03T10:27:22","modified_gmt":"2025-12-03T13:27:22","slug":"doe-e-faca-a-diferenca-com-a-campanha-de-natal-solidario","status":"publish","type":"post","link":"http:\/\/sol.fm.br\/radio\/doe-e-faca-a-diferenca-com-a-campanha-de-natal-solidario\/","title":{"rendered":"Doe e fa\u00e7a a diferen\u00e7a com a campanha de Natal Solid\u00e1rio"},"content":{"rendered":"<div id=\"dslc-theme-content\"><div id=\"dslc-theme-content-inner\"><p>O curso de Direito e as Licenciaturas da Faccat (Pedagogia, Letras, Hist\u00f3ria e Matem\u00e1tica) iniciaram uma campanha para arrecadar brinquedos e materiais escolares. As doa\u00e7\u00f5es ser\u00e3o entregues a comunidades carentes da regi\u00e3o, ainda a serem definidas, com foco em garantir que mais crian\u00e7as tenham acesso ao brincar e iniciem o pr\u00f3ximo ano com o b\u00e1sico para estudar. As doa\u00e7\u00f5es podem ser feitas at\u00e9 17 de dezembro.<\/p>\n<p>A mobiliza\u00e7\u00e3o envolve estudantes, professores e funcion\u00e1rios, mas \u00e9 aberta a toda a comunidade. A frase que orienta a a\u00e7\u00e3o resume o prop\u00f3sito da iniciativa: \u201c<em>\u00c9 direito de toda crian\u00e7a ter acesso ao brincar; sua doa\u00e7\u00e3o pode ser o motivo de um sorriso na noite de Natal.\u201d<\/em><\/p>\n<p>Os pontos de coleta s\u00e3o dentro do campus das Faccat. Confira os locais:<\/p>\n<ul>\n<li>Biblioteca Eldo Ivo Klein<\/li>\n<li>Coordena\u00e7\u00e3o das Licenciaturas<\/li>\n<li>Coordena\u00e7\u00e3o do Curso de Direito<\/li>\n<li>N\u00facleo de Pr\u00e1ticas Sociojur\u00eddicas<\/li>\n<li>Restaurante Tia C\u00e9lia<\/li>\n<li>Sagu\u00e3o do Pr\u00e9dio Administrativo<\/li>\n<\/ul>\n<hr \/>\n<h6><strong>Faculdades Integradas de Taquara - Faccat | Assessoria de Imprensa - Faccat |\u00a0Texto: Claucia F. da Silva\/Faccat |\u00a0Foto: Cassiano Gottlieb\/Faccat<\/strong><\/h6>\n\n\n<center><iframe loading=\"lazy\" class=\"jmvplayer\" src=\"https:\/\/player.jmvstream.com\/lvw\/YYGWo5wfZuZ8fEW7Qoq1ISwhLSEDhU\" allowfullscreen allow=\"autoplay; fullscreen\" frameborder=\"0\" width=\"640\" height=\"360\" ><\/iframe><\/center>\n<\/div><\/div>","protected":false},"excerpt":{"rendered":"<p>O curso de Direito e as Licenciaturas da Faccat (Pedagogia, Letras, Hist\u00f3ria e Matem\u00e1tica) iniciaram uma campanha para arrecadar brinquedos e materiais escolares. As doa\u00e7\u00f5es ser\u00e3o entregues a comunidades carentes da regi\u00e3o, ainda a serem definidas, com foco em garantir que mais crian\u00e7as tenham acesso ao brincar e iniciem o pr\u00f3ximo ano com o b\u00e1sico [&hellip;]<\/p>\n","protected":false},"author":4,"featured_media":80680,"comment_status":"open","ping_status":"open","sticky":false,"template":"","format":"standard","meta":{"footnotes":""},"categories":[1],"tags":[],"class_list":["post-80679","post","type-post","status-publish","format-standard","has-post-thumbnail","hentry","category-sem-categoria"],"_links":{"self":[{"href":"http:\/\/sol.fm.br\/radio\/wp-json\/wp\/v2\/posts\/80679","targetHints":{"allow":["GET"]}}],"collection":[{"href":"http:\/\/sol.fm.br\/radio\/wp-json\/wp\/v2\/posts"}],"about":[{"href":"http:\/\/sol.fm.br\/radio\/wp-json\/wp\/v2\/types\/post"}],"author":[{"embeddable":true,"href":"http:\/\/sol.fm.br\/radio\/wp-json\/wp\/v2\/users\/4"}],"replies":[{"embeddable":true,"href":"http:\/\/sol.fm.br\/radio\/wp-json\/wp\/v2\/comments?post=80679"}],"version-history":[{"count":1,"href":"http:\/\/sol.fm.br\/radio\/wp-json\/wp\/v2\/posts\/80679\/revisions"}],"predecessor-version":[{"id":80681,"href":"http:\/\/sol.fm.br\/radio\/wp-json\/wp\/v2\/posts\/80679\/revisions\/80681"}],"wp:featuredmedia":[{"embeddable":true,"href":"http:\/\/sol.fm.br\/radio\/wp-json\/wp\/v2\/media\/80680"}],"wp:attachment":[{"href":"http:\/\/sol.fm.br\/radio\/wp-json\/wp\/v2\/media?parent=80679"}],"wp:term":[{"taxonomy":"category","embeddable":true,"href":"http:\/\/sol.fm.br\/radio\/wp-json\/wp\/v2\/categories?post=80679"},{"taxonomy":"post_tag","embeddable":true,"href":"http:\/\/sol.fm.br\/radio\/wp-json\/wp\/v2\/tags?post=80679"}],"curies":[{"name":"wp","href":"https:\/\/api.w.org\/{rel}","templated":true}]}}