{"id":80692,"date":"2025-12-04T09:43:21","date_gmt":"2025-12-04T12:43:21","guid":{"rendered":"http:\/\/sol.fm.br\/radio\/?p=80692"},"modified":"2025-12-04T09:43:25","modified_gmt":"2025-12-04T12:43:25","slug":"laboratorio-de-empreendedorismo-e-inovacao-da-pucrs-e-prata-no-oscar-da-inovacao-em-educacao","status":"publish","type":"post","link":"http:\/\/sol.fm.br\/radio\/laboratorio-de-empreendedorismo-e-inovacao-da-pucrs-e-prata-no-oscar-da-inovacao-em-educacao\/","title":{"rendered":"Laborat\u00f3rio de Empreendedorismo e Inova\u00e7\u00e3o da PUCRS \u00e9 prata no \"Oscar\" da Inova\u00e7\u00e3o em Educa\u00e7\u00e3o"},"content":{"rendered":"<div id=\"dslc-theme-content\"><div id=\"dslc-theme-content-inner\"><p style=\"text-align: center;\"><i data-olk-copy-source=\"MessageBody\">Idear foi premiado entre mais de 1.600 projetos do mundo inteiro. Cerim\u00f4nia aconteceu nesta ter\u00e7a-feira, em Londres.<\/i><\/p>\n<div>\n<p>O Laborat\u00f3rio Interdisciplinar de Empreendedorismo e Inova\u00e7\u00e3o (Idear), da PUCRS, foi premiado como um dos melhores projetos do mundo no Reimagine Education Awards, considerado o \u201cOscar da Inova\u00e7\u00e3o Educacional\u201d. O Idear conquistou prata na categoria Developing Emerging Skills &amp; Competencies, que reconhece projetos focados no desenvolvimento de compet\u00eancias essenciais como criatividade, pensamento cr\u00edtico, colabora\u00e7\u00e3o, resolu\u00e7\u00e3o de problemas e protagonismo estudantil atrav\u00e9s da educa\u00e7\u00e3o empreendedora.\u00a0A premia\u00e7\u00e3o\u00a0recebeu 1.600 projetos de 110 pa\u00edses, que foram avaliados por um j\u00fari composto por cerca de 130 especialistas internacionais.\u00a0<\/p>\n<p>A cerim\u00f4nia aconteceu nesta ter\u00e7a-feira, 2 de dezembro, em Londres e a pr\u00f3-reitora de Gradua\u00e7\u00e3o e Educa\u00e7\u00e3o Continuada da PUCRS, professora Adriana Kampff, recebeu a premia\u00e7\u00e3o. \u201c\u00c9 um reconhecimento grandioso. Ele valoriza as iniciativas e os resultados do Idear, que \u00e9 um vetor de desenvolvimento social\u201d, celebra.\u00a0\u00a0<\/p>\n<p><img loading=\"lazy\" decoding=\"async\" class=\"size-medium wp-image-80694 alignleft\" src=\"http:\/\/sol.fm.br\/radio\/wp-content\/uploads\/2025\/12\/1.1-1-267x400.jpg\" alt=\"\" width=\"267\" height=\"400\" srcset=\"http:\/\/sol.fm.br\/radio\/wp-content\/uploads\/2025\/12\/1.1-1-267x400.jpg 267w, http:\/\/sol.fm.br\/radio\/wp-content\/uploads\/2025\/12\/1.1-1-768x1152.jpg 768w, http:\/\/sol.fm.br\/radio\/wp-content\/uploads\/2025\/12\/1.1-1.jpg 800w\" sizes=\"auto, (max-width: 267px) 100vw, 267px\" \/><\/p>\n<p>A pr\u00f3-reitora destaca ainda que, em uma d\u00e9cada de atua\u00e7\u00e3o, o laborat\u00f3rio apoiou professores e estudantes a constru\u00edrem solu\u00e7\u00f5es com impacto na vida das pessoas. \u00a0<em>\u201cTrabalhamos na aproxima\u00e7\u00e3o com atores sociais diversos, na elabora\u00e7\u00e3o de ideias, na identifica\u00e7\u00e3o de problemas, na sele\u00e7\u00e3o de recursos e metodologias, na cria\u00e7\u00e3o de solu\u00e7\u00f5es inovadoras e na conex\u00e3o com outros espa\u00e7os impulsionadores para que essas constru\u00e7\u00f5es possam virar neg\u00f3cios de impacto social\u201d<\/em>, explica.\u00a0\u00a0<\/p>\n<p>A coordenadora do Idear, Ana Cec\u00edlia Bisso Nunes, pontuou que o laborat\u00f3rio de empreendedorismo e inova\u00e7\u00e3o, transcende a cria\u00e7\u00e3o de neg\u00f3cios. <em>\u201cEste pr\u00eamio consolida uma trajet\u00f3ria que integra diferentes \u00e1reas do conhecimento para inovar e gerar impacto. Aqui. desenvolvemos compet\u00eancias empreendedoras sempre conectadas ao prop\u00f3sito de cada pessoa e ao compromisso com o impacto social\u201d<\/em> afirma.\u00a0<\/p>\n<p>Promovido pela QS Quacquarelli Symonds, o pr\u00eamio \u00e9 uma das mais prestigiadas distin\u00e7\u00f5es globais dedicadas \u00e0 transforma\u00e7\u00e3o na educa\u00e7\u00e3o. <em>\u201cEste reconhecimento celebra a for\u00e7a da nossa comunidade e o compromisso da PUCRS com uma educa\u00e7\u00e3o que transforma e integra Universidade, sociedade, empresas, governo e meio ambiente\u201d,<\/em> conclui a coordenadora Ana Cec\u00edlia. O diretor de Gradua\u00e7\u00e3o da PUCRS, Denizar Melo ressalta ainda que o Idear tem sido essencial para reimaginar a gradua\u00e7\u00e3o na universidade. <em>\u201cO laborat\u00f3rio n\u00e3o apenas\u00a0transforma o jeito de ensinar e aprender, mas tamb\u00e9m inspira uma forma\u00e7\u00e3o integral que une as sete escolas da PUCRS, desenvolve compet\u00eancias para a vida e conecta a universidade ao mundo\u201d<\/em>, encerra.\u00a0<\/p>\n<p>\u00a0<\/p>\n<p><strong>Sobre o Idear<\/strong>\u00a0<\/p>\n<p>O IDEAR \u00e9 o Laborat\u00f3rio Interdisciplinar de Empreendedorismo e Inova\u00e7\u00e3o da PUCRS, dedicado a fomentar o empreendedorismo e a formar pessoas capazes de transformar realidades por meio de criatividade, colabora\u00e7\u00e3o e impacto. Atua como um espa\u00e7o que integra ensino, pr\u00e1tica e ecossistema, conectando estudantes, professores, comunidade e empresas para desenvolver solu\u00e7\u00f5es orientadas ao futuro do trabalho.\u00a0<\/p>\n<p>Com foco em metodologias inovadoras, experi\u00eancias reais e abordagens interdisciplinares, o IDEAR fortalece a educa\u00e7\u00e3o empreendedora da PUCRS e contribui para o protagonismo da Universidade no cen\u00e1rio latino-americano de inova\u00e7\u00e3o.\u00a0\u00a0<br clear=\"none\" \/>\u00a0<br clear=\"none\" \/>Saiba mais sobre o Idear\u00a0<a title=\"https:\/\/idear.pucrs.br\/\" href=\"https:\/\/idear.pucrs.br\/\" target=\"_blank\" rel=\"noreferrer noopener\" shape=\"rect\" data-auth=\"NotApplicable\" data-linkindex=\"0\">no site:<\/a>\u00a0<a title=\"https:\/\/idear.pucrs.br\/\" href=\"https:\/\/idear.pucrs.br\/\" target=\"_blank\" rel=\"noreferrer noopener\" shape=\"rect\" data-auth=\"NotApplicable\" data-linkindex=\"1\">https:\/\/idear.pucrs.br\/<\/a>\u00a0\u00a0<\/p>\n<hr \/>\n<h6><strong>PUCRS | Fotos: Divulga\u00e7\u00e3o\u00a0<\/strong><\/h6>\n<\/div>\n\n\n<center><iframe loading=\"lazy\" class=\"jmvplayer\" src=\"https:\/\/player.jmvstream.com\/lvw\/YYGWo5wfZuZ8fEW7Qoq1ISwhLSEDhU\" allowfullscreen allow=\"autoplay; fullscreen\" frameborder=\"0\" width=\"640\" height=\"360\" ><\/iframe><\/center>\n<\/div><\/div>","protected":false},"excerpt":{"rendered":"<p>Idear foi premiado entre mais de 1.600 projetos do mundo inteiro. Cerim\u00f4nia aconteceu nesta ter\u00e7a-feira, em Londres. O Laborat\u00f3rio Interdisciplinar de Empreendedorismo e Inova\u00e7\u00e3o (Idear), da PUCRS, foi premiado como um dos melhores projetos do mundo no Reimagine Education Awards, considerado o \u201cOscar da Inova\u00e7\u00e3o Educacional\u201d. O Idear conquistou prata na categoria Developing Emerging Skills [&hellip;]<\/p>\n","protected":false},"author":4,"featured_media":80693,"comment_status":"open","ping_status":"open","sticky":false,"template":"","format":"standard","meta":{"footnotes":""},"categories":[1],"tags":[],"class_list":["post-80692","post","type-post","status-publish","format-standard","has-post-thumbnail","hentry","category-sem-categoria"],"_links":{"self":[{"href":"http:\/\/sol.fm.br\/radio\/wp-json\/wp\/v2\/posts\/80692","targetHints":{"allow":["GET"]}}],"collection":[{"href":"http:\/\/sol.fm.br\/radio\/wp-json\/wp\/v2\/posts"}],"about":[{"href":"http:\/\/sol.fm.br\/radio\/wp-json\/wp\/v2\/types\/post"}],"author":[{"embeddable":true,"href":"http:\/\/sol.fm.br\/radio\/wp-json\/wp\/v2\/users\/4"}],"replies":[{"embeddable":true,"href":"http:\/\/sol.fm.br\/radio\/wp-json\/wp\/v2\/comments?post=80692"}],"version-history":[{"count":1,"href":"http:\/\/sol.fm.br\/radio\/wp-json\/wp\/v2\/posts\/80692\/revisions"}],"predecessor-version":[{"id":80695,"href":"http:\/\/sol.fm.br\/radio\/wp-json\/wp\/v2\/posts\/80692\/revisions\/80695"}],"wp:featuredmedia":[{"embeddable":true,"href":"http:\/\/sol.fm.br\/radio\/wp-json\/wp\/v2\/media\/80693"}],"wp:attachment":[{"href":"http:\/\/sol.fm.br\/radio\/wp-json\/wp\/v2\/media?parent=80692"}],"wp:term":[{"taxonomy":"category","embeddable":true,"href":"http:\/\/sol.fm.br\/radio\/wp-json\/wp\/v2\/categories?post=80692"},{"taxonomy":"post_tag","embeddable":true,"href":"http:\/\/sol.fm.br\/radio\/wp-json\/wp\/v2\/tags?post=80692"}],"curies":[{"name":"wp","href":"https:\/\/api.w.org\/{rel}","templated":true}]}}