{"id":80696,"date":"2025-12-04T09:49:58","date_gmt":"2025-12-04T12:49:58","guid":{"rendered":"http:\/\/sol.fm.br\/radio\/?p=80696"},"modified":"2025-12-04T09:50:00","modified_gmt":"2025-12-04T12:50:00","slug":"jovens-aprendizes-do-partiu-futuro-reconstrucao-recebem-bolsas-integrais-de-ensinos-superior-e-tecnologico","status":"publish","type":"post","link":"http:\/\/sol.fm.br\/radio\/jovens-aprendizes-do-partiu-futuro-reconstrucao-recebem-bolsas-integrais-de-ensinos-superior-e-tecnologico\/","title":{"rendered":"Jovens aprendizes do Partiu Futuro Reconstru\u00e7\u00e3o recebem bolsas integrais de ensinos Superior e Tecnol\u00f3gico"},"content":{"rendered":"<div id=\"dslc-theme-content\"><div id=\"dslc-theme-content-inner\"><p class=\"artigo__subtitulo\" style=\"text-align: center;\"><em>Onze contemplados se destacaram durante o per\u00edodo de forma\u00e7\u00e3o<\/em><\/p>\n<p>Onze jovens aprendizes da primeira edi\u00e7\u00e3o do Programa Partiu Futuro Reconstru\u00e7\u00e3o, que se destacaram durante o percurso formativo, foram contemplados com bolsas de estudo integrais para cursarem os ensinos Superior ou Tecnol\u00f3gico. A cerim\u00f4nia, realizada no Centro de Eventos do Centro de Integra\u00e7\u00e3o Empresa-Escola do Rio Grande do Sul (Ciee-RS), em Porto Alegre, contou com a presen\u00e7a do vice-governador, Gabriel Souza, e do titular da Secretaria de Desenvolvimento Social (Sedes), Beto Fantinel.<\/p>\n<p>O Partiu Futuro \u00e9 uma iniciativa do governo estadual, executada por meio da Sedes, e coordenada pelo Gabinete de Projetos Especiais (GPE), vinculado ao Gabinete do Vice-Governador. O programa teve origem em um projeto proposto por Gabriel Souza quando era deputado estadual \u2013 que logo se tornou a Lei 15.481\/2020, a qual instituiu a Pol\u00edtica Estadual de Juventude, permitindo ao Estado contratar jovens aprendizes no setor p\u00fablico.<\/p>\n<p>A promo\u00e7\u00e3o das bolsas \u00e9 uma a\u00e7\u00e3o do Ciee-RS, entidade qualificadora do programa em 21 munic\u00edpios. No total, 750 jovens puderam participar do processo seletivo de concess\u00e3o das bolsas de estudo. Ao todo, foram disponibilizadas seis voltadas para o Ensino Superior e cinco para cursos tecnol\u00f3gicos. Os alunos, no ato da inscri\u00e7\u00e3o, precisavam optar pela modalidade preferida.<\/p>\n<p><a href=\"https:\/\/www.estado.rs.gov.br\/jovens-selecionados-no-programa-partiu-futuro-reconstrucao-concluem-missao-em-territorios-atingidos-por-enchentes-na-espanha\" target=\"_blank\" rel=\"noopener\"><strong>Jovens selecionados no Programa Partiu Futuro Reconstru\u00e7\u00e3o concluem miss\u00e3o em territ\u00f3rios atingidos por enchentes na Espanha<\/strong><\/a><\/p>\n<p>Gabriel salientou a import\u00e2ncia de programas como o Partiu Futuro para gerar oportunidades para que a juventude ga\u00facha tenha um futuro melhor. \u201c<em>O m\u00e9rito \u00e9 necess\u00e1rio, mas tem muita gente merit\u00f3ria, trabalhadora, comprometida e estudiosa que mora em regi\u00f5es que infelizmente oferecem menos oportunidades do que outras em virtude da condi\u00e7\u00e3o circunstancial e contextual<\/em>\", disse. \"<em>Nesses casos, o Estado precisa dar a m\u00e3o a essas pessoas. N\u00e3o com pol\u00edticas assistencialistas, que as tornem dependentes do poder p\u00fablico, mas criando oportunidades para que consigam sair daquela situa\u00e7\u00e3o.\u201d<\/em><\/p>\n<p><img loading=\"lazy\" decoding=\"async\" class=\"alignnone size-medium wp-image-80698 aligncenter\" src=\"http:\/\/sol.fm.br\/radio\/wp-content\/uploads\/2025\/12\/21-400x266.jpeg\" alt=\"\" width=\"400\" height=\"266\" srcset=\"http:\/\/sol.fm.br\/radio\/wp-content\/uploads\/2025\/12\/21-400x266.jpeg 400w, http:\/\/sol.fm.br\/radio\/wp-content\/uploads\/2025\/12\/21-768x511.jpeg 768w, http:\/\/sol.fm.br\/radio\/wp-content\/uploads\/2025\/12\/21-600x400.jpeg 600w, http:\/\/sol.fm.br\/radio\/wp-content\/uploads\/2025\/12\/21.jpeg 945w\" sizes=\"auto, (max-width: 400px) 100vw, 400px\" \/><\/p>\n<p>\u201c<em>Quando existe a oportunidade de realizar uma qualifica\u00e7\u00e3o em uma institui\u00e7\u00e3o reconhecida, novos caminhos se abrem para os estudantes, suas fam\u00edlias e as comunidades onde vivem. E \u00e9 muito gratificante ouvir os relatos de quem est\u00e1 concluindo esta edi\u00e7\u00e3o do programa e, ao mesmo tempo, incentivando outros jovens a participarem da pr\u00f3xima etapa\u201d<\/em>, destacou o titular da Sedes, Beto Fantinel.<\/p>\n<p>O CEO do Ciee-RS, Lucas Baldisserotto, afirmouque o projeto foi essencial para que as fam\u00edlias em situa\u00e7\u00e3o de calamidade tivessem um suporte ap\u00f3s os danos provocados pelas enchentes de maio de 2024. \u201c<em>A inser\u00e7\u00e3o de jovens no mercado de trabalho foi fundamental para melhorar a vida de muitos que foram afetados pela trag\u00e9dia do ano passado. E as bolsas que vamos oferecer t\u00eam um potencial transformador: complementam o Projeto Universit\u00e1rio do Amanh\u00e3, que prepara para o Enem, de forma gratuita, 5.100 estudantes<\/em>\u201d, avaliou.<\/p>\n<p><strong>Incentivo<\/strong><\/p>\n<p>Para participar da sele\u00e7\u00e3o, os jovens precisaram cumprir alguns crit\u00e9rios, como ter conclu\u00eddo o Ensino M\u00e9dio, possuir frequ\u00eancia igual ou superior a 90% nos encontros de aprendizagem, estar com o Cadastro \u00danico (Cadastro \u00danico) atualizado e ter preenchido o \u00faltimo relat\u00f3rio de desempenho da aprendizagem do programa.<\/p>\n<p>Para a jovem Camille Pontes Elias, de 18 anos, moradora de Rio Grande, ter sido selecionada para ganhar uma bolsa de estudos em um curso tecnol\u00f3gico \u00e9 gratificante. \u201c<em>Receber essa bolsa \u00e9 um grande incentivo, e gera um sentimento de realiza\u00e7\u00e3o por todo o comprometimento com o trabalho. Acredito que o programa tem um potencial de apoiar a trajet\u00f3ria de muitos jovens<\/em>\u201d, comentou.<\/p>\n<p>Os contemplados iniciar\u00e3o os estudos em fevereiro de 2026, na Universidade do Vale do Rio dos Sinos (Unisinos), na modalidade a dist\u00e2ncia (EaD).<\/p>\n<p>Al\u00e9m da bolsa, os estudantes tamb\u00e9m receberam um notebook e uma mochila, equipamentos que garantem melhores condi\u00e7\u00f5es para acompanhar as atividades acad\u00eamicas e avan\u00e7ar no processo de forma\u00e7\u00e3o profissional.<\/p>\n<p><img loading=\"lazy\" decoding=\"async\" class=\"alignnone size-medium wp-image-80699 aligncenter\" src=\"http:\/\/sol.fm.br\/radio\/wp-content\/uploads\/2025\/12\/22-400x266.jpeg\" alt=\"\" width=\"400\" height=\"266\" srcset=\"http:\/\/sol.fm.br\/radio\/wp-content\/uploads\/2025\/12\/22-400x266.jpeg 400w, http:\/\/sol.fm.br\/radio\/wp-content\/uploads\/2025\/12\/22-768x511.jpeg 768w, http:\/\/sol.fm.br\/radio\/wp-content\/uploads\/2025\/12\/22-600x400.jpeg 600w, http:\/\/sol.fm.br\/radio\/wp-content\/uploads\/2025\/12\/22.jpeg 945w\" sizes=\"auto, (max-width: 400px) 100vw, 400px\" \/><\/p>\n<p><strong>Alunos contemplados<\/strong><\/p>\n<ul>\n<li>Alana Vitoria Mello<\/li>\n<li>Andrieli Cristina Rodrigues Coitinho<\/li>\n<li>Arthur Hoffmann da Silva<\/li>\n<li>Camille Pontes Elias<\/li>\n<li>Carolina Toledo Fredes<\/li>\n<li>Debora Susana da Silva Siqueira<\/li>\n<li>Deyvid Silva de Souza<\/li>\n<li>Eduarda Romero Zambrano<\/li>\n<li>Israela Ribeiro de Souza<\/li>\n<li>Kevyn Fonseca de Lima<\/li>\n<li>Samille da Silveira de Assis<\/li>\n<\/ul>\n<p><strong>Pr\u00f3ximos passos<\/strong><\/p>\n<p>Os jovens, moradores dos munic\u00edpios de Eldorado do Sul, Gua\u00edba, Rio Grande e S\u00e3o Leopoldo, dever\u00e3o, agora, escolher entre os cursos previstos no edital. As op\u00e7\u00f5es incluem forma\u00e7\u00f5es de n\u00edvel superior em Administra\u00e7\u00e3o, Ci\u00eancias Cont\u00e1beis, Rela\u00e7\u00f5es P\u00fablicas e Sistemas de Informa\u00e7\u00e3o. Entre os cursos tecnol\u00f3gicos, est\u00e3o An\u00e1lise e Desenvolvimento de Sistemas, Com\u00e9rcio Exterior, Gest\u00e3o Comercial, Gest\u00e3o da Produ\u00e7\u00e3o Industrial, Gest\u00e3o da Tecnologia da Informa\u00e7\u00e3o, Gest\u00e3o de Recursos Humanos, Gest\u00e3o Financeira, Gest\u00e3o P\u00fablica, Log\u00edstica, Marketing, Processos Gerenciais e Sistemas para a Internet.<\/p>\n<p>As bolsas s\u00e3o integrais, pessoais e intransfer\u00edveis, e poder\u00e3o ser utilizadas pelo per\u00edodo regular dos cursos, com possibilidade de extens\u00e3o por at\u00e9 dois semestres. Para manter o benef\u00edcio, os estudantes dever\u00e3o comprovar aproveitamento acad\u00eamico semestral.<\/p>\n<p><strong>Partiu Futuro Reconstru\u00e7\u00e3o<\/strong><\/p>\n<p>O programa, lan\u00e7ado em 2024, foi criado para dar suporte a jovens de 14 a 22 anos incompletos, atingidos pelas enchentes e inscritos no Cad\u00danico. Na primeira edi\u00e7\u00e3o, foram selecionados 1,5 mil jovens entre estudantes e egressos da rede p\u00fablica de ensino, que atuaram como jovens aprendizes em \u00f3rg\u00e3os p\u00fablicos municipais e estaduais.<\/p>\n<p>A segunda edi\u00e7\u00e3o do programa, que tem investimento de R$ 99,5 milh\u00f5es, disponibilizar\u00e1 2.785 vagas em 75 munic\u00edpios do Estado. As inscri\u00e7\u00f5es est\u00e3o abertas e podem ser feitas at\u00e9 sexta-feira (5\/12),\u00a0<strong><a href=\"https:\/\/forms.office.com\/Pages\/ResponsePage.aspx?id=CdncFcCN6UCh5c7LBTzdGoEvcajwILZJpcA4BUp1jnpUMEM4QTdGNktIWU1SUjJDTUhKOFFaVzNIOS4u\" target=\"_blank\" rel=\"noopener\">nesta p\u00e1gina<\/a><\/strong>.<\/p>\n<p>Pela primeira vez, o Rio Grande do Sul tem um programa de jovens aprendizes no setor p\u00fablico. A iniciativa faz parte do\u00a0<a href=\"https:\/\/planoriogrande.rs.gov.br\/inicial\" target=\"_blank\" rel=\"noopener\"><strong>Plano Rio Grande<\/strong><\/a>.\u00a0Liderado pelo governador Eduardo Leite, trata-se do programa de Estado criado para proteger a popula\u00e7\u00e3o, reconstruir o Rio Grande do Sul e torn\u00e1-lo ainda mais forte e resiliente, preparado para o futuro.<\/p>\n<hr \/>\n<h6><strong>GOV RS | Texto: Ascom Sedes e Ascom GVG | Edi\u00e7\u00e3o: Secom | Fotos: Rodrigo Ziebell\/Ascom GVG<\/strong><\/h6>\n\n\n<center><iframe loading=\"lazy\" class=\"jmvplayer\" src=\"https:\/\/player.jmvstream.com\/lvw\/YYGWo5wfZuZ8fEW7Qoq1ISwhLSEDhU\" allowfullscreen allow=\"autoplay; fullscreen\" frameborder=\"0\" width=\"640\" height=\"360\" ><\/iframe><\/center>\n\n\n\n<p><\/p>\n<\/div><\/div>","protected":false},"excerpt":{"rendered":"<p>Onze contemplados se destacaram durante o per\u00edodo de forma\u00e7\u00e3o Onze jovens aprendizes da primeira edi\u00e7\u00e3o do Programa Partiu Futuro Reconstru\u00e7\u00e3o, que se destacaram durante o percurso formativo, foram contemplados com bolsas de estudo integrais para cursarem os ensinos Superior ou Tecnol\u00f3gico. A cerim\u00f4nia, realizada no Centro de Eventos do Centro de Integra\u00e7\u00e3o Empresa-Escola do Rio [&hellip;]<\/p>\n","protected":false},"author":4,"featured_media":80697,"comment_status":"open","ping_status":"open","sticky":false,"template":"","format":"standard","meta":{"footnotes":""},"categories":[1],"tags":[],"class_list":["post-80696","post","type-post","status-publish","format-standard","has-post-thumbnail","hentry","category-sem-categoria"],"_links":{"self":[{"href":"http:\/\/sol.fm.br\/radio\/wp-json\/wp\/v2\/posts\/80696","targetHints":{"allow":["GET"]}}],"collection":[{"href":"http:\/\/sol.fm.br\/radio\/wp-json\/wp\/v2\/posts"}],"about":[{"href":"http:\/\/sol.fm.br\/radio\/wp-json\/wp\/v2\/types\/post"}],"author":[{"embeddable":true,"href":"http:\/\/sol.fm.br\/radio\/wp-json\/wp\/v2\/users\/4"}],"replies":[{"embeddable":true,"href":"http:\/\/sol.fm.br\/radio\/wp-json\/wp\/v2\/comments?post=80696"}],"version-history":[{"count":1,"href":"http:\/\/sol.fm.br\/radio\/wp-json\/wp\/v2\/posts\/80696\/revisions"}],"predecessor-version":[{"id":80700,"href":"http:\/\/sol.fm.br\/radio\/wp-json\/wp\/v2\/posts\/80696\/revisions\/80700"}],"wp:featuredmedia":[{"embeddable":true,"href":"http:\/\/sol.fm.br\/radio\/wp-json\/wp\/v2\/media\/80697"}],"wp:attachment":[{"href":"http:\/\/sol.fm.br\/radio\/wp-json\/wp\/v2\/media?parent=80696"}],"wp:term":[{"taxonomy":"category","embeddable":true,"href":"http:\/\/sol.fm.br\/radio\/wp-json\/wp\/v2\/categories?post=80696"},{"taxonomy":"post_tag","embeddable":true,"href":"http:\/\/sol.fm.br\/radio\/wp-json\/wp\/v2\/tags?post=80696"}],"curies":[{"name":"wp","href":"https:\/\/api.w.org\/{rel}","templated":true}]}}