{"id":80701,"date":"2025-12-04T09:55:29","date_gmt":"2025-12-04T12:55:29","guid":{"rendered":"http:\/\/sol.fm.br\/radio\/?p=80701"},"modified":"2025-12-04T09:55:31","modified_gmt":"2025-12-04T12:55:31","slug":"ramax-group-anuncia-apoio-ao-instituto-familia-barrichello-e-reforca-o-seu-compromisso-social","status":"publish","type":"post","link":"http:\/\/sol.fm.br\/radio\/ramax-group-anuncia-apoio-ao-instituto-familia-barrichello-e-reforca-o-seu-compromisso-social\/","title":{"rendered":"RAMAX-Group anuncia apoio ao Instituto Fam\u00edlia Barrichello e refor\u00e7a o seu compromisso social"},"content":{"rendered":"<div id=\"dslc-theme-content\"><div id=\"dslc-theme-content-inner\"><p style=\"text-align: center;\"><i data-olk-copy-source=\"MessageBody\">Al\u00e9m de contribuir mensalmente com a organiza\u00e7\u00e3o sem fins lucrativos fortalecendo a continuidade das a\u00e7\u00f5es no desenvolvimento sustent\u00e1vel e seguran\u00e7a alimentar, a multinacional tamb\u00e9m ter\u00e1 o piloto brasileiro como embaixador<\/i><\/p>\n<div>\n<p>A RAMAX-Group, multinacional brasileira que produz e exporta prote\u00edna animal de alta qualidade e atua em todas as etapas da cadeia pecu\u00e1ria, d\u00e1 mais um passo importante em seu compromisso com a responsabilidade social. A empresa anuncia apoio ao Instituto Fam\u00edlia Barrichello (organiza\u00e7\u00e3o sem fins lucrativos fundada por Rubens Barrichello) que promove a seguran\u00e7a alimentar e desenvolvimento humano em comunidades tradicionais, ind\u00edgenas e quilombolas.<\/p>\n<p>Como parte dessa iniciativa, Barrichello passa a ser o novo embaixador da RAMAX, unindo duas for\u00e7as em torno de uma mesma causa: combater a fome e impulsionar o desenvolvimento sustent\u00e1vel.\u00a0<em>\u201cA Ramax representada por seu CEO Magno Gaia, tem uma vis\u00e3o muito parecida com a minha no sentido de trabalhar muito, mas com uma conex\u00e3o forte em ajudar as pessoas. Idealizamos esse projeto em conjunto e a Ramax passa a ser o nosso principal apoiador e fico muito feliz com isso\u201d<\/em>, detalhou o piloto.<\/p>\n<p>Segundo Barbara Crevatin, Head de Marketing da RAMAX-Group, o projeto reflete os valores e compromisso com o impacto social da empresa.\u00a0<em>\u201cBusc\u00e1vamos uma causa social que realmente refletisse quem somos como empresa, que estivesse alinhada aos nossos valores e que pud\u00e9ssemos contribuir de maneira genu\u00edna, gerando impacto real. Para n\u00f3s, que atuamos no agro e lidamos diariamente com a responsabilidade de alimentar pessoas, devolver algo positivo para a sociedade \u00e9 essencial. E foi exatamente por isso que o Instituto Barrichello se encaixou t\u00e3o bem com a RAMAX: atua no Brasil real, transforma vidas e trabalha com a mesma verdade e prop\u00f3sito que acreditamos. Afinal, seguran\u00e7a alimentar \u00e9 um dos nossos pilares.\u201d\u00a0<\/em>E ainda destaca:\u00a0<em>\u201cAl\u00e9m de tudo, ter o Rubinho com a gente torna tudo ainda mais especial. Ele \u00e9 verdadeiro, carism\u00e1tico, apaixonado pela fam\u00edlia e por churrasco. Ele traduz com naturalidade a ess\u00eancia da RAMAX e representa uma conex\u00e3o aut\u00eantica com o nosso p\u00fablico\u201d.<\/em><\/p>\n<p>A parceria estar\u00e1 presente inclusive nas embalagens de carne RAMAX, que passar\u00e3o a exibir o selo do Instituto, certificando o apoio \u00e0 causa e refor\u00e7ando a mensagem de que <em>\u201cquem escolhe RAMAX, ajuda a combater a fome\u201d.<\/em><\/p>\n<p><strong>Sobre o Instituto<\/strong><\/p>\n<p>Fundado em 2005 por Rubens Barrichello, o instituto nasceu com o prop\u00f3sito de transformar realidades e inspirar sonhos, especialmente entre crian\u00e7as, jovens e idosos. Em quase duas d\u00e9cadas de atua\u00e7\u00e3o, j\u00e1 beneficiou direta e indiretamente mais de 20 mil fam\u00edlias, por meio de projetos de esporte, educa\u00e7\u00e3o, lazer e sustentabilidade, em parceria com prefeituras e organiza\u00e7\u00f5es locais.<\/p>\n<p>Em 2022, ap\u00f3s o per\u00edodo cr\u00edtico da pandemia da Covid-19, o Instituto foi reconhecido pela Nike do Brasil pelo impacto social de suas a\u00e7\u00f5es em comunidades vulner\u00e1veis. Desde ent\u00e3o, a organiza\u00e7\u00e3o tem ampliado suas frentes de atua\u00e7\u00e3o, com foco no Projeto Fome Zero Integral e Sustent\u00e1vel, que visa promover agricultura familiar e pr\u00e1ticas sustent\u00e1veis, contribuindo com o Objetivo de Desenvolvimento Sustent\u00e1vel da ONU para erradica\u00e7\u00e3o da fome at\u00e9 2030.<\/p>\n<p>A uni\u00e3o entre a RAMAX-Group e o Instituto Fam\u00edlia Barrichello refor\u00e7a o papel do setor privado como agente de transforma\u00e7\u00e3o social. Juntos, empresa e piloto aceleram n\u00e3o apenas nas pistas, mas tamb\u00e9m em uma corrida solid\u00e1ria, pela fome zero e por um futuro mais justo e sustent\u00e1vel.<\/p>\n<p><strong>Sobre Rubens Barrichello -<\/strong>\u00a0Com uma trajet\u00f3ria marcada por talento, persist\u00eancia e carisma, Rubens Barrichello \u00e9 um dos nomes mais consagrados do automobilismo mundial. Iniciou sua carreira ainda jovem no kart, no final dos anos 1980, e rapidamente se destacou pelas categorias de base at\u00e9 chegar \u00e0 F\u00f3rmula 1, em 1993. Ao longo de quase duas d\u00e9cadas na principal categoria do automobilismo, defendeu equipes como Jordan, Stewart, Ferrari, Honda, Brawn GP e Williams, conquistando 11 vit\u00f3rias, 68 p\u00f3dios e o t\u00edtulo de vice-campe\u00e3o mundial por duas vezes. Ap\u00f3s sua passagem pela F1, Barrichello continuou acelerando em competi\u00e7\u00f5es como a Stock Car Brasil, onde tamb\u00e9m se tornou campe\u00e3o, consolidando-se como um dos pilotos mais completos e longevos da hist\u00f3ria do esporte a motor.<\/p>\n<p>\u00a0<\/p>\n<p><strong>Sobre a RAMAX-Group<\/strong><\/p>\n<p>A RAMAX-Group \u00e9 uma multinacional brasileira, com forte atua\u00e7\u00e3o em mercados estrat\u00e9gicos nas Am\u00e9ricas, na \u00c1sia (especialmente na China), no Oriente M\u00e9dio e \u00c1frica, com atua\u00e7\u00e3o verdadeiramente global. Criada em 2017, nasceu da uni\u00e3o de profissionais experientes com o prop\u00f3sito de conectar produtores locais \u00e0s demandas globais, oferecendo solu\u00e7\u00f5es completas em prote\u00edna animal. Hoje, \u00e9 reconhecida pela vis\u00e3o inovadora, pelo modelo de neg\u00f3cios reverso, iniciando pela exporta\u00e7\u00e3o e avan\u00e7ando para a produ\u00e7\u00e3o, e por sua capacidade de transformar pecuaristas brasileiros em players globais. A companhia conta com uma equipe que atua em diversas regi\u00f5es, mantendo-se sempre atualizada com as mais recentes tecnologias mundiais e tend\u00eancias internacionais. www.ramax-group.com.<\/p>\n<hr \/>\n<h6><strong>RuralPress | Foto: Divulga\u00e7\u00e3o Ramax<\/strong><\/h6>\n<\/div>\n\n\n<center><iframe loading=\"lazy\" class=\"jmvplayer\" src=\"https:\/\/player.jmvstream.com\/lvw\/YYGWo5wfZuZ8fEW7Qoq1ISwhLSEDhU\" allowfullscreen allow=\"autoplay; fullscreen\" frameborder=\"0\" width=\"640\" height=\"360\" ><\/iframe><\/center>\n<\/div><\/div>","protected":false},"excerpt":{"rendered":"<p>Al\u00e9m de contribuir mensalmente com a organiza\u00e7\u00e3o sem fins lucrativos fortalecendo a continuidade das a\u00e7\u00f5es no desenvolvimento sustent\u00e1vel e seguran\u00e7a alimentar, a multinacional tamb\u00e9m ter\u00e1 o piloto brasileiro como embaixador A RAMAX-Group, multinacional brasileira que produz e exporta prote\u00edna animal de alta qualidade e atua em todas as etapas da cadeia pecu\u00e1ria, d\u00e1 mais um [&hellip;]<\/p>\n","protected":false},"author":4,"featured_media":80702,"comment_status":"open","ping_status":"open","sticky":false,"template":"","format":"standard","meta":{"footnotes":""},"categories":[1],"tags":[],"class_list":["post-80701","post","type-post","status-publish","format-standard","has-post-thumbnail","hentry","category-sem-categoria"],"_links":{"self":[{"href":"http:\/\/sol.fm.br\/radio\/wp-json\/wp\/v2\/posts\/80701","targetHints":{"allow":["GET"]}}],"collection":[{"href":"http:\/\/sol.fm.br\/radio\/wp-json\/wp\/v2\/posts"}],"about":[{"href":"http:\/\/sol.fm.br\/radio\/wp-json\/wp\/v2\/types\/post"}],"author":[{"embeddable":true,"href":"http:\/\/sol.fm.br\/radio\/wp-json\/wp\/v2\/users\/4"}],"replies":[{"embeddable":true,"href":"http:\/\/sol.fm.br\/radio\/wp-json\/wp\/v2\/comments?post=80701"}],"version-history":[{"count":1,"href":"http:\/\/sol.fm.br\/radio\/wp-json\/wp\/v2\/posts\/80701\/revisions"}],"predecessor-version":[{"id":80703,"href":"http:\/\/sol.fm.br\/radio\/wp-json\/wp\/v2\/posts\/80701\/revisions\/80703"}],"wp:featuredmedia":[{"embeddable":true,"href":"http:\/\/sol.fm.br\/radio\/wp-json\/wp\/v2\/media\/80702"}],"wp:attachment":[{"href":"http:\/\/sol.fm.br\/radio\/wp-json\/wp\/v2\/media?parent=80701"}],"wp:term":[{"taxonomy":"category","embeddable":true,"href":"http:\/\/sol.fm.br\/radio\/wp-json\/wp\/v2\/categories?post=80701"},{"taxonomy":"post_tag","embeddable":true,"href":"http:\/\/sol.fm.br\/radio\/wp-json\/wp\/v2\/tags?post=80701"}],"curies":[{"name":"wp","href":"https:\/\/api.w.org\/{rel}","templated":true}]}}