{"id":80704,"date":"2025-12-04T10:03:22","date_gmt":"2025-12-04T13:03:22","guid":{"rendered":"http:\/\/sol.fm.br\/radio\/?p=80704"},"modified":"2025-12-04T10:03:25","modified_gmt":"2025-12-04T13:03:25","slug":"12-livros-para-presentear-nas-festas-natalinas","status":"publish","type":"post","link":"http:\/\/sol.fm.br\/radio\/12-livros-para-presentear-nas-festas-natalinas\/","title":{"rendered":"12 livros para presentear nas festas natalinas"},"content":{"rendered":"<div id=\"dslc-theme-content\"><div id=\"dslc-theme-content-inner\"><p style=\"text-align: center;\"><i data-olk-copy-source=\"MessageBody\">Se voc\u00ea est\u00e1 procurando o que dar para as pessoas queridas neste fim de ano, os livros s\u00e3o sempre uma boa op\u00e7\u00e3o; confira abaixo uma lista com sugest\u00f5es que agradam a todos os gostos<\/i><\/p>\n<p data-olk-copy-source=\"MessageBody\">As festas de fim de ano j\u00e1 come\u00e7aram, e as d\u00favidas sobre o que dar para as pessoas queridas tamb\u00e9m. Mas, voc\u00ea n\u00e3o precisa mais se preocupar, porque esta lista re\u00fane uma s\u00e9rie de indica\u00e7\u00f5es de livros para todos os gostos. H\u00e1 literatura para jovens e adultos, al\u00e9m de hist\u00f3rias diversas sobre amor, supera\u00e7\u00e3o, autoconhecimento e ci\u00eancia. Confira:<\/p>\n<p data-olk-copy-source=\"MessageBody\">\u00a0<\/p>\n<p><strong>Irm\u00e3os Lafayette, de Mandi Castro<\/strong><\/p>\n<p>Dois irm\u00e3os viajantes do tempo retornam ao Brasil dos anos 1980 e se veem no centro das Diretas J\u00e1. Em meio a disputas pelo controle do fluxo temporal, Martim enfrenta as consequ\u00eancias de perder o anel que permitia seus saltos, enquanto Nina descobre um poder decisivo para o destino da hist\u00f3ria. Entre aventura, fantasia e fatos hist\u00f3ricos, a trama encerra a saga dos Lafayette, explorando escolhas, identidade e coragem.<\/p>\n<p>(Onde encontrar:\u00a0<a title=\"https:\/\/www.estantevirtual.com.br\/livro\/pre-venda-irmaos-lafayette-MU8-5163-000\" href=\"https:\/\/www.estantevirtual.com.br\/livro\/pre-venda-irmaos-lafayette-MU8-5163-000\" target=\"_blank\" rel=\"noreferrer noopener\" shape=\"rect\" data-auth=\"NotApplicable\" data-linkindex=\"0\">Estante Virtual<\/a>)<\/p>\n<p><strong>Desaprendendo como viver, de Bejinha<\/strong><\/p>\n<p>Benjamin Azevedo fechou uma ag\u00eancia de publicidade em crescimento, tirou os filhos da escola e foi morar em um motorhome ao decidir que sucesso e realiza\u00e7\u00e3o n\u00e3o significavam a mesma coisa. Cercado por prazos, reuni\u00f5es e metas, percebeu que a rotina o afastava das coisas mais valiosas: tempo com a fam\u00edlia, contato com a natureza e espa\u00e7o para criar. Desta constata\u00e7\u00e3o nasceu este livro, que \u00e9 um relato sobre a ruptura com o modelo de vida convencional e a busca por novas maneiras de existir.<\/p>\n<p>(Onde encontrar:\u00a0<a title=\"https:\/\/a.co\/d\/9IKxzpK\" href=\"https:\/\/a.co\/d\/9IKxzpK\" target=\"_blank\" rel=\"noreferrer noopener\" shape=\"rect\" data-auth=\"NotApplicable\" data-linkindex=\"1\">Amazon<\/a>)<\/p>\n<p><strong>O alquimista de bastos, de Gabriel Ract<\/strong><\/p>\n<p>No s\u00e9culo XVIII, quando o paganismo se espalhava pela Fran\u00e7a como uma nova forma de cren\u00e7a e influ\u00eancia, a alquimia deixava de ser tabu para se tornar ci\u00eancia. \u00c9 nesse contexto hist\u00f3rico que se passa o romance de Gabriel Ract. Entre laborat\u00f3rios e segredos, ele conduz o leitor por um universo em que a transmuta\u00e7\u00e3o do ouro \u00e9 apenas o come\u00e7o de uma jornada mais profunda: a tentativa de transformar a pr\u00f3pria alma.<\/p>\n<p>(Onde encontrar:\u00a0<a title=\"https:\/\/www.editoraletramento.com.br\/o-alquimista-de-bastos\" href=\"https:\/\/www.editoraletramento.com.br\/o-alquimista-de-bastos\" target=\"_blank\" rel=\"noreferrer noopener\" shape=\"rect\" data-auth=\"NotApplicable\" data-linkindex=\"2\">Editora Letramento<\/a>)<\/p>\n<p><strong>Inelut\u00e1vel modalidade do vis\u00edvel, de Arnaldo Rocha Filho<\/strong><\/p>\n<p>Neste livro, o escritor e engenheiro Arnaldo Rocha Filho apresenta um olhar in\u00e9dito sobre Ouro Preto \u2014 uma cidade que, em suas m\u00e3os, se torna tamb\u00e9m met\u00e1fora da mem\u00f3ria e da exist\u00eancia. A obra re\u00fane poemas, cr\u00f4nicas e textos de jornalismo liter\u00e1rio que dialogam com a fotografia e a arte visual, em uma celebra\u00e7\u00e3o do olhar, da lembran\u00e7a e da sensibilidade.<\/p>\n<p>(Onde encontrar:\u00a0<a title=\"https:\/\/a.co\/d\/5YcfQ9n\" href=\"https:\/\/a.co\/d\/5YcfQ9n\" target=\"_blank\" rel=\"noreferrer noopener\" shape=\"rect\" data-auth=\"NotApplicable\" data-linkindex=\"3\">Amazon<\/a>)<\/p>\n<p><strong>Aula como conversa, de Sergio Felipe Moraes<\/strong><\/p>\n<p>Enquanto a tecnologia redefine o acesso ao conhecimento, o professor Sergio Felipe Moraes, educador, mestre e doutorando em Ensino de Hist\u00f3ria pela UFRJ, defende que a sala de aula precisa voltar a ser espa\u00e7o de escuta e de transforma\u00e7\u00e3o. No livro \u201cAula como Conversa\u201d, ele prop\u00f5e um novo olhar sobre o ensino na era digital: o professor como mediador do pensamento cr\u00edtico e produtor de saberes, n\u00e3o apenas transmissor de conte\u00fados.<\/p>\n<p>(Onde encontrar:\u00a0<a title=\"https:\/\/loja.uiclap.com\/titulo\/ua112221\/\" href=\"https:\/\/loja.uiclap.com\/titulo\/ua112221\/\" target=\"_blank\" rel=\"noreferrer noopener\" shape=\"rect\" data-auth=\"NotApplicable\" data-linkindex=\"4\">Uiclap<\/a>)<\/p>\n<p><strong>Ouro da Floresta, de Niara Su<\/strong><\/p>\n<p>Esta obra transforma a Amaz\u00f4nia em palco de um confronto entre gan\u00e2ncia e despertar espiritual ao acompanhar Jonas, um piloto envolvido com o garimpo ilegal no Tapaj\u00f3s, que se v\u00ea diante da destrui\u00e7\u00e3o ambiental e moral provocada pela busca do ouro. O livro exp\u00f5e as feridas abertas do garimpo ilegal e reafirma a necessidade de preservar o verdadeiro ouro da Amaz\u00f4nia: sua biodiversidade e sua gente.<\/p>\n<p>(Onde encontrar:\u00a0<a title=\"https:\/\/a.co\/d\/gmHzMcH\" href=\"https:\/\/a.co\/d\/gmHzMcH\" target=\"_blank\" rel=\"noreferrer noopener\" shape=\"rect\" data-auth=\"NotApplicable\" data-linkindex=\"5\">Amazon<\/a>)<\/p>\n<p><strong>Vale a pena viver?, de Rizalva Elting<\/strong><\/p>\n<p>Nesta autobiografia, Rizalva Elting narra a pr\u00f3pria trajet\u00f3ria marcada por perdas e desafios familiares, desde a inf\u00e2ncia at\u00e9 a vida adulta. Ao emigrar para os Estados Unidos e enfrentar novas dificuldades, a autora encontrou no budismo e na recita\u00e7\u00e3o do mantra Nam-Myoho-Rengue-Kyo a for\u00e7a para transformar dor em aprendizado. Entre supera\u00e7\u00f5es f\u00edsicas e emocionais, mostra como descobriu um caminho de cura, f\u00e9 e autoconhecimento, apesar do sofrimento.<\/p>\n<p>(Onde encontrar:\u00a0<a title=\"https:\/\/www.mercadolivre.com.br\/vale-a-pena-viver\/up\/MLBU3344482440\" href=\"https:\/\/www.mercadolivre.com.br\/vale-a-pena-viver\/up\/MLBU3344482440\" target=\"_blank\" rel=\"noreferrer noopener\" shape=\"rect\" data-auth=\"NotApplicable\" data-linkindex=\"6\">Mercado Livre<\/a>)<\/p>\n<p><strong>ANA: sua hist\u00f3ria pode ser outra hist\u00f3ria, de Cl\u00e9lia Gorski<\/strong><\/p>\n<p>O romance convida o leitor a refletir sobre o poder das segundas chances \u2014 aquelas que damos a n\u00f3s mesmos. A trama acompanha uma mulher que, ao revisitar o passado, se permite questionar os caminhos que escolheu e descobre que recome\u00e7ar pode ser o ato mais libertador de uma vida. O livro surge como um lembrete de que n\u00e3o existe idade ou momento certo para se reconectar com quem se \u00e9 \u2014 apenas coragem para reescrever o pr\u00f3prio roteiro.<\/p>\n<p>(Onde encontrar:\u00a0<a title=\"https:\/\/caravanagrupoeditorial.com.br\/produto\/ana-sua-historia-pode-ser-outra-historia\/\" href=\"https:\/\/caravanagrupoeditorial.com.br\/produto\/ana-sua-historia-pode-ser-outra-historia\/\" target=\"_blank\" rel=\"noreferrer noopener\" shape=\"rect\" data-auth=\"NotApplicable\" data-linkindex=\"7\">Caravana Grupo Editorial<\/a>)<\/p>\n<p><strong>A paix\u00e3o de<\/strong><strong>\u00a0Schr\u00f6dinger<\/strong><strong>, de Nala Macallan<\/strong><\/p>\n<p>O livro transforma a dor de um relacionamento em um experimento liter\u00e1rio que une f\u00edsica qu\u00e2ntica, psicologia e intelig\u00eancia artificial. A trama acompanha um f\u00edsico que, ap\u00f3s o t\u00e9rmino com uma mulher enigm\u00e1tica, decide recri\u00e1-la digitalmente \u2014 dando in\u00edcio a uma jornada alucinante entre raz\u00e3o e desespero. A autora desafia a ideia de amor rom\u00e2ntico e prop\u00f5e uma reflex\u00e3o sobre os limites entre humano e m\u00e1quina, entre o sentir e o programar.<\/p>\n<p>(Onde encontrar:\u00a0<a title=\"https:\/\/a.co\/d\/habjQ95\" href=\"https:\/\/a.co\/d\/habjQ95\" target=\"_blank\" rel=\"noreferrer noopener\" shape=\"rect\" data-auth=\"NotApplicable\" data-linkindex=\"8\">Amazon<\/a>)<\/p>\n<p><strong>A jornada eterna: experi\u00eancias de vida ap\u00f3s a morte, de Jo\u00e3o Ribeiro<\/strong><\/p>\n<p>Nesta publica\u00e7\u00e3o, Jo\u00e3o Ribeiro apresenta uma obra que combina profundidade espiritual, sensibilidade humana e rigor \u00e9tico. Logo nas primeiras p\u00e1ginas, o autor conduz o leitor a um territ\u00f3rio que existe al\u00e9m da mat\u00e9ria, onde consci\u00eancias desencarnadas compartilham suas trajet\u00f3rias na Terra e o despertar no plano espiritual. S\u00e3o relatos que revelam escolhas, la\u00e7os, ilus\u00f5es e verdades que s\u00f3 se tornam claras quando a vida f\u00edsica termina, mas a consci\u00eancia, n\u00e3o.<\/p>\n<p>(Onde encontrar:\u00a0<a title=\"https:\/\/a.co\/d\/irnmdZb\" href=\"https:\/\/a.co\/d\/irnmdZb\" target=\"_blank\" rel=\"noreferrer noopener\" shape=\"rect\" data-auth=\"NotApplicable\" data-linkindex=\"9\">Amazon<\/a>)<\/p>\n<p><strong>Abdullah: por que n\u00e3o sou mais mu\u00e7ulmano, de Cilvio Meireles<\/strong><\/p>\n<p>Cilvio Meireles narra a continua\u00e7\u00e3o da vida de Abdullah, um ex-extremista mu\u00e7ulmano que encontrou f\u00e9 em Jesus. O livro exp\u00f5e desafios, persegui\u00e7\u00f5es e amea\u00e7as enfrentados ap\u00f3s sua convers\u00e3o, revelando como a f\u00e9 transformou n\u00e3o apenas sua pr\u00f3pria vida, mas tamb\u00e9m a de sua fam\u00edlia. A obra combina relatos in\u00e9ditos da esposa de Abdullah, contexto hist\u00f3rico do L\u00edbano e reflex\u00f5es sobre o Isl\u00e3, oferecendo um panorama humano e cr\u00edtico sobre identidade, religi\u00e3o e liberdade individual.<\/p>\n<p>(Onde encontrar:\u00a0<a title=\"https:\/\/editorahikmah.com.br\" href=\"https:\/\/editorahikmah.com.br\/\" target=\"_blank\" rel=\"noreferrer noopener\" shape=\"rect\" data-auth=\"NotApplicable\" data-linkindex=\"10\">Editora Hikmah<\/a>)<\/p>\n<p><strong>Esperan\u00e7a, de Andr\u00e9 Portella<\/strong><\/p>\n<p>A hist\u00f3ria acompanha a jovem Esperan\u00e7a, que, mesmo diante da leucemia, mobiliza colegas, inspira solidariedade e cria espa\u00e7os de acolhimento em uma escola marcada por desigualdades e viol\u00eancia emocional. Ao lado de Lucca \u2014 garoto sens\u00edvel que sofre ataques por sua origem social \u2014, a protagonista mostra como empatia, afeto e pequenas a\u00e7\u00f5es coletivas podem transformar ambientes inteiros.<\/p>\n<p>(Onde encontrar:\u00a0<a title=\"https:\/\/a.co\/d\/65X2iMF\" href=\"https:\/\/a.co\/d\/65X2iMF\" target=\"_blank\" rel=\"noreferrer noopener\" shape=\"rect\" data-auth=\"NotApplicable\" data-linkindex=\"11\">Amazon<\/a>)<\/p>\n<hr \/>\n<h6><strong>Assessoria de imprensa - LC Ag\u00eancia de Comunica\u00e7\u00e3o | Foto: Divulga\u00e7\u00e3o - Pexels<\/strong><\/h6>\n\n\n<center><iframe loading=\"lazy\" class=\"jmvplayer\" src=\"https:\/\/player.jmvstream.com\/lvw\/YYGWo5wfZuZ8fEW7Qoq1ISwhLSEDhU\" allowfullscreen allow=\"autoplay; fullscreen\" frameborder=\"0\" width=\"640\" height=\"360\" ><\/iframe><\/center>\n<\/div><\/div>","protected":false},"excerpt":{"rendered":"<p>Se voc\u00ea est\u00e1 procurando o que dar para as pessoas queridas neste fim de ano, os livros s\u00e3o sempre uma boa op\u00e7\u00e3o; confira abaixo uma lista com sugest\u00f5es que agradam a todos os gostos As festas de fim de ano j\u00e1 come\u00e7aram, e as d\u00favidas sobre o que dar para as pessoas queridas tamb\u00e9m. Mas, [&hellip;]<\/p>\n","protected":false},"author":4,"featured_media":80705,"comment_status":"open","ping_status":"open","sticky":false,"template":"","format":"standard","meta":{"footnotes":""},"categories":[1],"tags":[],"class_list":["post-80704","post","type-post","status-publish","format-standard","has-post-thumbnail","hentry","category-sem-categoria"],"_links":{"self":[{"href":"http:\/\/sol.fm.br\/radio\/wp-json\/wp\/v2\/posts\/80704","targetHints":{"allow":["GET"]}}],"collection":[{"href":"http:\/\/sol.fm.br\/radio\/wp-json\/wp\/v2\/posts"}],"about":[{"href":"http:\/\/sol.fm.br\/radio\/wp-json\/wp\/v2\/types\/post"}],"author":[{"embeddable":true,"href":"http:\/\/sol.fm.br\/radio\/wp-json\/wp\/v2\/users\/4"}],"replies":[{"embeddable":true,"href":"http:\/\/sol.fm.br\/radio\/wp-json\/wp\/v2\/comments?post=80704"}],"version-history":[{"count":1,"href":"http:\/\/sol.fm.br\/radio\/wp-json\/wp\/v2\/posts\/80704\/revisions"}],"predecessor-version":[{"id":80707,"href":"http:\/\/sol.fm.br\/radio\/wp-json\/wp\/v2\/posts\/80704\/revisions\/80707"}],"wp:featuredmedia":[{"embeddable":true,"href":"http:\/\/sol.fm.br\/radio\/wp-json\/wp\/v2\/media\/80705"}],"wp:attachment":[{"href":"http:\/\/sol.fm.br\/radio\/wp-json\/wp\/v2\/media?parent=80704"}],"wp:term":[{"taxonomy":"category","embeddable":true,"href":"http:\/\/sol.fm.br\/radio\/wp-json\/wp\/v2\/categories?post=80704"},{"taxonomy":"post_tag","embeddable":true,"href":"http:\/\/sol.fm.br\/radio\/wp-json\/wp\/v2\/tags?post=80704"}],"curies":[{"name":"wp","href":"https:\/\/api.w.org\/{rel}","templated":true}]}}